{"id":190,"date":"2011-06-13T11:40:22","date_gmt":"2011-06-13T10:40:22","guid":{"rendered":"http:\/\/nafarherria.wordpress.com\/?p=190"},"modified":"2011-06-13T11:40:22","modified_gmt":"2011-06-13T10:40:22","slug":"socioregionalismo-o-la-culminacion-de-la-estrategia-del-quesito","status":"publish","type":"post","link":"https:\/\/blogs.noticiasdenavarra.com\/nafarherria\/2011\/06\/13\/socioregionalismo-o-la-culminacion-de-la-estrategia-del-quesito\/","title":{"rendered":"SOCIOREGIONALISMO O LA CULMINACI\u00d3N DE LA \u201cESTRATEGIA DEL QUESITO\u201d"},"content":{"rendered":"<p style=\"text-align:justify\"><a href=\"http:\/\/blogs.noticiasdenavarra.com\/nafarherria\/files\/2011\/06\/yolanda.jpg\"><img loading=\"lazy\" decoding=\"async\" class=\"aligncenter size-medium wp-image-191\" src=\"http:\/\/blogs.noticiasdenavarra.com\/nafarherria\/files\/2011\/06\/yolanda.jpg?w=300\" alt=\"\" width=\"300\" height=\"179\" srcset=\"https:\/\/blogs.noticiasdenavarra.com\/nafarherria\/files\/2011\/06\/yolanda.jpg 500w, https:\/\/blogs.noticiasdenavarra.com\/nafarherria\/files\/2011\/06\/yolanda-300x179.jpg 300w\" sizes=\"auto, (max-width: 300px) 100vw, 300px\" \/><\/a>D\u00edas atr\u00e1s hemos venido haciendo an\u00e1lisis sobre la evoluci\u00f3n de los espacios electorales en Euskadi, la irrupci\u00f3n de Bildu o el batacazo estrepitoso del socialismo vasco, pero no me gustar\u00eda que quedase sin comentario y an\u00e1lisis lo m\u00e1s novedoso que nos han deparado estas elecciones como es la aparici\u00f3n de un nuevo espacio pol\u00edtico en Nafarroa; el socioregionalismo.<\/p>\n<p style=\"text-align:justify\">El socialismo navarro a la deriva desde su separaci\u00f3n del PSE, sin referentes pol\u00edticos, asolado por los casos de corrupci\u00f3n, disminuido en su capacidad de decisi\u00f3n hasta la nausea por los intereses de Ferraz y sin rumbo pol\u00edtico de ning\u00fan tipo ha dado un paso m\u00e1s en su camino hacia la nada, o mejor hacia el abrazo del oso que le propone UPN, donde al parecer es donde se siente c\u00f3moda la clase pol\u00edtica socialista navarra a imagen de sus correligionarios de la UGT que ya hace tiempo medran a la sombra de su antiguo afiliado Miguel Sanz.<\/p>\n<p style=\"text-align:justify\"><!--more-->Por su parte, el partido que fund\u00f3 Jes\u00fas Aizp\u00fan a medias entre el pseudoforalismo ligth de los supervivientes del requet\u00e9 y el tardofranquismo criado en las aulas del Opus Dei y sobre todo radicalmente antivasco se ha ido convirtiendo en una formaci\u00f3n desideologizada\u00a0 m\u00e1s all\u00e1 de cuatro consignas ultracat\u00f3licas y se dedica en cuerpo y alma al negocio. NAVARRA S.A. y GOBIERNO ETT. Vaciado de todo contenido navarrista por su largo matrimonio con los populares su \u00fanica aspiraci\u00f3n es conservar el poder, sin proyecto pol\u00edtico alguno para Navarra que no pase por el enriquecimiento propio y de los amigotes (Exquisita y aleccionadora la Tesis Doctoralde Ricardo Feliu que cuelgo aqu\u00ed para los interesados en ver como se mueve la Navarra real;<\/p>\n<p style=\"text-align:justify\">\u00a0<a href=\"http:\/\/nabaizaleokeztabaida.files.wordpress.com\/2009\/12\/la-distribucion-social-del-poder-la-elite-navarra-en-el-cambio-de-siglo-1999-20042.pdf\">http:\/\/nabaizaleokeztabaida.files.wordpress.com\/2009\/12\/la-distribucion-social-del-poder-la-elite-navarra-en-el-cambio-de-siglo-1999-20042.pdf<\/a>).<\/p>\n<p style=\"text-align:justify\">Si ya hace unos a\u00f1os nos sorprend\u00eda a todos D. Miguel Sanz, el fino estratega corellano, con su magn\u00edfica \u201cEstrategia del Quesito\u201d (en la columna de al lado) nuestra capacidad de asombro se ve m\u00e1s que colmada al ver como sus predicciones se cumplen paso a paso y el PSN da un paso m\u00e1s hacia el socioregionalismo sanzista entre los cantos de sirena de su nueva mentora; Yolanda Barcina, probablemente la peor alcaldesa de la historia reciente dela vieja Iru\u00f1a.<\/p>\n<p style=\"text-align:justify\">El problema, ahora, est\u00e1 en saber como evolucionar\u00e1 el voto popular en Navarra, favorecido por las necesarias concesiones de UPN al socioregionalismo, y que capacidad tendr\u00e1 de socavar la estupenda posici\u00f3n en que estas elecciones han dejado a UPN que va a gobernar sin atadura alguna con los restos del naufragio socialista, arrumbada ya la \u201cmolesta\u201d compa\u00f1\u00eda de los de G\u00e9nova, y por supuesto ver como se recompone el espacio nacionalista con dos fuerzas emparejadas y con dos visiones distintas sobre como hacer crecer y evolucionar el nacionalismo vasco en Navarra, entre el posibilismo de Na Bai y el maximalismo de Bildu.<\/p>\n<p style=\"text-align:justify\">Tras veinte a\u00f1os de amagos y deserciones sonadas; los casos de Eguren o Arbeloa son solo la punta del iceberg no parece que el paso al frente protagonizado por Roberto Jim\u00e9nez ampliamente jaleado por la prensa del r\u00e9gimen (lease Diario de Navarra) hacia la conformaci\u00f3n de un gobierno socioregionalista y, lo que es m\u00e1s grave, cercenar la capacidad de dotar de Ayuntamientos progresistas en la mayor\u00eda de los consistorios navarros, tenga vuelta atr\u00e1s posible. El vaso de la paciencia con el PSN esta sobrado hace tiempo.<\/p>\n<p style=\"text-align:justify\">Pero si en efecto Miguel Sanz tiene raz\u00f3n y esa es la composici\u00f3n sociol\u00f3gica de la Navarra del S. XXI; el PSN ha llegado a su suelo electoral y la amplia red clientelar tejida por UPN durante 20 a\u00f1os\u00a0 ha fulminado las expectativas pol\u00edtico ideol\u00f3gicas del PP en Navarra sustituy\u00e9ndolas por el apacible acomodo a la sombra del poder, tendremos una mayor\u00eda estable para muchos a\u00f1os m\u00e1s.<\/p>\n<p style=\"text-align:justify\">En fin, que habremos retrocedido 80 a\u00f1os en nuestra historia y el ya casi olvidado carlismo ser\u00e1 otra vez el referente pol\u00edtico de esta tierra; \u201cDios (o San Josemar\u00eda que para el caso lo mismo da), Patria (la espa\u00f1ola, por supuesto, Fuericos (Amejorados eso si) y Rey (el Borb\u00f3n)\u201d.<\/p>\n<p><strong><em>Ander Muruzabal<\/em><\/strong><\/p>\n","protected":false},"excerpt":{"rendered":"<p>D\u00edas atr\u00e1s hemos venido haciendo an\u00e1lisis sobre la evoluci\u00f3n de los espacios electorales en Euskadi, la irrupci\u00f3n de Bildu o el batacazo estrepitoso del socialismo vasco, pero no me gustar\u00eda que quedase sin comentario y an\u00e1lisis lo m\u00e1s novedoso que nos han deparado estas elecciones como es la aparici\u00f3n de un nuevo espacio pol\u00edtico en &hellip; <a href=\"https:\/\/blogs.noticiasdenavarra.com\/nafarherria\/2011\/06\/13\/socioregionalismo-o-la-culminacion-de-la-estrategia-del-quesito\/\" class=\"more-link\">Sigue leyendo <span class=\"screen-reader-text\">SOCIOREGIONALISMO O LA CULMINACI\u00d3N DE LA \u201cESTRATEGIA DEL QUESITO\u201d<\/span><\/a><\/p>\n","protected":false},"author":71,"featured_media":0,"comment_status":"open","ping_status":"open","sticky":false,"template":"","format":"standard","meta":{"footnotes":""},"categories":[192],"tags":[229,3017,244,247,250,3020,263],"class_list":["post-190","post","type-post","status-publish","format-standard","hentry","category-politica-navarra","tag-miguel-sanz","tag-navarra","tag-psn","tag-roberto-jimenez","tag-socioregionalismo","tag-upn","tag-yolanda-barcina"],"_links":{"self":[{"href":"https:\/\/blogs.noticiasdenavarra.com\/nafarherria\/wp-json\/wp\/v2\/posts\/190","targetHints":{"allow":["GET"]}}],"collection":[{"href":"https:\/\/blogs.noticiasdenavarra.com\/nafarherria\/wp-json\/wp\/v2\/posts"}],"about":[{"href":"https:\/\/blogs.noticiasdenavarra.com\/nafarherria\/wp-json\/wp\/v2\/types\/post"}],"author":[{"embeddable":true,"href":"https:\/\/blogs.noticiasdenavarra.com\/nafarherria\/wp-json\/wp\/v2\/users\/71"}],"replies":[{"embeddable":true,"href":"https:\/\/blogs.noticiasdenavarra.com\/nafarherria\/wp-json\/wp\/v2\/comments?post=190"}],"version-history":[{"count":0,"href":"https:\/\/blogs.noticiasdenavarra.com\/nafarherria\/wp-json\/wp\/v2\/posts\/190\/revisions"}],"wp:attachment":[{"href":"https:\/\/blogs.noticiasdenavarra.com\/nafarherria\/wp-json\/wp\/v2\/media?parent=190"}],"wp:term":[{"taxonomy":"category","embeddable":true,"href":"https:\/\/blogs.noticiasdenavarra.com\/nafarherria\/wp-json\/wp\/v2\/categories?post=190"},{"taxonomy":"post_tag","embeddable":true,"href":"https:\/\/blogs.noticiasdenavarra.com\/nafarherria\/wp-json\/wp\/v2\/tags?post=190"}],"curies":[{"name":"wp","href":"https:\/\/api.w.org\/{rel}","templated":true}]}}