{"id":168,"date":"2011-05-25T10:19:24","date_gmt":"2011-05-25T09:19:24","guid":{"rendered":"http:\/\/nafarherria.wordpress.com\/?p=168"},"modified":"2011-05-25T10:19:24","modified_gmt":"2011-05-25T09:19:24","slug":"y-llego-el-23","status":"publish","type":"post","link":"https:\/\/blogs.noticiasdenavarra.com\/nafarherria\/2011\/05\/25\/y-llego-el-23\/","title":{"rendered":"Y LLEG\u00d3 EL 23"},"content":{"rendered":"<p style=\"text-align:justify\"><a href=\"http:\/\/blogs.noticiasdenavarra.com\/nafarherria\/files\/2011\/05\/23.jpg\"><img loading=\"lazy\" decoding=\"async\" class=\"alignleft size-thumbnail wp-image-170\" src=\"http:\/\/blogs.noticiasdenavarra.com\/nafarherria\/files\/2011\/05\/23.jpg?w=150\" alt=\"\" width=\"150\" height=\"150\" srcset=\"https:\/\/blogs.noticiasdenavarra.com\/nafarherria\/files\/2011\/05\/23.jpg 225w, https:\/\/blogs.noticiasdenavarra.com\/nafarherria\/files\/2011\/05\/23-150x150.jpg 150w\" sizes=\"auto, (max-width: 150px) 100vw, 150px\" \/><\/a>Ya hace unos d\u00edas escrib\u00eda en este mismo blog un art\u00edculo que ten\u00eda como t\u00edtulo \u201cY el d\u00eda 23 \u00bfQu\u00e9?\u201d en el que se hac\u00edan unas cuantas consideraciones sobre lo que podr\u00eda pasar en Nafarroa en las elecciones municipales y forales y lo que a posteriori podr\u00edan suponer en el panorama pol\u00edtico navarro.<\/p>\n<p style=\"text-align:justify\">No sab\u00eda si enfocar este art\u00edculo desde una perspectiva global, confieso que era mi primera idea, o centrarme exclusivamente en los que m\u00e1s de cerca nos ata\u00f1e; Nafarroa Bai, y me he decidido por lo segundo. Dejaremos para m\u00e1s adelante resultados de otros y el cambio sociol\u00f3gico que est\u00e1 empezando a asomar en Nafarroa porque presumo que vamos a tener unos pr\u00f3ximos d\u00edas agitados y dada la afici\u00f3n de algunos pol\u00edticos navarros por el teatro y las artes esc\u00e9nicas, tiempo habr\u00e1 para hablar de todo ello.<\/p>\n<p style=\"text-align:justify\"><!--more-->La primera conclusi\u00f3n que podemos sacar de los resultados electorales navarros es que a pesar de los agoreros varios y las predicciones apocal\u00edpticas, Nafarroa Bai ha aguantado el tir\u00f3n Bildu con toda normalidad. Nafarroa Bai sigue siendo la fuerza mayoritaria del abertzalismo en Navarra. Es algo que los nabaizales deber\u00edamos aclarar porque, a veces, el ruido que es capaz de organizar la IA en torno a sus 7 esca\u00f1os nos hace olvidar que tenemos 8 o que en Iru\u00f1a Nafarroa Bai ha m\u00e1s que doblado a Bildu.<\/p>\n<p style=\"text-align:justify\">El segundo aspecto a tener en cuenta es que en Nafarroa se ha consolidado el espacio nacionalista 15 Parlamentarios (10 Concejales en Iru\u00f1a) m\u00e1s grande que jam\u00e1s hab\u00eda pisado las instituciones navarras. Al final, el efecto Bildu en Nafarroa se ha visto limitado a recuperar sus propias posiciones de antes de la ilegalizaci\u00f3n mientras que lo que se ha desarrollado en el vasquismo navarro hasta entonces \u201cabducido\u201d por la IA ha sido una opci\u00f3n pol\u00edtica enraizada en Navarra, posibilista, transversal y pragm\u00e1tica que ha tomado el relevo en el liderazgo del nacionalismo en Navarra. El caso de la capital es probablemente el mejor ejemplo para verlo.<\/p>\n<p style=\"text-align:justify\">A partir de ah\u00ed, y sin ning\u00fan \u00e1nimo de flagelaci\u00f3n pero si de autocr\u00edtica, podemos pensar en que ha pasado en Sakana, en Baztan o Atarrabia por poner tres ejemplos de malos resultados con distintos motivos aparentes y el mismo fondo\u2026 y obrar en consecuencia.<\/p>\n<p style=\"text-align:justify\">No es posible que el recelo mutuo entre los partidos que forman la coalici\u00f3n haya llevado a coartar las organizaciones municipales nabaizales, los famosos nabaigunes, cercenando cualquier posibilidad de entendimiento entre diferentes que no fuese \u201ctutelada\u201d y matando la posibilidad de que se articulasen movimientos \u00a0nabaizales capaces de generar el mismo trabajo, la misma posici\u00f3n pol\u00edtica y la misma ilusi\u00f3n pero con una \u00f3ptica local. No olvidemos que Bildu lo ha conseguido en tres meses escasos, nosotros tuvimos cuatro a\u00f1os y la diferencia achacable a ese trabajo esta ah\u00ed. No hay m\u00e1s que leer los resultados municipales y los forales. \u00bfDe que resultado estar\u00edamos hablando si hubi\u00e9ramos sido capaces de articular listas cohesionadas, implicadas en su pueblo, con programa y bien lideradas como en Iru\u00f1a o Lodosa por poner dos ejemplos de buenos resultados con distintos motivos aparentes y el mismo fondo?.<\/p>\n<p style=\"text-align:justify\">Pero ya no es hora de echar la vista atr\u00e1s, ahora toca la acci\u00f3n pol\u00edtica externa, mucho me temo que otros cuatro a\u00f1os de oposici\u00f3n y Cortijo Floral, yla interna. Dela externa hablaremos en otro art\u00edculo cuando sepamos el papel que nos han designado para la pr\u00f3xima legislatura y ocuparse de la interna es una de las tareas m\u00e1s urgentes con que nos vamos a encontrar los nabaizales hasta 2015.<\/p>\n<p style=\"text-align:justify\">Creo que el \u201csiniestro total\u201d protagonizado por todas las fuerzas nacionalistas distintas a Bildu y PNV en la CAPV ha marcado el campo de juego del nacionalismo vasco para los pr\u00f3ximos a\u00f1os en esa Comunidad Aut\u00f3noma pero no olvidemos que en el pa\u00eds hay otra con otros actores y otro enfoque de autogobierno. Que los partidos vencedores o vencidos en la CAPV tomen decisiones en Navarra en funci\u00f3n de esa \u201cvictoria\u201d o \u201cderrota\u201d en la CAPV no ser\u00e1 m\u00e1s que la en\u00e9sima muestra de ceguera pol\u00edtica.<\/p>\n<p style=\"text-align:justify\">En Nafarroa no ha ganado el PNV ni Bildu, ni siquiera han perdido Aralar o H1, en el mundo abertzale de Nafarroa ha ganado Na Bai, y Na Bai es un poco de todos incluso de aquellos que votaron Bildu pensando que las ideas de EA hab\u00edan sido excluidas de Na Bai o aquellos otros que desde IE todav\u00eda tuvieron la tentaci\u00f3n, en el \u00faltimo momento, de votar a Uxue.<\/p>\n<p style=\"text-align:justify\">Los que cre\u00edmos en Na Bai 2004, 2007, 2008 o 2011 creemos que el d\u00eda 23 es cuando de verdad podemos empezar a construirla Na Baique desaloje a UPN del poder. Es f\u00e1cil que en las actuales circunstancias unos tengan la \u201ctentaci\u00f3n\u201d de abandonar el barco y otros de capitalizar el proyecto, ha llegado la hora de definir definitivamente si esto era una coalici\u00f3n t\u00e1ctica, disolverla y cobrar los r\u00e9ditos o era un proyecto estrat\u00e9gico para el futuro de Navarra, es la hora de la generosidad\u2026<\/p>\n<p style=\"text-align:justify\">Y si decidimos que si, que nos gusta Na Bai, que nos quedamos en Na Bai, es hora de olvidar cuotas, parcelas y chiringuitos variados, es hora de dar voz a los nabaizales; arlalarkides, jeltzales, h1, independientes, la gente de Atarrabia\u2026 y con una f\u00f3rmula sencill\u00edsima; un nabaizale, un voto, es hora de desarrollar nuestra potencia local implantando nabaigunes en todos los pueblos de Navarra, desde su perspectiva y en su entorno\u2026 y es hora de clarificar las posiciones de consenso, en una palabra, es hora de articular Na Bai.<\/p>\n<p style=\"text-align:justify\">No olvidemos que seguimos siendo la \u00fanica fuerza capaz de cambiar Nafarroa.<\/p>\n<p><strong><em>Ander Muruzabal<\/em><\/strong><\/p>\n","protected":false},"excerpt":{"rendered":"<p>Ya hace unos d\u00edas escrib\u00eda en este mismo blog un art\u00edculo que ten\u00eda como t\u00edtulo \u201cY el d\u00eda 23 \u00bfQu\u00e9?\u201d en el que se hac\u00edan unas cuantas consideraciones sobre lo que podr\u00eda pasar en Nafarroa en las elecciones municipales y forales y lo que a posteriori podr\u00edan suponer en el panorama pol\u00edtico navarro. No sab\u00eda &hellip; <a href=\"https:\/\/blogs.noticiasdenavarra.com\/nafarherria\/2011\/05\/25\/y-llego-el-23\/\" class=\"more-link\">Sigue leyendo <span class=\"screen-reader-text\">Y LLEG\u00d3 EL 23<\/span><\/a><\/p>\n","protected":false},"author":71,"featured_media":0,"comment_status":"open","ping_status":"open","sticky":false,"template":"","format":"standard","meta":{"footnotes":""},"categories":[186,187,188,192],"tags":[197,199,221,3009,3017,240,260],"class_list":["post-168","post","type-post","status-publish","format-standard","hentry","category-izquierda-abertzale","category-nacionalismo-vasco","category-nafarroa-bai","category-politica-navarra","tag-aralar","tag-bildu","tag-independientes-na-bai","tag-nafarroa-bai","tag-navarra","tag-pnv","tag-uxue-barkos"],"_links":{"self":[{"href":"https:\/\/blogs.noticiasdenavarra.com\/nafarherria\/wp-json\/wp\/v2\/posts\/168","targetHints":{"allow":["GET"]}}],"collection":[{"href":"https:\/\/blogs.noticiasdenavarra.com\/nafarherria\/wp-json\/wp\/v2\/posts"}],"about":[{"href":"https:\/\/blogs.noticiasdenavarra.com\/nafarherria\/wp-json\/wp\/v2\/types\/post"}],"author":[{"embeddable":true,"href":"https:\/\/blogs.noticiasdenavarra.com\/nafarherria\/wp-json\/wp\/v2\/users\/71"}],"replies":[{"embeddable":true,"href":"https:\/\/blogs.noticiasdenavarra.com\/nafarherria\/wp-json\/wp\/v2\/comments?post=168"}],"version-history":[{"count":0,"href":"https:\/\/blogs.noticiasdenavarra.com\/nafarherria\/wp-json\/wp\/v2\/posts\/168\/revisions"}],"wp:attachment":[{"href":"https:\/\/blogs.noticiasdenavarra.com\/nafarherria\/wp-json\/wp\/v2\/media?parent=168"}],"wp:term":[{"taxonomy":"category","embeddable":true,"href":"https:\/\/blogs.noticiasdenavarra.com\/nafarherria\/wp-json\/wp\/v2\/categories?post=168"},{"taxonomy":"post_tag","embeddable":true,"href":"https:\/\/blogs.noticiasdenavarra.com\/nafarherria\/wp-json\/wp\/v2\/tags?post=168"}],"curies":[{"name":"wp","href":"https:\/\/api.w.org\/{rel}","templated":true}]}}