{"id":123,"date":"2011-01-26T11:04:01","date_gmt":"2011-01-26T11:04:01","guid":{"rendered":"http:\/\/nafarherria.wordpress.com\/?p=123"},"modified":"2011-01-26T11:04:01","modified_gmt":"2011-01-26T11:04:01","slug":"un-veto-inasumible","status":"publish","type":"post","link":"https:\/\/blogs.noticiasdenavarra.com\/nafarherria\/2011\/01\/26\/un-veto-inasumible\/","title":{"rendered":"Un veto inasumible"},"content":{"rendered":"<p style=\"text-align:justify\"><a href=\"http:\/\/blogs.noticiasdenavarra.com\/nafarherria\/files\/2011\/03\/veto.jpg\"><img loading=\"lazy\" decoding=\"async\" class=\"alignright size-full wp-image-124\" src=\"http:\/\/blogs.noticiasdenavarra.com\/nafarherria\/files\/2011\/03\/veto.jpg\" alt=\"\" width=\"200\" height=\"200\" srcset=\"https:\/\/blogs.noticiasdenavarra.com\/nafarherria\/files\/2011\/03\/veto.jpg 200w, https:\/\/blogs.noticiasdenavarra.com\/nafarherria\/files\/2011\/03\/veto-150x150.jpg 150w\" sizes=\"auto, (max-width: 200px) 100vw, 200px\" \/><\/a>Con la muerte del Dictador y el comienzo de la Transici\u00f3n, el nacionalismo vasco dej\u00f3 atr\u00e1s cuarenta a\u00f1os de exilio exterior y resistencia interior para volver a protagonizar el futuro de este pa\u00eds y su construcci\u00f3n. Hoy, treinta y cinco a\u00f1os despu\u00e9s, hemos avanzado notablemente en esa tarea, aunque no sea este nuestro mejor momento, pero a fuerza de ser sinceros pocos esper\u00e1bamos que a estas alturas del S. XXI la Euskadi que ve\u00edamos en esos momentos de ilusi\u00f3n recuperada fuese la que tenemos.<\/p>\n<p style=\"text-align:justify\">\u00bfQu\u00e9 hemos hecho mal? \u00bfQu\u00e9 errores hemos cometido en el camino?<\/p>\n<p style=\"text-align:justify\"><!--more-->En mi opini\u00f3n, fundamentalmente dos; la pervivencia de ETA y el enquistamiento de la ideolog\u00eda totalitaria y anacr\u00f3nica que la sustenta y la incapacidad de percibir que la institucionalizaci\u00f3n del pa\u00eds ten\u00eda dos velocidades distintas en funci\u00f3n del propio desarrollo del nacionalismo en los diferentes territorios hist\u00f3ricos.<\/p>\n<p style=\"text-align:justify\">El primero achacable al nacionalismo vasco en general, por acci\u00f3n o por omisi\u00f3n, ha estado presente en la mente de todos, d\u00eda tras d\u00eda, con sus secuelas de violencia, extorsi\u00f3n y asesinato, y con la algarada (movilizaciones populares para unos y terrorismo de baja intensidad para otros) como herramienta de acci\u00f3n pol\u00edtica.<\/p>\n<p style=\"text-align:justify\">Las consecuencias tambi\u00e9n est\u00e1n a la vista de todos; negaci\u00f3n de derechos y libertades fundamentales, detenciones indiscriminadas, cierre de medios de comunicaci\u00f3n, juicios fantasmales, criminalizaci\u00f3n de todo el nacionalismo en su conjunto y, finalmente, el frentismo espa\u00f1olista liderando las instituciones vascas: PSE\/PP en la CAPV y UPN\/PSN en la CFN.<\/p>\n<p style=\"text-align:justify\">El segundo, latente tambi\u00e9n en todo el conjunto del nacionalismo vasco, tuvo su m\u00e1xima expresi\u00f3n en el disparate protagonizado en 1983 por el Partido Nacionalista Vasco al disolver su organizaci\u00f3n navarra en funci\u00f3n de no se que <em>\u201cjumelage\u201d<\/em> de intercambio de cargos sin entender que lo que pod\u00eda ser natural y cre\u00edble en la CAPV no era ni lo uno ni lo otro en la CFN.<\/p>\n<p style=\"text-align:justify\">Las consecuencias tambi\u00e9n estan a la vista de todos; desaparici\u00f3n de EAJ en Navarra, escisi\u00f3n de EA y la conversi\u00f3n de UPN, entonces una fuerza emergente pero minoritaria y que parec\u00eda destinada a una desaparici\u00f3n m\u00e1s temprana que otra cosa (Otros proyectos mejor estructurados e ideol\u00f3gicamente m\u00e1s potentes situados en el mismo espectro sociol\u00f3gico como el CDN viven hoy sus \u00faltimos d\u00edas a la espera de la sentencia definitiva de las urnas), en la fuerza hegem\u00f3nica de la pol\u00edtica navarra, con las consecuencias que esto ha tenido no solo para el nacionalismo pol\u00edtico sino para la pervivencia de la cultura y la lengua vascas en Navarra.<\/p>\n<p style=\"text-align:justify\">Y en estas est\u00e1bamos cuando hace siete a\u00f1os una serie de factores diversos, estrechamente vinculados a la marginalidad del nacionalismo vasco pol\u00edtico en Navarra y esta a su vez con la hegemon\u00eda del MLNV en el \u00e1mbito abertzale de la Comunidad Foral, probablemente coyunturales, era necesario visualizar en Madrid la \u201cotra\u201d Navarra, dieron origen a Nafarroa Bai.<\/p>\n<p style=\"text-align:justify\">Ante la sorpresa de propios y extra\u00f1os, el experimento fue todo un \u00e9xito y supuso un soplo de aire fresco, el relanzamiento moral del vasquismo pol\u00edtico en Navarra y un vuelco total del equilibrio electoral en Navarra y como consecuencia de ello la voladura del pacto de hierro UPN-PP que monopolizaba la vida pol\u00edtica navarra. Por primera vez en 35 a\u00f1os los navarros pudimos ver el cambio como algo posible.<\/p>\n<p style=\"text-align:justify\">Pero Nafarroa Bai ten\u00eda tres se\u00f1as de identidad que de alguna manera <em>\u201cborraban\u201d<\/em> los errores cometidos y le daban credibilidad:<\/p>\n<p style=\"text-align:justify\">La transversalidad, entendida como acuerdo entre diferentes que permiti\u00f3 a navarros vasquistas, abertzales, progresistas y de izquierdas entenderse para lograr objetivos comunes; finalizar la inconclusa transici\u00f3n navarra abortada por la imposici\u00f3n del Amejoramiento y normalizar la vida pol\u00edtica de Navarra sacando del <em>\u201cgheto\u201d<\/em> al nacionalismo vasco y posibilitando nuevas f\u00f3rmulas de gobierno y el ansiado cambio.<\/p>\n<p style=\"text-align:justify\">La concepci\u00f3n de Navarra como sujeto pol\u00edtico de decisi\u00f3n desacreditando el arma del navarrismo esgrimida por UPN como camuflaje de su flagrante espa\u00f1olismo.<\/p>\n<p style=\"text-align:justify\">Y la figura de su Diputada; Uxue Barkos, con capacidad y carisma para dar cara a ese proyecto integrador, con un brillante curr\u00edculo parlamentario, con la renovaci\u00f3n como bandera, sin historia pol\u00edtica anterior y con un contrastado tir\u00f3n electoral. A d\u00eda de hoy sigue siendo la pol\u00edtica navarra mejor valorada.<\/p>\n<p style=\"text-align:justify\">El s\u00e1bado, Pello Urizar, a la saz\u00f3n presidente de EA consigui\u00f3 de un solo plumazo cargarse las tres:<\/p>\n<p style=\"text-align:justify\">La transversalidad al entregar Nafarroa Bai a Batasuna alegando que la candidata\/o al Ayuntamiento de Iru\u00f1a \u201cdebe apoyar la acumulaci\u00f3n de fuerzas y su estrategia com\u00fan con Batasuna de integraci\u00f3n de esta en Na Bai\u201d.<\/p>\n<p style=\"text-align:justify\">La condici\u00f3n de Navarra como sujeto pol\u00edtico de decisi\u00f3n al hacerlo en contra de la decisi\u00f3n de las bases navarras de EA aprobada en Asamblea y por unanimidad.<\/p>\n<p style=\"text-align:justify\">Y el ticket electoral de Na Bai al recaer el veto sobre Uxue Barkos.<\/p>\n<p style=\"text-align:justify\">No se le puede negar precisi\u00f3n a la actuaci\u00f3n despu\u00e9s de liquidar los tres elementos identificativos de Na Bai en una sola decisi\u00f3n. Esperemos que Batasuna le pague tan preciado servicio.<\/p>\n<p style=\"text-align:justify\">Entre tanto, a los que seguimos creyendo en Na Bai como herramienta de cambio creo que ya no nos han dejado m\u00e1s que un camino\u2026<\/p>\n<p><em><strong>Ander Muruzabal<\/strong><\/em><\/p>\n","protected":false},"excerpt":{"rendered":"<p>Con la muerte del Dictador y el comienzo de la Transici\u00f3n, el nacionalismo vasco dej\u00f3 atr\u00e1s cuarenta a\u00f1os de exilio exterior y resistencia interior para volver a protagonizar el futuro de este pa\u00eds y su construcci\u00f3n. Hoy, treinta y cinco a\u00f1os despu\u00e9s, hemos avanzado notablemente en esa tarea, aunque no sea este nuestro mejor momento, &hellip; <a href=\"https:\/\/blogs.noticiasdenavarra.com\/nafarherria\/2011\/01\/26\/un-veto-inasumible\/\" class=\"more-link\">Sigue leyendo <span class=\"screen-reader-text\">Un veto inasumible<\/span><\/a><\/p>\n","protected":false},"author":71,"featured_media":0,"comment_status":"open","ping_status":"open","sticky":false,"template":"","format":"standard","meta":{"footnotes":""},"categories":[184,186,188,192],"tags":[3006,3009,259,260],"class_list":["post-123","post","type-post","status-publish","format-standard","hentry","category-eusko-alkartasuna","category-izquierda-abertzale","category-nafarroa-bai","category-politica-navarra","tag-eusko-alkartasuna","tag-nafarroa-bai","tag-urizar","tag-uxue-barkos"],"_links":{"self":[{"href":"https:\/\/blogs.noticiasdenavarra.com\/nafarherria\/wp-json\/wp\/v2\/posts\/123","targetHints":{"allow":["GET"]}}],"collection":[{"href":"https:\/\/blogs.noticiasdenavarra.com\/nafarherria\/wp-json\/wp\/v2\/posts"}],"about":[{"href":"https:\/\/blogs.noticiasdenavarra.com\/nafarherria\/wp-json\/wp\/v2\/types\/post"}],"author":[{"embeddable":true,"href":"https:\/\/blogs.noticiasdenavarra.com\/nafarherria\/wp-json\/wp\/v2\/users\/71"}],"replies":[{"embeddable":true,"href":"https:\/\/blogs.noticiasdenavarra.com\/nafarherria\/wp-json\/wp\/v2\/comments?post=123"}],"version-history":[{"count":0,"href":"https:\/\/blogs.noticiasdenavarra.com\/nafarherria\/wp-json\/wp\/v2\/posts\/123\/revisions"}],"wp:attachment":[{"href":"https:\/\/blogs.noticiasdenavarra.com\/nafarherria\/wp-json\/wp\/v2\/media?parent=123"}],"wp:term":[{"taxonomy":"category","embeddable":true,"href":"https:\/\/blogs.noticiasdenavarra.com\/nafarherria\/wp-json\/wp\/v2\/categories?post=123"},{"taxonomy":"post_tag","embeddable":true,"href":"https:\/\/blogs.noticiasdenavarra.com\/nafarherria\/wp-json\/wp\/v2\/tags?post=123"}],"curies":[{"name":"wp","href":"https:\/\/api.w.org\/{rel}","templated":true}]}}