{"id":120,"date":"2010-11-24T10:57:48","date_gmt":"2010-11-24T10:57:48","guid":{"rendered":"http:\/\/nafarherria.wordpress.com\/?p=120"},"modified":"2010-11-24T10:57:48","modified_gmt":"2010-11-24T10:57:48","slug":"la-pescadilla-que-se-muerde-la-cola-y-la-hoja-de-ruta","status":"publish","type":"post","link":"https:\/\/blogs.noticiasdenavarra.com\/nafarherria\/2010\/11\/24\/la-pescadilla-que-se-muerde-la-cola-y-la-hoja-de-ruta\/","title":{"rendered":"La pescadilla que se muerde la cola y la hoja de ruta"},"content":{"rendered":"<p style=\"text-align:justify\"><a href=\"http:\/\/blogs.noticiasdenavarra.com\/nafarherria\/files\/2011\/03\/pescadilla.jpg\"><img loading=\"lazy\" decoding=\"async\" class=\"alignleft size-full wp-image-121\" src=\"http:\/\/blogs.noticiasdenavarra.com\/nafarherria\/files\/2011\/03\/pescadilla.jpg\" alt=\"\" width=\"191\" height=\"264\" \/><\/a>Uno de los elementos m\u00e1s novedosos y sorprendentes del nuevo dise\u00f1o de <em>\u201cproceso\u201d<\/em> que la IA a puesto en marcha al alim\u00f3n con sus primos ferreteros y el nuevo reparto de papeles en el m\u00e1s puro estilo <em>\u201cPimpinela\u201d<\/em>, donde las escenificaciones <em>\u201cpoli bueno\u201d<\/em> \/ <em>\u201cpoli malo\u201d<\/em> han adquirido carta de naturaleza, son los ritmos del mismo.<\/p>\n<p style=\"text-align:justify\">Hasta ahora hab\u00edamos estado acostumbrados a un periodo previo de rumorolog\u00eda que finalizaba con la representaci\u00f3n estelar, siempre la misma, con la misma escenograf\u00eda y el mismo gui\u00f3n, es evidente que la comunicaci\u00f3n audiovisual no es fuerte, y las carreras apresuradas de todos los agentes pol\u00edticos del Estado para sentarse en la mesa de negociaci\u00f3n, desde Felipe hasta Zapatero pasando, como no, por Aznar. Pero esta vez es distinto, las cosas han cambiado.<\/p>\n<p style=\"text-align:justify\"><!--more-->La IAO ya sabe desde Loiola que el esquema de Anoeta es inviable porque el pueblo vasco ha decidido que la <em>\u201cmesa de negociaci\u00f3n\u201d<\/em> es el Parlamento Vasco, por lo que evidentemente la no presencia de la IAO en ese foro es un aut\u00e9ntico problema, sobre todo para ellos puesto que ETA ya no tiene capacidad de <em>\u201cforzar\u201d<\/em> una salida negociada, perdieron su \u00faltimo tren en Lizarra.<\/p>\n<p style=\"text-align:justify\">As\u00ed pues, la \u00fanica salida que se puede adaptar a sus par\u00e1metros pol\u00edticos pasa por <em>\u201cfulminar\u201d<\/em> a Aralar y <em>\u201csustituir\u201d<\/em> al PNV pero en las Instituciones, para eso necesita el voto popular. As\u00ed las cosas la IAO hace inventario de los <em>\u201cactivos\u201d<\/em> pol\u00edticos que le quedan y ante su sorpresa ven que el desierto del Gobi es un arenero de Colegio de educaci\u00f3n infantil en comparaci\u00f3n con su capacidad pol\u00edtica\u2026 despu\u00e9s de 35 a\u00f1os de hacer el bestia su cr\u00e9dito pol\u00edtico es cero. Aralar les ha sustituido como referente pol\u00edtico de la Izquierda Abertzale, Na Bai ha hecho trizas su tradicional feudo napartarra, su nivel de interlocuci\u00f3n con la izquierda espa\u00f1ola muri\u00f3 en Argel y con el PNV en Lizarra, as\u00ed que sus activos pol\u00edticos son:<\/p>\n<ol style=\"text-align:justify\">\n<li>Las ganas que tiene Eguiguren de que le den el Nobel de la Paz.<\/li>\n<li>Las de Garaikoetxea de pasar a la historia como el l\u00edder que consigui\u00f3 la independencia.<\/li>\n<li>Y el hast\u00edo de la sociedad vasca de la violencia.<\/li>\n<li>A\u00f1adiendo a todo ello que Eguiguren no pinta nada en su partido y que en el caso de Garaikoetxea es su partido el que no pinta nada\u2026<\/li>\n<\/ol>\n<p style=\"text-align:justify\">Visto lo cual, alg\u00fan fino estratega, del nivel del que redacta los \u00faltimos ZUTABES, decide plantear una estrategia en tres \u00e1mbitos:<\/p>\n<ol style=\"text-align:justify\">\n<li>Movilizaci\u00f3n social en base a redes y plataformas (Hamaika bil gaitetzen, Independentistak, Adieratzi EH, Acuerdo de Gernika, Lortu Arte, Furgo Bira o la Procesi\u00f3n de San Saturnino si se diera el caso\u2026 esto si saben montarlo, son muchos a\u00f1os vampirizando movimientos sociales.<\/li>\n<li>Acumulaci\u00f3n de fuerzas soberanistas (La Helader\u00eda).<\/li>\n<li>Cese escalonado de la actividad de ETA.<\/li>\n<\/ol>\n<p style=\"text-align:justify\">Y en esas estamos, amagando el cese de la violencia para sacar r\u00e9ditos pol\u00edticos. \u00bfPero no hab\u00edamos quedado en que la Paz no puede tener condiciones o es que el precio pol\u00edtico que ETA ha venido exigiendo hist\u00f3ricamente al Estado lo vamos a tener que pagar ahora los nacionalistas?<\/p>\n<p style=\"text-align:justify\">As\u00ed pues se plantea una contradicci\u00f3n y un dilema; <em>\u201clo \u00fanico que pueden ofrecer es el cese de la violencia y si esta cesa no tienen nada que ofrecer, pero si no cesa nadie les va a ofrecer nada\u201d<\/em>.<\/p>\n<p style=\"text-align:justify\">El error de concepto desde Anoeta hasta hoy es la teor\u00eda de las mesas pol\u00edticas diferenciadas. ETA no tiene nada que negociar si existe, y si no existe \u00bfQui\u00e9n va a negociar?. Y la IAO no tiene nada que negociar mientras exista ETA, ni siquiera es legal, y si no existe ETA su sitio est\u00e1 en el Parlamento y con sus votos, que es donde debiera haber estado siempre, pero ha preferido la fuerza de las armas que la fuerza de los votos, \u00bfQuiz\u00e1s porque con sus votos no le llegaba?<\/p>\n<p style=\"text-align:justify\">Con esta pescadilla que se muerde la cola, s\u00f3lo nos queda reflexionar e intentar hacer un ejercicio de futurolog\u00eda en el m\u00e1s puro estilo <em>\u201cNostradamus\u201d<\/em>, dise\u00f1ar la <em>\u201choja de ruta\u201d<\/em> que puede encajar en los \u00faltimos movimientos que estamos viendo. Y s\u00ed, perfectamente podr\u00eda ser esta\u2026<\/p>\n<ul style=\"text-align:justify\">\n<li>Escenificaci\u00f3n del Polo soberanista (Euskalduna).<\/li>\n<li>Comunicado Light de ETA para encender los \u00e1nimos.<\/li>\n<li>Entusiasmo de Lokarrianos, Currin y alg\u00fan otro <em>\u201casalariado\u201d<\/em>.<\/li>\n<li>Puntualizaciones y nuevas exigencias a ETA por parte del Polo.<\/li>\n<li>Manifestaciones para todos los gustos y colores, <em>\u201ctomar la calle\u201d<\/em>, de apoyo.<\/li>\n<li>2\u00ba comunicado de ETA, esta vez m\u00e1s en serio.<\/li>\n<li>Cantos de sirena para Aralar y Na Bai, petici\u00f3n formal de EA para incorporar a Batasuna en Na Bai, negativa de Na Bai a su entrada.<\/li>\n<li>Ilegalizaci\u00f3n de listas en la CAPV.<\/li>\n<li>Presentaci\u00f3n de listas propias de EA en la CAPV y Nafarroa.<\/li>\n<li>Ruptura de Na Bai, con o sin Aralar dentro. Si Aralar se queda, salida de EA.<\/li>\n<li>M\u00e1s pasitos de ETA.<\/li>\n<li>Recomendaci\u00f3n de voto a EA.<\/li>\n<li>Victoria del Polo Soberanista, <em>\u201cfulminaci\u00f3n\u201d<\/em> de Aralar y <em>\u201csustituci\u00f3n\u201d<\/em> del PNV en Ayuntamientos y Diputaciones.<\/li>\n<li>EA (Polo, corte o cucurucho) plantea un nuevo escenario institucional para Euskal Herria con el apoyo <em>\u201cincondicional\u201d<\/em> de Batasuna y el <em>\u201cplacet\u201d<\/em> de ETA.<\/li>\n<li>Anuncio de disoluci\u00f3n definitiva de ETA.<\/li>\n<li>Negociaci\u00f3n pol\u00edtica Polo-Estado con concesiones CERO pero, eso si, convenientemente jaleadas y publicitadas.<\/li>\n<li>Negociaci\u00f3n armas por presos con el encargado de apagar la luz.<\/li>\n<li>Noche de cuchillos largos y purga pol\u00edtica de aralarkides que creyendo en el proceso se apuntaron al polo, eakides (estos dar\u00e1n poca guerra porque ser\u00e1n cuatro) residuales y alg\u00fan capullo del PNV dotado de la suficiente ingenuidad como para estar en el sitio inadecuado en el momento inadecuado.<\/li>\n<li>Coronaci\u00f3n de Arnaldo I Rey de Euskal Herria.<\/li>\n<\/ul>\n<p style=\"text-align:justify\">Oye, y algunos todav\u00eda brindan por la tregua\u2026 Hay que joderse\u2026<\/p>\n<p><em><strong>Ander Muruzabal<\/strong><\/em><\/p>\n","protected":false},"excerpt":{"rendered":"<p>Uno de los elementos m\u00e1s novedosos y sorprendentes del nuevo dise\u00f1o de \u201cproceso\u201d que la IA a puesto en marcha al alim\u00f3n con sus primos ferreteros y el nuevo reparto de papeles en el m\u00e1s puro estilo \u201cPimpinela\u201d, donde las escenificaciones \u201cpoli bueno\u201d \/ \u201cpoli malo\u201d han adquirido carta de naturaleza, son los ritmos del &hellip; <a href=\"https:\/\/blogs.noticiasdenavarra.com\/nafarherria\/2010\/11\/24\/la-pescadilla-que-se-muerde-la-cola-y-la-hoja-de-ruta\/\" class=\"more-link\">Sigue leyendo <span class=\"screen-reader-text\">La pescadilla que se muerde la cola y la hoja de ruta<\/span><\/a><\/p>\n","protected":false},"author":71,"featured_media":0,"comment_status":"open","ping_status":"open","sticky":false,"template":"","format":"standard","meta":{"footnotes":""},"categories":[186,191],"tags":[3014,3016,3008,231,237,3019,3021],"class_list":["post-120","post","type-post","status-publish","format-standard","hentry","category-izquierda-abertzale","category-politica-institucional","tag-eta","tag-independencia","tag-izquierda-abertzale","tag-nacionalismo","tag-paz","tag-soberania","tag-violencia"],"_links":{"self":[{"href":"https:\/\/blogs.noticiasdenavarra.com\/nafarherria\/wp-json\/wp\/v2\/posts\/120","targetHints":{"allow":["GET"]}}],"collection":[{"href":"https:\/\/blogs.noticiasdenavarra.com\/nafarherria\/wp-json\/wp\/v2\/posts"}],"about":[{"href":"https:\/\/blogs.noticiasdenavarra.com\/nafarherria\/wp-json\/wp\/v2\/types\/post"}],"author":[{"embeddable":true,"href":"https:\/\/blogs.noticiasdenavarra.com\/nafarherria\/wp-json\/wp\/v2\/users\/71"}],"replies":[{"embeddable":true,"href":"https:\/\/blogs.noticiasdenavarra.com\/nafarherria\/wp-json\/wp\/v2\/comments?post=120"}],"version-history":[{"count":0,"href":"https:\/\/blogs.noticiasdenavarra.com\/nafarherria\/wp-json\/wp\/v2\/posts\/120\/revisions"}],"wp:attachment":[{"href":"https:\/\/blogs.noticiasdenavarra.com\/nafarherria\/wp-json\/wp\/v2\/media?parent=120"}],"wp:term":[{"taxonomy":"category","embeddable":true,"href":"https:\/\/blogs.noticiasdenavarra.com\/nafarherria\/wp-json\/wp\/v2\/categories?post=120"},{"taxonomy":"post_tag","embeddable":true,"href":"https:\/\/blogs.noticiasdenavarra.com\/nafarherria\/wp-json\/wp\/v2\/tags?post=120"}],"curies":[{"name":"wp","href":"https:\/\/api.w.org\/{rel}","templated":true}]}}