{"id":872,"date":"2014-01-30T18:12:46","date_gmt":"2014-01-30T18:12:46","guid":{"rendered":"http:\/\/blogs.noticiasdenavarra.com\/misitinerariospornavarra\/?p=872"},"modified":"2014-01-30T19:11:27","modified_gmt":"2014-01-30T19:11:27","slug":"ruta-no-19-las-bejeras-de-larraga-parte-2a","status":"publish","type":"post","link":"https:\/\/blogs.noticiasdenavarra.com\/misitinerariospornavarra\/2014\/01\/30\/ruta-no-19-las-bejeras-de-larraga-parte-2a\/","title":{"rendered":"Ruta n\u00ba 20 \u2013 Las Bejeras de Larraga (Parte 2\u00aa)"},"content":{"rendered":"<p style=\"text-align: justify\"><em><strong>Ruta n\u00ba 20 \u2013 Las Bejeras de Larraga (Parte 2\u00aa)<\/strong><\/em><\/p>\n<figure style=\"width: 232px\" class=\"wp-caption aligncenter\"><a href=\"http:\/\/patxiolite.files.wordpress.com\/2013\/12\/portada-libro.jpg\"><img loading=\"lazy\" decoding=\"async\" alt=\"Portada Libro &quot;Las Bejeras en Larraga&quot;, escrito por Juan Manuel Nieto Garc\u00eda\" src=\"http:\/\/patxiolite.files.wordpress.com\/2013\/12\/portada-libro.jpg\" width=\"232\" height=\"324\" \/><\/a><figcaption class=\"wp-caption-text\">Portada Libro \u00abLas Bejeras en Larraga\u00bb, escrito por Juan Manuel Nieto Garc\u00eda<\/figcaption><\/figure>\n<p style=\"text-align: left\"><a href=\"http:\/\/patxiolite.files.wordpress.com\/2013\/12\/portada-libro.pdf\"><em><strong>DATOS T\u00c9CNICOS:<\/strong><\/em><\/a><\/p>\n<figure style=\"width: 645px\" class=\"wp-caption aligncenter\"><a href=\"http:\/\/patxiolite.files.wordpress.com\/2014\/01\/datos-tecnicos.jpg\"><img loading=\"lazy\" decoding=\"async\" alt=\"DATOS TECNICOS\" src=\"http:\/\/patxiolite.files.wordpress.com\/2014\/01\/datos-tecnicos.jpg\" width=\"645\" height=\"196\" \/><\/a><figcaption class=\"wp-caption-text\">DATOS TECNICOS<\/figcaption><\/figure>\n<p style=\"text-align: left\"><a href=\"http:\/\/patxiolite.files.wordpress.com\/2013\/12\/cuadro-de-datos-tc3a9cnicos.docx\"><em><strong>DESCRIPCI\u00d3N DEL RECORRIDO:<\/strong><\/em><\/a><\/p>\n<p style=\"text-align: justify\">Como ya expliqu\u00e9 en mi anterior recorrido, siguiendo las indicaciones y emplazamientos indicados en el libro de Manolo, y debido a la existencia de una treintena de \u00abbejeras\u00bb en Larraga, tengo que hacer 5 o 6 recorridos para ver si puedo visitar todas.<\/p>\n<p style=\"text-align: justify\">Este segundo recorrido, dise\u00f1ado por m\u00ed, se me escap\u00f3 un poco de las manos, ya que soy partidario de realizar rutas que no sobrepasen los 15 km, y \u00e9ste se me escap\u00f3 a 19 km con las consecuencias que m\u00e1s adelante explicar\u00e9.<\/p>\n<p style=\"text-align: justify\">En esta segunda entrega veremos 10 \u00abbejeras\u00bb que, a continuaci\u00f3n, enumeramos:<\/p>\n<p style=\"text-align: justify\">1\u00aa) &#8211; Bejera de Elarre Ochoa. (P\u00e1gina n\u00ba 95 del libro)<\/p>\n<p style=\"text-align: justify\">2\u00aa) &#8211; Bejera de Eugenia Acarreta (P\u00e1gina n\u00ba 119 del libro)<\/p>\n<p style=\"text-align: justify\">3\u00aa) &#8211; Bejera de Ramos (P\u00e1gina n\u00ba 43 del libro)<\/p>\n<p style=\"text-align: justify\">4\u00aa) &#8211; Bejera de Mar\u00eda y Media (P\u00e1gina n\u00ba 35 del libro)<\/p>\n<p style=\"text-align: justify\">5\u00aa) &#8211; Bejera de Zabalza (P\u00e1gina n\u00ba 103 del libro)<\/p>\n<p style=\"text-align: justify\">6\u00aa) &#8211; Bejera de Vicente Cascarruejos (P\u00e1gina n\u00ba 55 del libro)<\/p>\n<p style=\"text-align: justify\">7\u00aa) &#8211; Bejera del Mono Pedro Sanchez (P\u00e1gina n\u00ba 71 del libro)<\/p>\n<p style=\"text-align: justify\">8\u00aa) &#8211; Bejera de Beremundo Lucea (P\u00e1gina n\u00ba 31 del libro)<\/p>\n<p style=\"text-align: justify\">9\u00aa) &#8211; Bejera de Senaita (P\u00e1gina n\u00ba 23 del libro)<\/p>\n<p style=\"text-align: justify\">10\u00aa) &#8211; Bejera de D. Jos\u00e9 Mar\u00eda (P\u00e1gina n\u00ba 19)<\/p>\n<p style=\"text-align: justify\">Llego a Larraga a las 07:45 horas, todav\u00eda no ha amanecido, aparco el coche en \u00abEl Poste\u00bb (Carretera NA-132), junto a las naves de Construcciones SUESCUN, preparo todos mis artilugios, el term\u00f3metro del coche marca 11\u00ba, que para esta \u00e9poca es mucha temperatura, el viento est\u00e1 en calma y el cielo nublado.<\/p>\n<p style=\"text-align: justify\">Comienzo mi recorrido a las 08:00 horas cogiendo el camino perpendicular a la carretera y que pasa entre \u00abEl Poste\u00bb y la nave de Construcciones SUESCUN. Es un camino llano y ancho, muy bueno para andar y sacar buenos promedios de avance. A los 150 m. nos encontramos con un camino que va hacia la derecha y unas naves agr\u00edcolas, seguimos el camino inicial. A los 400 m. y de una nave que est\u00e1 a la derecha, en un peque\u00f1o altozano, me salen dos mastines que no paran de ladrar mientras me est\u00e1n viendo (No salen de la finca porque est\u00e1 vallada). Les estoy cogiendo una \u00abperra\u00bb a los perros que no los aguanto. Los sustos que me pegan no deben ser buenos para mi coraz\u00f3n. Seguimos por el camino principal, pasamos por una regata que discurre por encima del camino, y nos encontramos con un cruce a la derecha, justo en un panel indicativo que marca la\u00a0<a href=\"http:\/\/www.enciclopedianavarra.com\/navarra\/tauste-sierra-de-urbasa-andia-canada-real-de\/17262\/1\/\">Ca\u00f1ada de Tauste-And\u00eda<\/a>. Cogemos a la derecha, dejando una balsa natural a la izquierda del camino; una peque\u00f1a subida nos lleva abre la vista a campos de cereal en los que el color verde predomina sobremanera. A\u00fan estamos en invierno y es el verde del inicio del crecimiento del cereal, nada tiene que ver con el verde que veremos en abril \/ mayo. Seguimos el camino y enseguida nos encontramos a la izquierda con un cerro de pinos j\u00f3venes. Aqu\u00ed tenemos nuestra primera cita, la Bejera de Elarre Ochoa.<\/p>\n<p style=\"text-align: justify\">Durante un buen rato me vuelvo un poco \u00abmajara\u00bb busc\u00e1ndola pero no la encuentro por ning\u00fan lado, hasta que tengo que tirar del libro de Manolo, y veo, para mi decepci\u00f3n, que la bejera no est\u00e1, que solo existen los restos \u00a0de lo que fue, y que la pala que plant\u00f3 los pinos se encarg\u00f3 de esparcirlos por la zona. Los busco siguiendo las coordenadas indicadas en el libro y encuentro unos restos que no merece la pena visitarlos, ya que se trata de unas piedras normales y corrientes de las que podemos encontrar en cualquier otro sitio. Os ense\u00f1o una foto que tom\u00e9 de los restos.<\/p>\n<figure style=\"width: 387px\" class=\"wp-caption aligncenter\"><a href=\"http:\/\/patxiolite.files.wordpress.com\/2014\/01\/01-elarre-ochoa1.jpg\"><img loading=\"lazy\" decoding=\"async\" alt=\"RESTOS DE LA BEJERA DE ELARRE OCHOA\" src=\"http:\/\/patxiolite.files.wordpress.com\/2014\/01\/01-elarre-ochoa1.jpg\" width=\"387\" height=\"290\" \/><\/a><figcaption class=\"wp-caption-text\">RESTOS DE LA BEJERA DE ELARRE OCHOA<\/figcaption><\/figure>\n<p style=\"text-align: justify\">Despu\u00e9s de esta primera decepci\u00f3n (Hay alguna m\u00e1s) sigo el camino y a unos 580 m. de la primera bejera, y en una zona donde el camino hace un par de curvas, nos encontramos con la segunda bejera, la de Eugenia Acarreta. Est\u00e1 en una zona arbolada, en una hondonada, protegida del viento, orientada al Este y su construcci\u00f3n es la t\u00edpica de todas, es decir con losas verticales con unos peque\u00f1os orificios en su parte inferior, en la pared principal por donde entran y salen las abejas, sobre unas m\u00e9nsulas a modo de peana de despegue y aterrizaje de los insectos. La cubierta tambi\u00e9n con losas de piedra sobre las que se vierte tierra de la zona, integrando de verdad la construcci\u00f3n en el entorno. No como las construcciones de ahora en la que te meten, por ejemplo, un cubo de color rosa fosforito en mitad de un monte o un campo y nos intentan hacer creer que esta construcci\u00f3n se integra en el paisaje (V\u00e9ase alguna bodega de los arquitectos \u00abdivinos\u00bb de este pa\u00eds).<\/p>\n<p style=\"text-align: justify\">Estas construcciones s\u00ed que se integraban con el paisaje, tanto es as\u00ed que alguna de las \u00abbejeras\u00bb que hoy vamos a visitar casi no las encuentro.<\/p>\n<figure style=\"width: 619px\" class=\"wp-caption aligncenter\"><a href=\"http:\/\/patxiolite.files.wordpress.com\/2014\/01\/foto-y-croquis-acarreta.jpg\"><img loading=\"lazy\" decoding=\"async\" alt=\"BEJERA DE EUGENIA ACARRETA\" src=\"http:\/\/patxiolite.files.wordpress.com\/2014\/01\/foto-y-croquis-acarreta.jpg\" width=\"619\" height=\"300\" \/><\/a><figcaption class=\"wp-caption-text\">BEJERA DE EUGENIA ACARRETA<\/figcaption><\/figure>\n<p style=\"text-align: justify\">\u00a0Un rato curioseando alrededor de la bejera, y proseguimos el camino, que como hemos dicho es bueno y ancho, con alguna peque\u00f1a subida y bajada, alguna curva, hasta que salimos a una zona abierta, en alto, desde la que se aprecia, a la derecha, la vecina localidad de\u00a0<a href=\"http:\/\/es.wikipedia.org\/wiki\/Mendigorr%C3%ADa\">Mendigorr\u00eda<\/a>, hemos andado 750 m. desde la \u00faltima bejera, y nos encontramos con un camino perpendicular por el que hemos salido, tomamos la direcci\u00f3n hacia a la izquierda, dirigi\u00e9ndonos hacia el sur.<\/p>\n<p style=\"text-align: justify\">Ahora nos dirigimos hacia la Bejera de Ramos. Seg\u00fan el libro de Manolo, las coordenadas de esta bajera son: 42\u00ba35&#8217;00.10&#8243;N &#8211; 1\u00ba52&#8217;01.56&#8243;O. Pues bien salvo error por mi parte o mala transcripci\u00f3n en el libro, en estas coordenadas no hay nada; eso s\u00ed parece que hay algo porque te hacen entrar por un camino a la izquierda del principal y te llevan a una zona donde, perfectamente, podr\u00eda haberse construido una. M\u00e1s de media hora me pegu\u00e9 intentando buscar la bejera, y no hubo forma (Esta bien que est\u00e9n integradas en el paisaje \u00a1pero tanto!, pens\u00e9 mientras la buscaba por toda la zona indicada). Por otra parte se me olvid\u00f3 apagar el GPS del m\u00f3vil y todas las bajadas, subidas, idas y venidas se me transcribieron en el programa y organic\u00e9 una buena. Despu\u00e9s del rato indicado, y de haber consultado el libro de Manolo en un \u00a0par de ocasiones, y de no ver nada por ning\u00fan lado, desist\u00ed de encontrarla.<\/p>\n<p style=\"text-align: justify\">Segu\u00ed el camino con la segunda peque\u00f1a desilusi\u00f3n de la ma\u00f1ana, y a los 400 m. de haber salido al camino buscando la bejera, y en mitad de un campo de cereal, a la izquierda del camino, en un mont\u00edculo apreci\u00e9 lo que cre\u00ed que era una caseta de aperos de campo, pero como en el libro de Manolo hab\u00eda le\u00eddo que la Bejera de Ramos ten\u00eda una puerta met\u00e1lica,\u00a0<a href=\"http:\/\/www.coprosider.com\/es\/chapa-pegaso.aspx\">tipo Pegaso<\/a>, percib\u00ed que podr\u00eda ser la bejera porque esta caseta ten\u00eda una puerta de este tipo. Atraves\u00e9 la finca de cereal, me acerqu\u00e9, consult\u00e9 el libro de nuevo y corrobor\u00e9 que era la Bejera de Ramos. Salvo error m\u00edo u otra opini\u00f3n mejor fundada, las coordenadas donde est\u00e1 la Bejera de Ramos, seg\u00fan la situaci\u00f3n en Google Earth, son las siguientes : 42\u00ba34&#8217;57.97&#8243;N &#8211; 1\u00ba52&#8217;19.26&#8243;O.<\/p>\n<figure style=\"width: 645px\" class=\"wp-caption aligncenter\"><a href=\"http:\/\/patxiolite.files.wordpress.com\/2014\/01\/foto-y-croquis-ramos.jpg\"><img loading=\"lazy\" decoding=\"async\" alt=\"BEJERA DE RAMOS\" src=\"http:\/\/patxiolite.files.wordpress.com\/2014\/01\/foto-y-croquis-ramos.jpg\" width=\"645\" height=\"300\" \/><\/a><figcaption class=\"wp-caption-text\">BEJERA DE RAMOS<\/figcaption><\/figure>\n<p style=\"text-align: justify\">Una vez de haber encontrado la bejera, y de haber perdido bastante tiempo en buscarla, salimos de nuevo al camino, seguimos por \u00e9l, y a los 190 m. el camino se bifurca a la derecha; lo olvidamos, seguimos y a los 390 m. nos encontramos con un cruce del camino hacia los cuatro lados, giramos 90\u00ba a la derecha, y despu\u00e9s de 650 m. subiendo una peque\u00f1a loma, y bajando hacia la zona sureste de la misma, en otra peque\u00f1a hondonada, y rodeada de varios \u00e1rboles, nos encontramos con la bejera de Maria y Media. Est\u00e1 parcialmente derruida, aunque mantiene bien la estructura, se ven las celdas por el exterior; en el interior se ven tambi\u00e9n las celdas con sus \u00abcestas\u00bb de ca\u00f1a.<\/p>\n<figure style=\"width: 645px\" class=\"wp-caption aligncenter\"><a href=\"http:\/\/patxiolite.files.wordpress.com\/2014\/01\/foto-y-croquis-maria-y-media.jpg\"><img loading=\"lazy\" decoding=\"async\" alt=\"BEJERA DE MARIA Y MEDIA\" src=\"http:\/\/patxiolite.files.wordpress.com\/2014\/01\/foto-y-croquis-maria-y-media.jpg\" width=\"645\" height=\"309\" \/><\/a><figcaption class=\"wp-caption-text\">BEJERA DE MARIA Y MEDIA<\/figcaption><\/figure>\n<p style=\"text-align: justify\">Son las 10:00 horas; llevo dos horas en ruta y el GPS me preocupa por que en estas dos horas me ha bajado la capacidad sde la bater\u00eda a menos del 50%. He visto solo 4 bejeras en dos horas, he perdido mucho tiempo buscando la tercera bejera, me quedan seis bejeras y no s\u00e9 si me dar\u00e1 tiempo.<\/p>\n<p style=\"text-align: justify\">Abandonamos la cuarta bejera por donde hemos venido desandado lo andado anteriormente y volvemos al camino. A los 250 m. de haber tomado el camino nos encontramos con un desv\u00edo del camino hacia la derecha; lo tomamos, y durante 700 m., en direcci\u00f3n Sur y viendo la carretera que va de Larraga a\u00a0<a href=\"http:\/\/es.wikipedia.org\/wiki\/Oteiza\">Oteiza de la Solana<\/a>\u00a0(NA-132), vamos bajando hasta llegar a un cruce de caminos, cogemos a la derecha y a 300 m. encontramos una senda secundaria que sube hacia el monte. Desde el inicio de la senda ya vemos la pr\u00f3xima bejera. Subimos por la senda durante 150 m. y llegamos a la bejera de Zabalza que, hasta ahora, es la m\u00e1s grande que hemos visto. Se encuentra en buen estado, la construcci\u00f3n es la misma que la que hemos visto en otras, y que no vamos a volver a repetir, se encuentra en buen estado. La puerta est\u00e1 orientada al Oeste, es muy peque\u00f1a y se encuentra semienterrada. Tambi\u00e9n est\u00e1 muy bien integrada en el paisaje, tal es as\u00ed que de su techo salen diversos arbustos y peque\u00f1a vegetaci\u00f3n. En su interior se aprecian perfectamente las celdas y su techo, como en otras, est\u00e1 sustentado por unas losas grandes de piedras.<\/p>\n<figure style=\"width: 645px\" class=\"wp-caption aligncenter\"><a href=\"http:\/\/patxiolite.files.wordpress.com\/2014\/01\/foto-y-croquis-zabalza.jpg\"><img loading=\"lazy\" decoding=\"async\" alt=\"BEJERA DE ZABALZA\" src=\"http:\/\/patxiolite.files.wordpress.com\/2014\/01\/foto-y-croquis-zabalza.jpg\" width=\"645\" height=\"306\" \/><\/a><figcaption class=\"wp-caption-text\">BEJERA DE ZABALZA<\/figcaption><\/figure>\n<p style=\"text-align: justify\">Son las 10:25 horas de la ma\u00f1ana, el cielo se ha despejado por completo, hace un d\u00eda radiante y la temperatura ronda los 16\u00ba. Llevo bastante ropa y estoy empezando a sudar mucho. Prefiero seguir con la ropa que llevo ya que es un incordio llevarla encima; en la mano no la puedes llevar porque entre el bast\u00f3n, los prism\u00e1ticos, el GPS, las gafas, etc&#8230;no te da; en la mochila tampoco me gusta llevarla porque si meto el forro polar parece que va a reventar. Decido seguir con la misma ropa ya que el calor lo aguanto mejor que el fr\u00edo. Lo que s\u00ed me quito es el gorro de lana, a riesgo de ponerme la \u00abcalvorota\u00bb colorada; en esta \u00e9poca el sol no pega fuerte y se puede aguantar.<\/p>\n<p style=\"text-align: justify\">Hemos visto la mitad de las bejeras que tenemos programadas.<\/p>\n<p style=\"text-align: justify\">Una vez que hemos bajado de la Bejera de Zabalza, y por la misma senda por donde hemos subido, cuando llegamos al camino principal tiramos a la izquierda hasta llegar a la NA-132 (Larraga-Oteiza de la Solana), cruzamos \u00e9sta y durante 450 m. vamos por la margen izquierda de la carretera hasta encontrarnos con el primera camino que entra en el monte.<\/p>\n<p style=\"text-align: justify\">Por aqu\u00ed:<\/p>\n<figure style=\"width: 645px\" class=\"wp-caption aligncenter\"><a href=\"http:\/\/patxiolite.files.wordpress.com\/2014\/01\/na-132.jpg\"><img loading=\"lazy\" decoding=\"async\" alt=\"COGER ESE CAMINO DESDE LA NA-132\" src=\"http:\/\/patxiolite.files.wordpress.com\/2014\/01\/na-132.jpg\" width=\"645\" height=\"391\" \/><\/a><figcaption class=\"wp-caption-text\">COGER ESE CAMINO DESDE LA NA-132<\/figcaption><\/figure>\n<p style=\"text-align: justify\">Seguimos el camino, sin dejarlo para nada, durante 1.300 m. y cogemos un camino, a la derecha, que hace l\u00edmite con una gran vi\u00f1a a su izquierda, entramos por este camino secundario, durante 450 m., flanqueados por varios olivares, hasta llegar a una finca de cereal, donde termina el camino, pero desde donde se aprecia la sexta bejera que vamos a ver hoy.<\/p>\n<p style=\"text-align: justify\">La estructura de la Bejera de Vicente Cascarruejo (Ser\u00e1 apellido o mote) es la misma que la mayor\u00eda que las hemos visto. La entrada de las abejas est\u00e1 orientada hacia el sur y la puerta est\u00e1 al este, el norte est\u00e1 protegido por bastante vegetaci\u00f3n y un contraterreno. El interior est\u00e1 limpio y cuidado. Est\u00e1 en bastante buen estado de conservaci\u00f3n.<\/p>\n<figure style=\"width: 645px\" class=\"wp-caption aligncenter\"><a href=\"http:\/\/patxiolite.files.wordpress.com\/2014\/01\/foto-y-croquis-cascarruejos.jpg\"><img loading=\"lazy\" decoding=\"async\" alt=\"BEJERA DE VICENTE CASCARRUEJOS\" src=\"http:\/\/patxiolite.files.wordpress.com\/2014\/01\/foto-y-croquis-cascarruejos.jpg\" width=\"645\" height=\"306\" \/><\/a><figcaption class=\"wp-caption-text\">BEJERA DE VICENTE CASCARRUEJOS<\/figcaption><\/figure>\n<p style=\"text-align: justify\">Estoy obsesionado con el GPS, son las 11:06 horas, llevo 3 horas de ruta y la bater\u00eda me marca un 10% de capacidad. No me va a dar para todo el recorrido.<\/p>\n<p style=\"text-align: justify\">Abandono esta bejera por el mismo camino por donde he entrado, hasta salir al camino principal donde hemos girado en la vi\u00f1a grande. Giramos a la derecha, y volvemos a coger el camino principal. A los 175 m., y a la izquierda apreciamos una caseta nueva que debe ser refugio de cazadores ya que hay varios coches con los cl\u00e1sicos carritos para perros.\u00a0Seguimos durante 650 m. m\u00e1s adelante de la caseta y cogemos el primer camino que gira levemente a la derecha. Otros 600 m. m\u00e1s nos embocan a un nuevo camino que, igualmente, gira levemente a la derecha. Seguimos 285 m. por el mismo camino, llegamos a una zona de bosque, giramos a la izquierda bordeando una pieza de cereal, nos introducimos de lleno en el bosque, a la izquierda, y nos encontramos con la tercera decepci\u00f3n de la ma\u00f1ana (Aunque la segunda se solvent\u00f3). Esperaba encontrar una bejera un poco deteriorada, seg\u00fan indica Manolo en su libro, pero lo que no pensaba es encontrar un mont\u00f3n de piedras que, como la bejera de Elarre Ochoa, no dice nada. Est\u00e1 bejera, del Mono Pedro Sanchez, completamente derruida, tan solo se mantiene en pie la pared trasera y parte de la lateral de la derecha. He perdido un buen tiempo desde que abandon\u00e9 la Bejera de Vicente Cascarruejo hasta llegar a \u00e9sta. (Aproximadamente 40 minutos).<\/p>\n<p style=\"text-align: justify\">No pierdo tiempo en verla porque no me dice nada. Tan solo pienso en los \u00abcafres\u00bb que la han derruido, y en el hecho de no tener ning\u00fan respeto por un vestigio de la vida de la zona en tiempos pasados.<\/p>\n<p style=\"text-align: justify\">Adjunto una composici\u00f3n fotogr\u00e1fica de como estaba esta bejera del Mono Pedro Sanchez en tiempos no muy lejanos, con una foto de Manolo, y como est\u00e1 ahora con una foto m\u00eda.<\/p>\n<figure style=\"width: 645px\" class=\"wp-caption aligncenter\"><a href=\"http:\/\/patxiolite.files.wordpress.com\/2014\/01\/fotos-mono-pedro-sanchez.jpg\"><img loading=\"lazy\" decoding=\"async\" alt=\"BEJERA DE MONO PEDRO SANCHEZ - A LA IZQUIERDA COMO ESTABA HACE UNOS 10 A\u00d1OS Y A LA DERECHA COMO EST\u00c1 AHORA EN 2014\" src=\"http:\/\/patxiolite.files.wordpress.com\/2014\/01\/fotos-mono-pedro-sanchez.jpg\" width=\"645\" height=\"236\" \/><\/a><figcaption class=\"wp-caption-text\">BEJERA DE MONO PEDRO SANCHEZ &#8211; A LA IZQUIERDA COMO ESTABA HACE UNOS 10 A\u00d1OS Y A LA DERECHA COMO EST\u00c1 AHORA EN 2014<\/figcaption><\/figure>\n<p style=\"text-align: justify\">No me queda apenas bater\u00eda en el GPS y me quedan tres bejeras que ver.<\/p>\n<p style=\"text-align: justify\">Abandonamos la zona de la \u00abcafrada\u00bb que ha realizado alguien, y volvemos por el mismo camino por donde hemos venido hasta la caseta de cazadores que hemos visto a la venida.<\/p>\n<p style=\"text-align: justify\">Cuando llegamos a la caseta citada, y giramos a la derecha, entramos en un camino que, en su inicio, tiene el suelo con asfalto fresado, a los 360 m. y despu\u00e9s de atravesar, por el centro, un peque\u00f1o olivar, y en una hondonada, y muy bien camuflada por la vegetaci\u00f3n, nos encontramos con la bejera de Beremundo Lucea.<\/p>\n<p style=\"text-align: justify\">El vano central de la fachada principal se ha venido abajo producto, puede ser, de la gran cantidad de chaparros que han crecido en su techo, pero lo curioso es que el interior est\u00e1 en buen estado. Est\u00e1 construida con la misma t\u00e9cnica que la mayor\u00eda, y un poco m\u00e1s abajo hay otra caseta que podr\u00eda ser para cobijo de los propietarios de la finca que se encuentra un poco m\u00e1s abajo en d\u00edas de lluvia.<\/p>\n<figure style=\"width: 645px\" class=\"wp-caption aligncenter\"><a href=\"http:\/\/patxiolite.files.wordpress.com\/2014\/01\/foto-y-croquis-beremundo-lucea.jpg\"><img loading=\"lazy\" decoding=\"async\" alt=\"BEJERA DE BEREMUNDO LUCEA\" src=\"http:\/\/patxiolite.files.wordpress.com\/2014\/01\/foto-y-croquis-beremundo-lucea.jpg\" width=\"645\" height=\"299\" \/><\/a><figcaption class=\"wp-caption-text\">BEJERA DE BEREMUNDO LUCEA<\/figcaption><\/figure>\n<p style=\"text-align: justify\">Son las 12:20 horas, he visto 8 bejeras y tengo un 2% de capacidad de bater\u00eda en el GPS. No me va llegar hasta el final. Tengo que comprar otra bater\u00eda para casos como \u00e9ste.<\/p>\n<p style=\"text-align: justify\">Abandono la Bejera de Beremundo Lucea, por donde he entrado y salgo al camino principal a trav\u00e9s del camino con gravilla de asfalto. Cuando llevo 100 m. por este camino el GPS me hace \u00abpufff\u00bb y termina de indicarme el camino. La bater\u00eda ha muerto.<\/p>\n<p style=\"text-align: justify\">Como no me se los caminos, ni la ubicaci\u00f3n de las dos bejeras que me quedan, desisto de visitarlas, y emprendo el regreso hacia el coche, viendo como referencia la localidad de Larraga, que se encuentra a la derecha de donde estoy. Siguiendo buenos caminos, y siempre en direcci\u00f3n este voy llegando a la carretera NA-132 (A Oteiza de la Solana) que me dejar\u00e1 en \u00abEl Poste\u00bb donde he aparcado el coche.<\/p>\n<p style=\"text-align: justify\">Son las 13:18 horas, la ma\u00f1ana est\u00e1 espl\u00e9ndida y hace calor.<\/p>\n<p style=\"text-align: justify\">Como quiera que me qued\u00e9 sin ver dos de las bejeras previstas, acompa\u00f1o un montaje fotogr\u00e1fico con fotos sacadas del libro de Manolo.<\/p>\n<figure style=\"width: 645px\" class=\"wp-caption alignnone\"><a href=\"http:\/\/patxiolite.files.wordpress.com\/2014\/01\/foto-seinata-jose-mc2aa.jpg\"><img loading=\"lazy\" decoding=\"async\" alt=\"A LA IZQUIERDA BEJERA DE SENAITA y A LA DERECHA BEJERA DE D. JOSE MARIA\" src=\"http:\/\/patxiolite.files.wordpress.com\/2014\/01\/foto-seinata-jose-mc2aa.jpg\" width=\"645\" height=\"191\" \/><\/a><figcaption class=\"wp-caption-text\">A LA IZQUIERDA BEJERA DE SENAITA y A LA DERECHA BEJERA DE D. JOSE MARIA<\/figcaption><\/figure>\n<p style=\"text-align: justify\">Como quiera que la ruta se me qued\u00f3 incompleta al acabarse la bater\u00eda del GPS, he colgado en Wikiloc la ruta que dise\u00f1\u00e9 en Google Earth, y que cumpl\u00ed con fidelidad hasta que pude seguirla por el GPS.<\/p>\n<p style=\"text-align: justify\">Los \u00faltimos 3,500 km. los realic\u00e9 por orientaci\u00f3n.<\/p>\n<p style=\"text-align: justify\">Como no pude visitar estas dos \u00faltimas bejeras (Al desconocer su ubicaci\u00f3n), os transcribo, literalmente, lo que en libro de Manolo viene de ambas:<\/p>\n<p style=\"text-align: justify\"><strong>Bejera de Senaita:<\/strong>\u00a0<em>Sita en La Lanzada, es la segunda siguiendo el barranco hacia arriba, entre dos ribazos, en una finca con almendros y rodeada de una pared (ya derruida)<\/em><\/p>\n<p style=\"text-align: justify\"><em>Tiene tres bancadas de doce celdas. El techo est\u00e1 minado por los conejos y por una grieta bastante ancha en la parte trasera izquierda. Tiene el interior revocado con yeso. Aunque \u00e9sto no es habitual<\/em><\/p>\n<p style=\"text-align: justify\"><em>A su lado podemos encontrar celdas de aclimataci\u00f3n y restos de cestos de ca\u00f1a, en el interior hay restos de cajones.<\/em><\/p>\n<p style=\"text-align: justify\"><em>El fondo se encuentra en muy mal estado. La presi\u00f3n de una higuera puede provocar que se caiga la esquina.<\/em><\/p>\n<p style=\"text-align: justify\"><strong>Bejera de D. Jos\u00e9 Mar\u00eda<\/strong>:\u00a0<em>Esta situada en La Lanzada, en la pe\u00f1a la culeca. Tiene tres bancadas de diez y ocho celdas, dos grupos de tres celdas han sido aprovechadas para contrafuertes, uno en el fondo y otro en sus tres cuartas partes.<\/em><\/p>\n<p style=\"text-align: justify\"><em>Se encuentra bastante deteriorada, sin puerta, con el techo minado por los conejos y en su fondo est\u00e1 empezando a desmoronarse. Dispone de varios contrafuertes en la fachada y uno en su interior. Dentro tiene maderas durmientes donde descansan las losas del techo. Es quiz\u00e1s la bejera m\u00e1s r\u00fastica que he encontrado. No parece que est\u00e9 hecha por un profesional o puede que sea m\u00e1s antigua y por ello tenga m\u00e1s arreglos.<\/em><\/p>\n<p style=\"text-align: justify\"><em>Se encuentran tambi\u00e9n restos de cajones, uno est\u00e1 entero y cestos de ca\u00f1as. Tiene tres fresqueras, dos en la pared y una en el interior de la fachada.<\/em><\/p>\n<p style=\"text-align: justify\">Y hasta aqu\u00ed la magn\u00edfica ma\u00f1ana pasada entre bejeras de la localidad de Larraga. El mes que viene tengo el proyecto de hacer la tercera entrega, espero hacerlo si no surge ning\u00fan inconveniente.<\/p>\n<p style=\"text-align: justify\">Si quer\u00e9is bajaros el recorrido, y ver todas las fotos del mismo, y poder introducirlo en vuestro dispositivo m\u00f3vil, pinchar en el siguiente enlace:<a href=\"http:\/\/es.wikiloc.com\/wikiloc\/view.do?id=6046668\">\u00a0Wikiloc.<\/a><\/p>\n<p style=\"text-align: justify\">Este mismo recorrido lo tengo colgado tambi\u00e9n en mi blog personal que os invito a visitarlo pinchando en este enlace para poder verlo :<a href=\"http:\/\/patxiolite.wordpress.com\/\">\u00a0Patxi Olite<\/a><\/p>\n<p style=\"text-align: justify\">Hasta otra amigos.<\/p>\n","protected":false},"excerpt":{"rendered":"<p>Ruta n\u00ba 20 \u2013 Las Bejeras de Larraga (Parte 2\u00aa) DATOS T\u00c9CNICOS: DESCRIPCI\u00d3N DEL RECORRIDO: Como ya expliqu\u00e9 en mi anterior recorrido, siguiendo las indicaciones y emplazamientos indicados en el libro de Manolo, y debido a la existencia de una treintena de \u00abbejeras\u00bb en Larraga, tengo que hacer 5 o 6 recorridos para ver si &hellip; <a href=\"https:\/\/blogs.noticiasdenavarra.com\/misitinerariospornavarra\/2014\/01\/30\/ruta-no-19-las-bejeras-de-larraga-parte-2a\/\" class=\"more-link\">Sigue leyendo <span class=\"screen-reader-text\">Ruta n\u00ba 20 \u2013 Las Bejeras de Larraga (Parte 2\u00aa)<\/span><\/a><\/p>\n","protected":false},"author":77,"featured_media":0,"comment_status":"open","ping_status":"open","sticky":false,"template":"","format":"standard","meta":{"footnotes":""},"categories":[1154],"tags":[],"class_list":["post-872","post","type-post","status-publish","format-standard","hentry","category-rutas-por-navarra"],"_links":{"self":[{"href":"https:\/\/blogs.noticiasdenavarra.com\/misitinerariospornavarra\/wp-json\/wp\/v2\/posts\/872","targetHints":{"allow":["GET"]}}],"collection":[{"href":"https:\/\/blogs.noticiasdenavarra.com\/misitinerariospornavarra\/wp-json\/wp\/v2\/posts"}],"about":[{"href":"https:\/\/blogs.noticiasdenavarra.com\/misitinerariospornavarra\/wp-json\/wp\/v2\/types\/post"}],"author":[{"embeddable":true,"href":"https:\/\/blogs.noticiasdenavarra.com\/misitinerariospornavarra\/wp-json\/wp\/v2\/users\/77"}],"replies":[{"embeddable":true,"href":"https:\/\/blogs.noticiasdenavarra.com\/misitinerariospornavarra\/wp-json\/wp\/v2\/comments?post=872"}],"version-history":[{"count":29,"href":"https:\/\/blogs.noticiasdenavarra.com\/misitinerariospornavarra\/wp-json\/wp\/v2\/posts\/872\/revisions"}],"predecessor-version":[{"id":901,"href":"https:\/\/blogs.noticiasdenavarra.com\/misitinerariospornavarra\/wp-json\/wp\/v2\/posts\/872\/revisions\/901"}],"wp:attachment":[{"href":"https:\/\/blogs.noticiasdenavarra.com\/misitinerariospornavarra\/wp-json\/wp\/v2\/media?parent=872"}],"wp:term":[{"taxonomy":"category","embeddable":true,"href":"https:\/\/blogs.noticiasdenavarra.com\/misitinerariospornavarra\/wp-json\/wp\/v2\/categories?post=872"},{"taxonomy":"post_tag","embeddable":true,"href":"https:\/\/blogs.noticiasdenavarra.com\/misitinerariospornavarra\/wp-json\/wp\/v2\/tags?post=872"}],"curies":[{"name":"wp","href":"https:\/\/api.w.org\/{rel}","templated":true}]}}