{"id":793,"date":"2013-10-03T18:46:21","date_gmt":"2013-10-03T18:46:21","guid":{"rendered":"http:\/\/blogs.noticiasdenavarra.com\/misitinerariospornavarra\/?p=793"},"modified":"2013-10-03T18:51:36","modified_gmt":"2013-10-03T18:51:36","slug":"ruta-no-18-por-los-alrededores-de-abaurrea-alta","status":"publish","type":"post","link":"https:\/\/blogs.noticiasdenavarra.com\/misitinerariospornavarra\/2013\/10\/03\/ruta-no-18-por-los-alrededores-de-abaurrea-alta\/","title":{"rendered":"Ruta n\u00ba 18 &#8211; Por los alrededores de Abaurrea Alta"},"content":{"rendered":"<p><em><strong>Ruta n\u00ba 18 &#8211; Por los alrededores de Abaurrea Alta<\/strong><\/em><\/p>\n<figure style=\"width: 645px\" class=\"wp-caption alignnone\"><a style=\"line-height: 24px;color: #ff4b33\" href=\"http:\/\/patxiolite.files.wordpress.com\/2013\/10\/0031.jpg\"><img loading=\"lazy\" decoding=\"async\" alt=\"Iglesia de Abaurrea Alta\" src=\"http:\/\/patxiolite.files.wordpress.com\/2013\/10\/0031.jpg\" width=\"645\" height=\"430\" \/><\/a><figcaption class=\"wp-caption-text\">Iglesia de Abaurrea Alta<\/figcaption><\/figure>\n<p>&nbsp;<\/p>\n<p><em><strong>DATOS T\u00c9CNICOS:<\/strong><\/em><\/p>\n<figure id=\"attachment_798\" aria-describedby=\"caption-attachment-798\" style=\"width: 252px\" class=\"wp-caption aligncenter\"><a href=\"http:\/\/blogs.noticiasdenavarra.com\/misitinerariospornavarra\/files\/2013\/10\/Datos-T\u00e9cnicos.jpg\"><img loading=\"lazy\" decoding=\"async\" class=\"size-full wp-image-798\" alt=\"Datos T\u00e9cnicos\" src=\"http:\/\/blogs.noticiasdenavarra.com\/misitinerariospornavarra\/files\/2013\/10\/Datos-T\u00e9cnicos.jpg\" width=\"252\" height=\"458\" srcset=\"https:\/\/blogs.noticiasdenavarra.com\/misitinerariospornavarra\/files\/2013\/10\/Datos-T\u00e9cnicos.jpg 252w, https:\/\/blogs.noticiasdenavarra.com\/misitinerariospornavarra\/files\/2013\/10\/Datos-T\u00e9cnicos-165x300.jpg 165w\" sizes=\"auto, (max-width: 252px) 100vw, 252px\" \/><\/a><figcaption id=\"caption-attachment-798\" class=\"wp-caption-text\">Datos T\u00e9cnicos<\/figcaption><\/figure>\n<p><em><strong>GR\u00c1FICA DE PENDIENTES<\/strong><\/em><\/p>\n<figure id=\"attachment_801\" aria-describedby=\"caption-attachment-801\" style=\"width: 1349px\" class=\"wp-caption aligncenter\"><a href=\"http:\/\/blogs.noticiasdenavarra.com\/misitinerariospornavarra\/files\/2013\/10\/Gr\u00e1fica-Pendientes.jpg\"><img loading=\"lazy\" decoding=\"async\" class=\"size-full wp-image-801\" alt=\"Gr\u00e1fica de Pendientes\" src=\"http:\/\/blogs.noticiasdenavarra.com\/misitinerariospornavarra\/files\/2013\/10\/Gr\u00e1fica-Pendientes.jpg\" width=\"1349\" height=\"314\" srcset=\"https:\/\/blogs.noticiasdenavarra.com\/misitinerariospornavarra\/files\/2013\/10\/Gr\u00e1fica-Pendientes.jpg 1349w, https:\/\/blogs.noticiasdenavarra.com\/misitinerariospornavarra\/files\/2013\/10\/Gr\u00e1fica-Pendientes-300x69.jpg 300w, https:\/\/blogs.noticiasdenavarra.com\/misitinerariospornavarra\/files\/2013\/10\/Gr\u00e1fica-Pendientes-1024x238.jpg 1024w\" sizes=\"auto, (max-width: 1349px) 100vw, 1349px\" \/><\/a><figcaption id=\"caption-attachment-801\" class=\"wp-caption-text\">Gr\u00e1fica de Pendientes<\/figcaption><\/figure>\n<p style=\"text-align: justify\"><em><strong>DESCRIPCI\u00d3N DEL RECORRIDO:<\/strong><\/em><\/p>\n<p style=\"text-align: justify\">S\u00e1bado d\u00eda 29 de septiembre de 2013, las 06:00 horas, me levanto para pegarme hora y media de viaje, con su correspondiente vuelta, para hacer un recorrido que se me hab\u00eda metido en la cabeza por <a href=\"http:\/\/es.wikipedia.org\/wiki\/Abaurrea_Alta\">Abaurrea Alta<\/a>\u00a0(Creo que es el pueblo m\u00e1s alto de Navarra), y que en su d\u00eda me recomend\u00f3 una antigua compa\u00f1era de trabajo que sus padres tienen casa en la localidad.<\/p>\n<p style=\"text-align: justify\">No s\u00e9 pero creo que me estoy haciendo mayor, y si a esto unimos lo poco que me gusta conducir; durante la primera media hora de viaje, en mi soledad en el coche, mis pensamientos se desviaron a intentar recapacitar qu\u00e9 pintaba yo a esas horas, yendo a un destino tan lejano, para hacer un recorrido que podr\u00eda hacer en cualquier lugar de nuestra comunidad m\u00e1s cercano.<\/p>\n<p style=\"text-align: justify\">En cuanto empez\u00f3 a amanecer se fueron disipando todas mis dudas al respecto, y me centr\u00e9 en lo que hab\u00eda pensado hacer durante la ma\u00f1ana.<\/p>\n<p style=\"text-align: justify\">Durante el recorrido, y con la radio encendida, iba oyendo en todas las emisoras el frente fr\u00edo que se hab\u00eda introducido en la Pen\u00ednsula por el Oeste y que iba a ocasionar lluvias a lo largo y ancho de todas las Comunidades excepto en las del Este.<\/p>\n<p style=\"text-align: justify\">Nada m\u00e1s pasar <a href=\"http:\/\/es.wikipedia.org\/wiki\/Zubiri\">Zubiri<\/a>, y ya subiendo el puerto de <a href=\"http:\/\/es.wikipedia.org\/wiki\/Erro\">Erro<\/a>, la carretera estaba mojada, y pens\u00e9 que los presagios se iban a cumplir, y pens\u00e9 que estar\u00eda bueno que no hab\u00eda llovido en todo el verano, e iba ser ese d\u00eda en el que caer\u00eda agua.<\/p>\n<p style=\"text-align: justify\">Al pasar los puertos de Erro y <a href=\"http:\/\/es.wikipedia.org\/wiki\/Mezqu%C3%ADriz\">Mezquiriz<\/a>\u00a0las dudas se disiparon, en cierto modo, ya que como yo me dirig\u00eda al Noreste, era en esa zona donde estaba m\u00e1s claro, aunque amenazaba un cielo negro que ven\u00eda por el Noroeste. De todas formas llevaba en mi mochila un paraguas y una capa por si las moscas.<\/p>\n<p style=\"text-align: justify\">A las 08:00 horas llegaba a <a href=\"http:\/\/www.navarchivo.com\/index.php\/es\/localidades\/sanguesa\/abaurrea-alta\">Abaurrea Alta<\/a>, atraves\u00e9 la localidad, y aparque justo en una zona pavimentada que existe entre el Bar Pirineo y un parque Infantil situado tras un crucero, a la izquierda de la carretera, saliendo de Abaurrea Alta.<\/p>\n<figure id=\"attachment_804\" aria-describedby=\"caption-attachment-804\" style=\"width: 277px\" class=\"wp-caption alignright\"><a href=\"http:\/\/blogs.noticiasdenavarra.com\/misitinerariospornavarra\/files\/2013\/10\/IMG_20130928_081302.jpg\"><img loading=\"lazy\" decoding=\"async\" class=\"wp-image-804 \" alt=\"Ayuntamiento de Abaurrea Alta\" src=\"http:\/\/blogs.noticiasdenavarra.com\/misitinerariospornavarra\/files\/2013\/10\/IMG_20130928_081302.jpg\" width=\"277\" height=\"368\" srcset=\"https:\/\/blogs.noticiasdenavarra.com\/misitinerariospornavarra\/files\/2013\/10\/IMG_20130928_081302.jpg 768w, https:\/\/blogs.noticiasdenavarra.com\/misitinerariospornavarra\/files\/2013\/10\/IMG_20130928_081302-225x300.jpg 225w\" sizes=\"auto, (max-width: 277px) 100vw, 277px\" \/><\/a><figcaption id=\"caption-attachment-804\" class=\"wp-caption-text\">Ayuntamiento de Abaurrea Alta<\/figcaption><\/figure>\n<p style=\"text-align: justify\">Una vez equipado con todos los aparejos (M\u00f3vil, mochila, prism\u00e1ticos, gorra, bast\u00f3n, etc&#8230;.), a las 08:07 horas comienzo mi recorrido. Tengo que volver a la entrada del pueblo, viniendo desde Pamplona, atravesando la Iglesia, el Ayuntamiento, etc,\u00a0para coger una pista a la izquierda, nada m\u00e1s pasar una nave en la que pone algo as\u00ed como \u00bb Toros Pirenaicos &#8211; JOSE ANCHO\u00bb. Nada m\u00e1s entrar en la pista hay una flecha indicativa de madera que pone \u00ab<a href=\"http:\/\/www.senderioja.es\/navarra\/414-baigura-desde-abaurrea-alta\">BAIGURA<\/a>\u00a0&#8211; 8,2 Km &#8211; 2 h. 40&#8242; \u00ab. Ya estamos en una pista buena, ancha, con suelo de \u00abtodouno\u00bb, flanqueada por helechos y avellanos que sacan unas varas rectas que los lugare\u00f1os aprovechan para sus necesidades laborables ya que en muchos de ellos se ven que han sido cortadas en cuanto cogen el di\u00e1metro necesario. Igualmente vemos animales de todo tipo pastando por los innumerables pastos que hay en este municipio. A este respecto dir\u00e9 que, posiblemente, ha sido el recorrido en el que m\u00e1s animales dom\u00e9sticos he visto (Cabras, Ovejas, Vacas, Toros, Caballos, etc) lo que da a entender que el sustento econ\u00f3mico de la zona puede ser la ganader\u00eda, aunque se nota que estamos a final del verano; los pastos est\u00e1n tirando a amarillentos.<\/p>\n<figure id=\"attachment_809\" aria-describedby=\"caption-attachment-809\" style=\"width: 368px\" class=\"wp-caption aligncenter\"><a href=\"http:\/\/blogs.noticiasdenavarra.com\/misitinerariospornavarra\/files\/2013\/10\/IMG_20130928_082217.jpg\"><img loading=\"lazy\" decoding=\"async\" class=\" wp-image-809  \" alt=\"Cabras Pastando\" src=\"http:\/\/blogs.noticiasdenavarra.com\/misitinerariospornavarra\/files\/2013\/10\/IMG_20130928_082217.jpg\" width=\"368\" height=\"277\" srcset=\"https:\/\/blogs.noticiasdenavarra.com\/misitinerariospornavarra\/files\/2013\/10\/IMG_20130928_082217.jpg 1024w, https:\/\/blogs.noticiasdenavarra.com\/misitinerariospornavarra\/files\/2013\/10\/IMG_20130928_082217-300x225.jpg 300w\" sizes=\"auto, (max-width: 368px) 100vw, 368px\" \/><\/a><figcaption id=\"caption-attachment-809\" class=\"wp-caption-text\">Cabras Pastando<\/figcaption><\/figure>\n<p style=\"text-align: justify\">A los 115 metros de la nave de JOSE ANCHO hay una bifurcaci\u00f3n de caminos. Cogemos el de la izquierda. A partir de aqu\u00ed, y durante un buen rato, debemos seguir el camino sin desviarnos de \u00e9l para nada. Durante este tramo, que en varias zonas discurre en alto, podremos admirar la gran cantidad de pastos existentes acompa\u00f1ados, muchos de ellos, con el sonido de los cencerros de los diferentes tipos de animales que se encuentran pastando. A los 2,000 Km de la bifurcaci\u00f3n que hemos pasado al principio nos encontramos con un desv\u00edo del camino que va a la derecha; lo pasamos. A los 80 m. nos encontramos con otra bifurcaci\u00f3n de caminos; tiramos por el de la derecha. Todav\u00eda no hemos comenzado la ascensi\u00f3n que tenemos que hacer. La bifurcaci\u00f3n del camino antes citada es la separaci\u00f3n de tres t\u00e9rminos de la localidad : Zozagotz, Arrizabala y Aritzmendia, hemos andado 2,900 Km. y estamos a una altitud de 1.002 m. sobre el nivel del mar (Hemos bajado, por ahora, 48 m. desde el comienzo del recorrido). Seguimos por la buena pista, pasamos una granja, a la izquierda, en la que pone \u00abRANCHO VIDONDO 1983\u00bb.<\/p>\n<figure id=\"attachment_811\" aria-describedby=\"caption-attachment-811\" style=\"width: 368px\" class=\"wp-caption alignright\"><a href=\"http:\/\/blogs.noticiasdenavarra.com\/misitinerariospornavarra\/files\/2013\/10\/IMG_20130928_093310.jpg\"><img loading=\"lazy\" decoding=\"async\" class=\"wp-image-811 \" alt=\"Ca\u00f1ada real\" src=\"http:\/\/blogs.noticiasdenavarra.com\/misitinerariospornavarra\/files\/2013\/10\/IMG_20130928_093310.jpg\" width=\"368\" height=\"277\" srcset=\"https:\/\/blogs.noticiasdenavarra.com\/misitinerariospornavarra\/files\/2013\/10\/IMG_20130928_093310.jpg 1024w, https:\/\/blogs.noticiasdenavarra.com\/misitinerariospornavarra\/files\/2013\/10\/IMG_20130928_093310-300x225.jpg 300w\" sizes=\"auto, (max-width: 368px) 100vw, 368px\" \/><\/a><figcaption id=\"caption-attachment-811\" class=\"wp-caption-text\">Ca\u00f1ada real<\/figcaption><\/figure>\n<div><\/div>\n<p style=\"text-align: justify\">Pasado el \u00abRancho Vidondo\u00bb, y despu\u00e9s de 550 m. nos introducimos en el bosque, comenzamos la ascensi\u00f3n y nos topamos con una verja que corta el camino para evitar la salida de los animales. Nos encontramos en el camino que separa los t\u00e9rminos de Aintziondoa y Gadeapea, estamos a 1.055 m. de altura, y empezamos a ver las primeras hayas del bosque. La zona baja del bosque, como hemos dicho, es de hayas, luego hay una zona en la que se mezclan pinos y hayas, y la zona superior de este primer tramo del bosque es de pinos, pasamos un paso canadiense con una verja y alguna flecha indicativa, y despu\u00e9s de 1.200 m. desde la primera verja llegamos a un llano en el que el camino separa prados naturales flanqueados por alg\u00fan \u00e1rbol suelto. Al comienzo de este llano nos volvemos a encontrar con una se\u00f1al que indica La Ruta de los Salacencos que volveremos a ver m\u00e1s adelante. Estamos en el t\u00e9rmino de \u00abEl Borreguil\u00bb, y el camino que lo atraviesa es la Ca\u00f1ada Real de Milagro a Aezkoa, atravesamos el llano y nos introducimos, de nuevo, en la otra parte del bosque. Esta vez son todo hayas, bien rectas, agrupadas y en perfecta formaci\u00f3n, tal y como puede verse en la fotograf\u00eda siguiente.<\/p>\n<figure id=\"attachment_814\" aria-describedby=\"caption-attachment-814\" style=\"width: 277px\" class=\"wp-caption aligncenter\"><a href=\"http:\/\/blogs.noticiasdenavarra.com\/misitinerariospornavarra\/files\/2013\/10\/IMG_20130928_094615.jpg\"><img loading=\"lazy\" decoding=\"async\" class=\" wp-image-814  \" alt=\"Hayedo\" src=\"http:\/\/blogs.noticiasdenavarra.com\/misitinerariospornavarra\/files\/2013\/10\/IMG_20130928_094615.jpg\" width=\"277\" height=\"368\" srcset=\"https:\/\/blogs.noticiasdenavarra.com\/misitinerariospornavarra\/files\/2013\/10\/IMG_20130928_094615.jpg 768w, https:\/\/blogs.noticiasdenavarra.com\/misitinerariospornavarra\/files\/2013\/10\/IMG_20130928_094615-225x300.jpg 225w\" sizes=\"auto, (max-width: 277px) 100vw, 277px\" \/><\/a><figcaption id=\"caption-attachment-814\" class=\"wp-caption-text\">Hayedo<\/figcaption><\/figure>\n<p style=\"text-align: justify\">A los 775 metros de haber comenzado la subida en esta segunda zona de ascensi\u00f3n, tenemos que tener cuidado y desviarnos a la izquierda por una senda que baja hacia abajo. El punto de bajada comienza, justo, a los 7,71 km. del inicio del recorrido, y despu\u00e9s de una hora y cincuenta y seis minutos andando. Yo me pas\u00e9 de este punto, siguiendo el camino, en estos ratos en los que no miras el GPS, y a los 5 minutos me di cuenta y tuve que volver hacia atr\u00e1s los 300 metros aproximadamente que me hab\u00eda pasado. Para m\u00e1s informaci\u00f3n, y bas\u00e1ndome en el SITNA este punto en concreto tiene las coordenadas geogr\u00e1ficas siguientes: Latitud = 42\u00ba 51&#8242; 35&#8243; N &#8211; Longitud = 1\u00ba 12&#8242; 23&#8243; O. Comenzamos la bajada despu\u00e9s del despiste y a los 250 metros nos volvemos a encontrar con otra verja que cierra el camino. LLevamos casi 8 km. andando y ya hemos comenzado el descenso. A los 800 m. de la verja y en un claro del monte nos topamos con otro camino, giramos a la izquierda, y nada m\u00e1s girar nos encontramos con un hito indicativo del Sendero Local SL NA 65 A. Seguimos el camino, en descenso, hasta llegar despues de 1700 m. del hito a un \u00e1rea de descanso en la que hay varios paneles informativos, varias flechas indicativas, mesas y aparcamiento donde hay varios veh\u00edculos aparcados y que, desde aqu\u00ed, comienzan su andadura (Lo que es saber los sitios). Ya hemos salido del monte y estamos en una zona rodeada de pastos, pasamos otro paso canadiense cerca del cual hay unos cuantos caballos y varias ovejas,seguimos por un camino asfaltado y bien cuidado. Pasamos por las Casas de Erremendia, que las dejamos a la izquierda, y vamos discurriendo por una carretera desde la cual podemos apreciar la forma de vida de esta zona a trav\u00e9s de las diversas granjas que vemos. Atravesamos un peque\u00f1o bosque de hayas sobre el camino asfaltado que en realidad es la Carretera NA 2021, en este momento estamos en el t\u00e9rmino de Erremendia y Sarraldea.<\/p>\n<figure id=\"attachment_815\" aria-describedby=\"caption-attachment-815\" style=\"width: 368px\" class=\"wp-caption aligncenter\"><a href=\"http:\/\/blogs.noticiasdenavarra.com\/misitinerariospornavarra\/files\/2013\/10\/IMG_20130928_104436.jpg\"><img loading=\"lazy\" decoding=\"async\" class=\" wp-image-815  \" alt=\"Paso Canadiense en Erremendia\" src=\"http:\/\/blogs.noticiasdenavarra.com\/misitinerariospornavarra\/files\/2013\/10\/IMG_20130928_104436.jpg\" width=\"368\" height=\"277\" srcset=\"https:\/\/blogs.noticiasdenavarra.com\/misitinerariospornavarra\/files\/2013\/10\/IMG_20130928_104436.jpg 1024w, https:\/\/blogs.noticiasdenavarra.com\/misitinerariospornavarra\/files\/2013\/10\/IMG_20130928_104436-300x225.jpg 300w\" sizes=\"auto, (max-width: 368px) 100vw, 368px\" \/><\/a><figcaption id=\"caption-attachment-815\" class=\"wp-caption-text\">Paso Canadiense en Erremendia<\/figcaption><\/figure>\n<p style=\"text-align: justify\">Nos faltan 1.800 m. para llegar a la Carretera NA 140 que nos lleva directamente a Abaurrea. En estos momentos llevamos 15,500 km andando, y aqu\u00ed quiero hacer una aclaraci\u00f3n.<\/p>\n<p style=\"text-align: justify\">Todos estos recorridos que hago me los dise\u00f1o yo a partir del Google Earth, me los meto en mi dispoitivo m\u00f3vil, y una vez en el recorrido no hay que hacer otra cosa m\u00e1s que seguir la l\u00ednea azul que te indica \u00e9ste. Unas veces acierto y otras no, unas veces dise\u00f1o un tramo de un recorrido por un lugar que parece un camino y resulta que es un riachuelo, otras veces me encuentro con vallas de alambre de espinos que me las veo y me las deseo para salvarlas. En este caso de Abaurrea, y lo digo con toda sinceridad, y seg\u00fan mi dise\u00f1o, sobran los 5 \u00faltimos kil\u00f3metros, ya que su discurrir es por carretera que a m\u00ed, particularmente, no me dicen nada, aunque vayas viendo paisajes que, normalmente, no ves en la zona donde resido.<\/p>\n<figure id=\"attachment_816\" aria-describedby=\"caption-attachment-816\" style=\"width: 368px\" class=\"wp-caption aligncenter\"><a href=\"http:\/\/blogs.noticiasdenavarra.com\/misitinerariospornavarra\/files\/2013\/10\/IMG_20130928_112633.jpg\"><img loading=\"lazy\" decoding=\"async\" class=\" wp-image-816  \" alt=\"Alto de Erremendia\" src=\"http:\/\/blogs.noticiasdenavarra.com\/misitinerariospornavarra\/files\/2013\/10\/IMG_20130928_112633.jpg\" width=\"368\" height=\"277\" srcset=\"https:\/\/blogs.noticiasdenavarra.com\/misitinerariospornavarra\/files\/2013\/10\/IMG_20130928_112633.jpg 1024w, https:\/\/blogs.noticiasdenavarra.com\/misitinerariospornavarra\/files\/2013\/10\/IMG_20130928_112633-300x225.jpg 300w\" sizes=\"auto, (max-width: 368px) 100vw, 368px\" \/><\/a><figcaption id=\"caption-attachment-816\" class=\"wp-caption-text\">Alto de Erremendia<\/figcaption><\/figure>\n<p style=\"text-align: justify\">Por lo tanto, despu\u00e9s de los \u00faltimos 5,000 km por carretera, llego a Abaurrea a las 12:11 horas despu\u00e9s de casi 4 horas de recorrido.<\/p>\n<p style=\"text-align: justify\">Una vez en Abaurrea no puedes dejar de ver tres cosas que a continuaci\u00f3n detallo:<\/p>\n<p style=\"text-align: justify\">1\u00ba) &#8211;\u00a0<strong>El <strong><a href=\"http:\/\/www.turismo.navarra.es\/esp\/organice-viaje\/recurso\/Ocioycultura\/4913\/Jardin-de-las-Estelas.htm\">Jard\u00edn de las Estelas<\/a><\/strong>, que se encuentra detr\u00e1s de la Iglesia de San Miguel<\/strong>. Se trata de una especie de laberinto en el que en su recorrido hay \u00abplantadas\u00bb diferentes estelas funerarias. Cuando llegu\u00e9 estaba cerrado, hay que llamar a alg\u00fan vecino de la localidad, esperar a que venga y que te abra. Con este jard\u00edn me llev\u00e9 un poco de decepci\u00f3n ya que se trata de una construcci\u00f3n met\u00e1lica moderna que, a mi modo de ver, no se integra en el entorno al situarse en la parte de atr\u00e1s de la Iglesia, tiene unas pasarelas met\u00e1licas galvanizadas que se asemejan m\u00e1s a una plataforma petrol\u00edfera que a un recinto, te\u00f3ricamente, funerario. Pero, en fin, doctores tiene la Iglesia que saben m\u00e1s que yo.<\/p>\n<figure id=\"attachment_817\" aria-describedby=\"caption-attachment-817\" style=\"width: 277px\" class=\"wp-caption aligncenter\"><a href=\"http:\/\/blogs.noticiasdenavarra.com\/misitinerariospornavarra\/files\/2013\/10\/XCIMG4806.jpg\"><img loading=\"lazy\" decoding=\"async\" class=\" wp-image-817  \" alt=\"Jard\u00edn de Estelas\" src=\"http:\/\/blogs.noticiasdenavarra.com\/misitinerariospornavarra\/files\/2013\/10\/XCIMG4806.jpg\" width=\"277\" height=\"368\" srcset=\"https:\/\/blogs.noticiasdenavarra.com\/misitinerariospornavarra\/files\/2013\/10\/XCIMG4806.jpg 768w, https:\/\/blogs.noticiasdenavarra.com\/misitinerariospornavarra\/files\/2013\/10\/XCIMG4806-225x300.jpg 225w\" sizes=\"auto, (max-width: 277px) 100vw, 277px\" \/><\/a><figcaption id=\"caption-attachment-817\" class=\"wp-caption-text\">Jard\u00edn de Estelas<\/figcaption><\/figure>\n<div style=\"text-align: justify\"><\/div>\n<p style=\"text-align: justify\">2\u00ba) &#8211;\u00a0<strong>Las Ruinas de la <strong><a href=\"http:\/\/www.lebrelblanco.com\/anexos\/atlas-AbaurreaAlta-Sanguesa.htm\">Ermita de San Miguel<\/a><\/strong>.<\/strong>\u00a0En lo alto del pueblo, y subiendo por un angosto sendero llegamos a un alto donde se ubican las ruinas de la Ermita de San Miguel. Se trata de una ermita de planta rectangular, de piedra caliza, en donde solo queda en pie, aparte de las muros perimetrales, uno de los arcos que formaban la b\u00f3veda de la cubierta. Cabe destacar que a la derecha de lo que fue la puerta de entrada, y que ahora est\u00e1 parcialmente tapiada, existe una estela con un lauburu y el nombre de \u00abignacio\u00bb.<\/p>\n<div style=\"text-align: center\">\n<dl id=\"attachment_2871\">\n<dt>\n<figure id=\"attachment_818\" aria-describedby=\"caption-attachment-818\" style=\"width: 368px\" class=\"wp-caption aligncenter\"><a href=\"http:\/\/blogs.noticiasdenavarra.com\/misitinerariospornavarra\/files\/2013\/10\/XCIMG4813.jpg\"><img loading=\"lazy\" decoding=\"async\" class=\" wp-image-818  \" alt=\"Ruinas Ermita San Miguel\" src=\"http:\/\/blogs.noticiasdenavarra.com\/misitinerariospornavarra\/files\/2013\/10\/XCIMG4813.jpg\" width=\"368\" height=\"277\" srcset=\"https:\/\/blogs.noticiasdenavarra.com\/misitinerariospornavarra\/files\/2013\/10\/XCIMG4813.jpg 1024w, https:\/\/blogs.noticiasdenavarra.com\/misitinerariospornavarra\/files\/2013\/10\/XCIMG4813-300x225.jpg 300w\" sizes=\"auto, (max-width: 368px) 100vw, 368px\" \/><\/a><figcaption id=\"caption-attachment-818\" class=\"wp-caption-text\">Ruinas Ermita San Miguel<\/figcaption><\/figure>\n<\/dt>\n<dd><\/dd>\n<\/dl>\n<\/div>\n<p style=\"text-align: justify\">3\u00ba) &#8211;\u00a0<strong>La <strong><a href=\"http:\/\/senderismonavarra.blogspot.com.es\/2011\/06\/monte-san-miguel-cueva-de-mauletxe.html\">Cueva de Mauleche<\/a><\/strong>.\u00a0<\/strong>A 200 metros de la ermita, y siguiendo una peque\u00f1a senda sinuosa que sale a la izquierda de la ermita nos encontramos con la Cueva de Mauleche, donde la leyenda dice que habit\u00f3 una bruja. No pude sacar fotos de la cueva porque me qued\u00e9 sin bater\u00eda del m\u00f3vil (Tengo que echarme otra bater\u00eda), pero el sitio tiene un cierto halo de misterio y aparte de eso, y es una buena atalaya para, con los prism\u00e1ticos, obtener magn\u00edficas vistas de los cercanos pirineos.<\/p>\n<p style=\"text-align: justify\">Una vez terminada mi ma\u00f1ana \u00absenderista\u00bb me acerqu\u00e9 al Bar Pirineo, cerca de donde hab\u00eda aparcado el coche, y me \u00abjink\u00e9\u00bb sin tocar pared medio bocadillo de jam\u00f3n y una ca\u00f1a.<\/p>\n<figure id=\"attachment_819\" aria-describedby=\"caption-attachment-819\" style=\"width: 368px\" class=\"wp-caption aligncenter\"><a href=\"http:\/\/blogs.noticiasdenavarra.com\/misitinerariospornavarra\/files\/2013\/10\/IMG_20130928_121227.jpg\"><img loading=\"lazy\" decoding=\"async\" class=\" wp-image-819  \" alt=\"Bar Los Pirineos\" src=\"http:\/\/blogs.noticiasdenavarra.com\/misitinerariospornavarra\/files\/2013\/10\/IMG_20130928_121227.jpg\" width=\"368\" height=\"277\" srcset=\"https:\/\/blogs.noticiasdenavarra.com\/misitinerariospornavarra\/files\/2013\/10\/IMG_20130928_121227.jpg 1024w, https:\/\/blogs.noticiasdenavarra.com\/misitinerariospornavarra\/files\/2013\/10\/IMG_20130928_121227-300x225.jpg 300w\" sizes=\"auto, (max-width: 368px) 100vw, 368px\" \/><\/a><figcaption id=\"caption-attachment-819\" class=\"wp-caption-text\">Bar Los Pirineos<\/figcaption><\/figure>\n<div style=\"text-align: justify\"><\/div>\n<p style=\"text-align: justify\">Ahora tocaba otra hora y media de regreso a casa en coche. A gusto y con la \u00abdevoci\u00f3n\u00bb cumplida me met\u00ed en el coche, que estaba a 200\u00ba al sol, y carretera y manta.<\/p>\n<p style=\"text-align: justify\">Para los que quer\u00e1is bajaros el recorrido para insertarlo en dispositivos m\u00f3viles pod\u00e9is pinchar en el siguiente enlace, y os llevar\u00e1 a la p\u00e1gina wikiloc donde est\u00e1 subida la ruta: \u00a0<a href=\"http:\/\/es.wikiloc.com\/wikiloc\/view.do?id=5350365\">Abaurreagaina.<\/a><\/p>\n<p style=\"text-align: justify\">\u00a0Este mismo recorrido est\u00e1 subido en mi blog personal. Pincha en el siguiente enlace y te llevar\u00e1 hasta \u00e9l: \u00a0<a href=\"http:\/\/patxiolite.wordpress.com\/mis-itinerarios\/ruta-no-37-por-los-alrededores-de-abaurrea-alta\/\">Patxi Olite<\/a><\/p>\n","protected":false},"excerpt":{"rendered":"<p>Ruta n\u00ba 18 &#8211; Por los alrededores de Abaurrea Alta &nbsp; DATOS T\u00c9CNICOS: GR\u00c1FICA DE PENDIENTES DESCRIPCI\u00d3N DEL RECORRIDO: S\u00e1bado d\u00eda 29 de septiembre de 2013, las 06:00 horas, me levanto para pegarme hora y media de viaje, con su correspondiente vuelta, para hacer un recorrido que se me hab\u00eda metido en la cabeza por &hellip; <a href=\"https:\/\/blogs.noticiasdenavarra.com\/misitinerariospornavarra\/2013\/10\/03\/ruta-no-18-por-los-alrededores-de-abaurrea-alta\/\" class=\"more-link\">Sigue leyendo <span class=\"screen-reader-text\">Ruta n\u00ba 18 &#8211; Por los alrededores de Abaurrea Alta<\/span><\/a><\/p>\n","protected":false},"author":77,"featured_media":0,"comment_status":"open","ping_status":"open","sticky":false,"template":"","format":"standard","meta":{"footnotes":""},"categories":[1154],"tags":[],"class_list":["post-793","post","type-post","status-publish","format-standard","hentry","category-rutas-por-navarra"],"_links":{"self":[{"href":"https:\/\/blogs.noticiasdenavarra.com\/misitinerariospornavarra\/wp-json\/wp\/v2\/posts\/793","targetHints":{"allow":["GET"]}}],"collection":[{"href":"https:\/\/blogs.noticiasdenavarra.com\/misitinerariospornavarra\/wp-json\/wp\/v2\/posts"}],"about":[{"href":"https:\/\/blogs.noticiasdenavarra.com\/misitinerariospornavarra\/wp-json\/wp\/v2\/types\/post"}],"author":[{"embeddable":true,"href":"https:\/\/blogs.noticiasdenavarra.com\/misitinerariospornavarra\/wp-json\/wp\/v2\/users\/77"}],"replies":[{"embeddable":true,"href":"https:\/\/blogs.noticiasdenavarra.com\/misitinerariospornavarra\/wp-json\/wp\/v2\/comments?post=793"}],"version-history":[{"count":23,"href":"https:\/\/blogs.noticiasdenavarra.com\/misitinerariospornavarra\/wp-json\/wp\/v2\/posts\/793\/revisions"}],"predecessor-version":[{"id":826,"href":"https:\/\/blogs.noticiasdenavarra.com\/misitinerariospornavarra\/wp-json\/wp\/v2\/posts\/793\/revisions\/826"}],"wp:attachment":[{"href":"https:\/\/blogs.noticiasdenavarra.com\/misitinerariospornavarra\/wp-json\/wp\/v2\/media?parent=793"}],"wp:term":[{"taxonomy":"category","embeddable":true,"href":"https:\/\/blogs.noticiasdenavarra.com\/misitinerariospornavarra\/wp-json\/wp\/v2\/categories?post=793"},{"taxonomy":"post_tag","embeddable":true,"href":"https:\/\/blogs.noticiasdenavarra.com\/misitinerariospornavarra\/wp-json\/wp\/v2\/tags?post=793"}],"curies":[{"name":"wp","href":"https:\/\/api.w.org\/{rel}","templated":true}]}}