{"id":480,"date":"2012-12-03T12:35:14","date_gmt":"2012-12-03T12:35:14","guid":{"rendered":"http:\/\/blogs.noticiasdenavarra.com\/misitinerariospornavarra\/?p=480"},"modified":"2012-12-03T12:35:14","modified_gmt":"2012-12-03T12:35:14","slug":"ruta-no-10-por-el-soto-de-villafanca","status":"publish","type":"post","link":"https:\/\/blogs.noticiasdenavarra.com\/misitinerariospornavarra\/2012\/12\/03\/ruta-no-10-por-el-soto-de-villafanca\/","title":{"rendered":"Ruta n\u00ba 10 &#8211; Por el soto de Villafanca"},"content":{"rendered":"<p><em><strong>Ruta n\u00ba 10 &#8211; Por el Soto de Villafranca.<\/strong><\/em><\/p>\n<p>Cada d\u00eda me da m\u00e1s pereza el, despu\u00e9s de hacer una ruta, meterla en mi blog, puesto que, a lo tonto, entre el texto, las fotos, los recorridos, etc\u2026 me pego dos o tres horas; pero, en fin, si a alguno le gusta los recorridos que subo y realiza alguno me dar\u00e9 por satisfecho.<\/p>\n<div><a href=\"http:\/\/patxiolite.files.wordpress.com\/2012\/01\/cimg4723.jpg\"><img loading=\"lazy\" decoding=\"async\" class=\"aligncenter\" src=\"http:\/\/patxiolite.files.wordpress.com\/2012\/01\/cimg4723.jpg?w=300&amp;h=225\" alt=\"Villafranca al amanecer\" width=\"300\" height=\"225\" \/><\/a><strong><em>Villafranca al amanecer<\/em><\/strong><\/p>\n<\/div>\n<p>El recorrido que os presento hoy me ha causado un poco de decepci\u00f3n; no por el recorrido en s\u00ed, sino porque es un recorrido para hacerlo entrada la primavera, cuando los \u00e1rboles est\u00e1n con hoja y los campos est\u00e1n en plena ebullici\u00f3n. El pasado domingo me encontr\u00e9 con todo lo contrario : los chopos de los sotos estaban completamente pelados y los campos estaban esperando su planta o semilla para que, con la gran cantidad de agua que hay en la zona, pudiesen ir creciendo.<\/p>\n<p>Por lo tanto, hay que tener en cuenta este dato : Este recorrido hay que hacerlo entrada la primavera. \u00a1 No se os ocurra hacerlo en verano, por que debe haber mosquitos como aviones!.<\/p>\n<p>Se trata de un recorrido sencillo (Completamente llano), quizas un poco largo (17,200 km), aunque se puede hacer mucho m\u00e1s corto de lo que yo lo hice.<\/p>\n<p>Deberemos dejar el coche, si bajas de Tafalla, una vez que has pasado Villafranca, y antes de llegar a la f\u00e1brica de <a href=\"http:\/\/www.turismo.navarra.es\/esp\/organice-viaje\/recurso.aspx?o=4249\">Gutarra<\/a>, a la derecha del final de pueblo. Sal\u00ed de Tafalla a las 8:00 horas y bajando despacio te presentas en 20-25 minutos.<\/p>\n<p>A las 8:33 horas empec\u00e9 mi particular aventura. Te metes de lleno en unos caminos de concentraci\u00f3n parcelaria, llanos y anchos, donde lo primero que nos llama la atenci\u00f3n es el magn\u00edfico sistema de regad\u00edo que existe en la zona, con unos canales de hormig\u00f3n que van repletos de aguia, como podemos apreciar en la fotograf\u00eda que presento seguido a este p\u00e1rrafo.<\/p>\n<div><a href=\"http:\/\/patxiolite.files.wordpress.com\/2012\/01\/cimg4724.jpg\"><img loading=\"lazy\" decoding=\"async\" class=\"aligncenter\" src=\"http:\/\/patxiolite.files.wordpress.com\/2012\/01\/cimg4724.jpg?w=300&amp;h=225\" alt=\"\" width=\"300\" height=\"225\" \/><\/a><em><strong>Canales repletos de agua<\/strong><\/em><\/p>\n<\/div>\n<p>La primera media hora de recorrido no tiene mayor inter\u00e9s que la de apreciar la gran llanura que se extiende entre <a href=\"http:\/\/www.villafranca.es\/es\/\">Villafranca<\/a> y <a href=\"http:\/\/www.milagro.es\/es\/\">Milagro<\/a> que, unido a la cantidad de agua que aporta el <a href=\"http:\/\/es.wikipedia.org\/wiki\/R%C3%ADo_Arag%C3%B3n\">R\u00edo Arag\u00f3n<\/a>, hace que esta sea una zona privilegiada en cuanto a cultivo de regad\u00edo se refiere. El pasado domingo y, teniendo en cuenta mi ignorancia agr\u00edcola, lo \u00fanico que vi fue alg\u00fan campo con plantaci\u00f3n de \u00bfguisantes? (Si alguno me dice lo contrario lo aceptar\u00e9 sin discusi\u00f3n alguna).<\/p>\n<p>Poco a poco te vas acercando a la zona m\u00e1s interesante que es el, propiamente, llamado \u201c<a href=\"http:\/\/www.navarrabirdwatching.com\/content\/r%C3%ADos-y-sotos\">Soto<\/a>\u201c, que es toda la zona que flanquea el r\u00edo Arag\u00f3n, entre Villafranca y Milagro, por su margen izquierdo y que est\u00e1 repleto de choperas que albergan una gran cantidad de vida, tanto a nivel econ\u00f3mico (Aporte de madera), a nivel faun\u00edstico (<a href=\"http:\/\/es.wikipedia.org\/wiki\/Phalacrocorax\">Cormoranes<\/a>, buitres, cig\u00fce\u00f1as, etc\u2026) y a nivel de flora (Gran cantidad de especies vegetales). La margen derecha del r\u00edo est\u00e1 interceptada por grandes cortados donde buitres y todo tipo de aves establecen su \u201csede social\u201d oteando todo lo que pasa abajo.<\/p>\n<div><a href=\"http:\/\/patxiolite.files.wordpress.com\/2012\/01\/cimg4730.jpg\"><img loading=\"lazy\" decoding=\"async\" class=\"aligncenter\" src=\"http:\/\/patxiolite.files.wordpress.com\/2012\/01\/cimg4730.jpg?w=300&amp;h=225\" alt=\"\" width=\"300\" height=\"225\" \/><\/a><em><strong>Cortados en la margen derecha del R\u00edo Arag\u00f3n<\/strong><\/em><\/p>\n<\/div>\n<p>Una vez llegas a esta zona ya no la abandonas hasta llegar a Milagro, vas paralelo al r\u00edo durante todo el rato, meti\u00e9ndote por las choperas, y admirando toda la vida que tienen que tener estos lugares en otra \u00e9poca del a\u00f1o\u00a0 que no sea invierno. En este recorrido que, al final, os indicar\u00e9 con todo lujo de detalles, en un momento determinado llegas hasta la misma orilla del r\u00edo donde puedes admirar toda la anchura del mismo, y que, a buen seguro, en verano ser\u00e1 zona de ocio de gente que prefiera pasar un domingo en el campo. El montaje de tres fotos que presento a continuaci\u00f3n reafirma lo que espongo en este apartado.-<\/p>\n<div><a href=\"http:\/\/patxiolite.files.wordpress.com\/2012\/01\/montaje-11-e1327952601629.jpg\"><img loading=\"lazy\" decoding=\"async\" class=\"aligncenter\" src=\"http:\/\/patxiolite.files.wordpress.com\/2012\/01\/montaje-11-e1327952601629.jpg?w=300&amp;h=91\" alt=\"\" width=\"300\" height=\"91\" \/><\/a><em><strong>Vida en el Soto<\/strong><\/em><\/p>\n<\/div>\n<p>Poco a poco, y despu\u00e9s de muchas paradas, admirando todo lo que el terreno nos ofrece, vas entrando en Milagro, por un camino paralelo al r\u00edo que te deja en el mismo puente que accede a la localidad. Pasamos el campo de f\u00fatbol y me emplazo en mitad del largo puente para sacar una panor\u00e1mica que coga el r\u00edo y Milagro ubicado en su atalaya, y desde donde domina toda la zona este del \u00e1mbito en el que nos encontramos.<\/p>\n<div><a href=\"http:\/\/patxiolite.files.wordpress.com\/2012\/01\/cimg4742.jpg\"><img loading=\"lazy\" decoding=\"async\" class=\"aligncenter\" src=\"http:\/\/patxiolite.files.wordpress.com\/2012\/01\/cimg4742.jpg?w=300&amp;h=225\" alt=\"\" width=\"300\" height=\"225\" \/><\/a><em><strong>Milagro en su atalaya sobre el R\u00edo Arag\u00f3n<\/strong><\/em><\/p>\n<\/div>\n<p>Una vez que he llegado a Milagro el cielo empieza a ponerse feo y amenaza lluvia. Emprendo el regreso por la zona m\u00e1s al este del recorrido. En un principio, y en el t\u00e9rmino de Milagro, el terreno est\u00e1 formado, principalmente, por peque\u00f1os latifundios de <a href=\"http:\/\/www.embajadadelahuerta.com\/2011\/07\/milagro-paraiso-terrenal-de-las-cerezas.html\">huertas<\/a> que presentan infinidad de variedades hort\u00edcolas, igualmente podemos admirar (Como no) gran cantidad de cerezos, y alg\u00fan que otro campo de manzanos. En cuanto llegamos a Villafranca la anatom\u00eda del terreno cambia considerablemente pasando a un \u201clatifundio\u201d de grandes extensiones de terreno para producci\u00f3n masiva de ma\u00edz, guisantes, etc\u2026 y con una excelente estructura de canales para regad\u00edo. En esta zona, en concreto el cereal brilla por su ausencia.<\/p>\n<div><a href=\"http:\/\/patxiolite.files.wordpress.com\/2012\/01\/cimg4743.jpg\"><img loading=\"lazy\" decoding=\"async\" class=\"aligncenter\" src=\"http:\/\/patxiolite.files.wordpress.com\/2012\/01\/cimg4743.jpg?w=225&amp;h=300\" alt=\"\" width=\"225\" height=\"300\" \/><\/a><em><strong>A la vuelta de Milagro con Villafranca al fondo.<\/strong><\/em><\/p>\n<\/div>\n<p>Poco a poco, con el viento de cara, y con el tiempo un poco gris vamos llegando a nuestro puento de partida, al que llegamos despues de 3:55 horas.<\/p>\n<p>En este recorrido he probado un \u201cjuguetico\u201d que ha llegado a mis manos, que no es otro que un tel\u00e9fono m\u00f3vil de estos de 3\u00aa o 4\u00aa generaci\u00f3n, que te hace de todo : Tel\u00e9fono, Radio, Grabadora, Musica, GPS, Navegador, etc\u2026\u2026 Me lo dej\u00e9 programado para que, despu\u00e9s de meterle el recorrido que hab\u00eda compuesto el d\u00eda anterior en Google Earth, me indicase tambi\u00e9n por la zona donde hab\u00eda realizado el recorrido, indic\u00e1ndome todo tipo de datos que le puedas pedir, como es la distancia recorrida, los parciales, en cuanto a tiempo, velocidad y altitud de cad uno de los kil\u00f3metros, las gr\u00e1ficas del recorrido, etc., orient\u00e1ndote, aparte de todo eso, durante el recorrido, por donde tienes que ir, sin el peligro de perderte; lo \u00fanico que te puede pasar (Como me pas\u00f3) que te pases alguna bifurcaci\u00f3n, sin darte cuenta, y al cabo de un rato, cuando miras de nuevo el aparatito, tengas que echar marcha atr\u00e1s para coger el camino bueno.<\/p>\n<p>No os voy a presentar los parciales de cada kil\u00f3metro puesto que, aparte de ser un co\u00f1azo, no dice nada en funci\u00f3n de la capacidad f\u00edsica de cada uno que haga el recorrido, y aparte, tampoco es muy real, ya que te indica, entre otras cosas, el tiempo que tardas en hacer\u00a0 cada uno de los kil\u00f3metros, pero si en un momento determinado te paras a sacar unas fotos o a admirar un paisaje el tiempo, salvo que pares el aparatito, te sigue contando.<\/p>\n<p>Lo que s\u00ed os voy a presentar es una im\u00e1gen sacada, una vez finalizado el recorrido, en la que se aprecia, en color rojo, en la parte superior todo el trayecto seguido durante las, casi, 4:00 horas que dur\u00f3 el mismo, y en la parte inferior el perfil del recorrido que, aunque parece exagerado, si os fij\u00e1is en las alturas es muy poco.<\/p>\n<div><a href=\"http:\/\/patxiolite.files.wordpress.com\/2012\/01\/recorrido-google-earht.jpg\"><img loading=\"lazy\" decoding=\"async\" class=\"aligncenter\" src=\"http:\/\/patxiolite.files.wordpress.com\/2012\/01\/recorrido-google-earht.jpg?w=645&amp;h=351\" alt=\"\" width=\"645\" height=\"351\" \/><\/a><em><strong>Recorrido por el Soto de Villafranca<\/strong><\/em><\/p>\n<\/div>\n<p>Para informaci\u00f3n m\u00e1s detallada, y por si alguien se quiere descargar el recorrido, para luego cargarselo a su GPS o tel\u00e9fono m\u00f3vil y poder hacer el recorrido, pinchar en este<a title=\"Wikiloc\" href=\"http:\/\/es.wikiloc.com\/wikiloc\/view.do?id=2450673\"> enlace<\/a>.-<\/p>\n<p>Seguiremos insistiendo y haciendo m\u00e1s recorridos a lo largo y ancho de nuestra comunidad.<\/p>\n<p>Saludos y hasta otra.-<\/p>\n<p><strong><em><\/em><\/strong><\/p>\n","protected":false},"excerpt":{"rendered":"<p>Ruta n\u00ba 10 &#8211; Por el Soto de Villafranca. Cada d\u00eda me da m\u00e1s pereza el, despu\u00e9s de hacer una ruta, meterla en mi blog, puesto que, a lo tonto, entre el texto, las fotos, los recorridos, etc\u2026 me pego dos o tres horas; pero, en fin, si a alguno le gusta los recorridos que &hellip; <a href=\"https:\/\/blogs.noticiasdenavarra.com\/misitinerariospornavarra\/2012\/12\/03\/ruta-no-10-por-el-soto-de-villafanca\/\" class=\"more-link\">Sigue leyendo <span class=\"screen-reader-text\">Ruta n\u00ba 10 &#8211; Por el soto de Villafanca<\/span><\/a><\/p>\n","protected":false},"author":77,"featured_media":0,"comment_status":"open","ping_status":"open","sticky":false,"template":"","format":"standard","meta":{"footnotes":""},"categories":[1154],"tags":[],"class_list":["post-480","post","type-post","status-publish","format-standard","hentry","category-rutas-por-navarra"],"_links":{"self":[{"href":"https:\/\/blogs.noticiasdenavarra.com\/misitinerariospornavarra\/wp-json\/wp\/v2\/posts\/480","targetHints":{"allow":["GET"]}}],"collection":[{"href":"https:\/\/blogs.noticiasdenavarra.com\/misitinerariospornavarra\/wp-json\/wp\/v2\/posts"}],"about":[{"href":"https:\/\/blogs.noticiasdenavarra.com\/misitinerariospornavarra\/wp-json\/wp\/v2\/types\/post"}],"author":[{"embeddable":true,"href":"https:\/\/blogs.noticiasdenavarra.com\/misitinerariospornavarra\/wp-json\/wp\/v2\/users\/77"}],"replies":[{"embeddable":true,"href":"https:\/\/blogs.noticiasdenavarra.com\/misitinerariospornavarra\/wp-json\/wp\/v2\/comments?post=480"}],"version-history":[{"count":7,"href":"https:\/\/blogs.noticiasdenavarra.com\/misitinerariospornavarra\/wp-json\/wp\/v2\/posts\/480\/revisions"}],"predecessor-version":[{"id":487,"href":"https:\/\/blogs.noticiasdenavarra.com\/misitinerariospornavarra\/wp-json\/wp\/v2\/posts\/480\/revisions\/487"}],"wp:attachment":[{"href":"https:\/\/blogs.noticiasdenavarra.com\/misitinerariospornavarra\/wp-json\/wp\/v2\/media?parent=480"}],"wp:term":[{"taxonomy":"category","embeddable":true,"href":"https:\/\/blogs.noticiasdenavarra.com\/misitinerariospornavarra\/wp-json\/wp\/v2\/categories?post=480"},{"taxonomy":"post_tag","embeddable":true,"href":"https:\/\/blogs.noticiasdenavarra.com\/misitinerariospornavarra\/wp-json\/wp\/v2\/tags?post=480"}],"curies":[{"name":"wp","href":"https:\/\/api.w.org\/{rel}","templated":true}]}}