{"id":98,"date":"2017-05-11T20:38:59","date_gmt":"2017-05-11T20:38:59","guid":{"rendered":"http:\/\/blogs.noticiasdenavarra.com\/loquevependergast\/?p=98"},"modified":"2017-05-11T20:38:59","modified_gmt":"2017-05-11T20:38:59","slug":"the-expanse","status":"publish","type":"post","link":"https:\/\/blogs.noticiasdenavarra.com\/loquevependergast\/2017\/05\/11\/the-expanse\/","title":{"rendered":"The Expanse"},"content":{"rendered":"<p><a href=\"http:\/\/blogs.noticiasdenavarra.com\/loquevependergast\/files\/2017\/05\/The-expanse.jpg\"><img loading=\"lazy\" decoding=\"async\" class=\" size-medium wp-image-100 aligncenter\" src=\"http:\/\/blogs.noticiasdenavarra.com\/loquevependergast\/files\/2017\/05\/The-expanse-580x273.jpg\" alt=\"The expanse\" width=\"580\" height=\"273\" srcset=\"https:\/\/blogs.noticiasdenavarra.com\/loquevependergast\/files\/2017\/05\/The-expanse-580x273.jpg 580w, https:\/\/blogs.noticiasdenavarra.com\/loquevependergast\/files\/2017\/05\/The-expanse-940x442.jpg 940w, https:\/\/blogs.noticiasdenavarra.com\/loquevependergast\/files\/2017\/05\/The-expanse.jpg 1046w\" sizes=\"auto, (max-width: 580px) 100vw, 580px\" \/><\/a><\/p>\n<p>Hola saludos!!!<\/p>\n<p style=\"text-align: justify\">Ya hace tiempo que no entro, soy lo m\u00e1s de lo peor, pero es que o nunca encuentro momento, o no afino de qu\u00e9 hablar. Podr\u00eda excusarme y decir que digo muchas cosas en mi twitter, @eapendergast, pero es que tampoco \ud83d\ude42 Aunque bueno, s\u00ed que es verdad que la radio <img loading=\"lazy\" decoding=\"async\" class=\"alignright\" src=\"http:\/\/www.eguzki.eus\/wp-content\/uploads\/2014\/09\/gruposalvaje3.jpg\" alt=\"http:\/\/www.eguzki.eus\/wp-content\/uploads\/2014\/09\/gruposalvaje3.jpg\" width=\"242\" height=\"124\" \/>me ocupa mucho tiempo, y que es actualmente una de las actividades que m\u00e1s satisfacciones me da. Ese cuarto de hora que mis compa\u00f1eros me dejan al principio dan para mucho y ah\u00ed s\u00ed que cuento todas las cosas que veo y pasamos un rato muy muy bueno, como el de este martes pasado cuando estuvimos hablando de los <a href=\"http:\/\/www.ivoox.com\/s03xe028-grupo-salvaje-veteranos-as-salvajes-audios-mp3_rf_18586232_1.html\">veteranos del cine<\/a>. Grande <a href=\"http:\/\/eguzki.eus\/grupo-salvaje\/\">Grupo Salvaje<\/a>.<\/p>\n<p style=\"text-align: justify\">Bueno, me dejo de dar rodeos para pasar a hablar de lo que importa, y hoy toca comentar una serie que desech\u00e9 en su momento, pero tras unos recientes acontecimientos que ahora os contar\u00e9, la retom\u00e9, y estoy encantado.<\/p>\n<p style=\"text-align: justify\"><strong>The Expanse<\/strong> es una serie de ciencia ficci\u00f3n, pero de la que llaman <strong>Hard<\/strong>, es decir, lo que narra lo hace desde casi un punto de vista cient\u00edfico, las explicaciones de las radiaciones, los movimientos de las naves, el efecto de la falta de la gravedad en generaciones de humanos, todo est\u00e1 perfectamente estudiado y no se dejan llevar por licencias cinematogr\u00e1ficas, al menos no en exceso. El problema que le encontr\u00e9 en su momento es que <strong>la trama resulta tremendamente complicada<\/strong>, en exceso, y al final me cans\u00e9 y la dej\u00e9, y eso que act\u00faa <a href=\"http:\/\/www.imdb.com\/name\/nm0005048\/?ref_=tt_ov_st_sm\">Thomas Jane<\/a>, un actor que siempre me ha gustado (aunque lamentablemente se parece f\u00edsicamente a Christopher Lambert, y eso ya es una desgracia), especialmente desde la serie <a href=\"http:\/\/www.imdb.com\/title\/tt1229413\/?ref_=nv_sr_1\">Hung<\/a>. Esta era una serie sobre un pobre t\u00edo perdedor de la vida, divorciado, con unos hijos que no le quieren, y cuyo \u00fanico talento reside en su miembro viril, algo que sabe explotar magn\u00edficamente para su provecho y para diversi\u00f3n de todos la buena actriz <a href=\"http:\/\/www.imdb.com\/name\/nm0011038\/?ref_=tt_cl_t2\">Jane Adams<\/a>. Fueron tres temporadas y dur\u00f3 lo que ten\u00eda que durar. Se fue y nos dej\u00f3 un buen recuerdo.<\/p>\n<p style=\"text-align: justify\"><img loading=\"lazy\" decoding=\"async\" class=\"shrinkToFit alignleft\" src=\"http:\/\/novalibros.com\/wp-content\/uploads\/2016\/08\/P-EL-DESPERTAR-DEL-LEVIATAN_TB.jpg\" alt=\"http:\/\/novalibros.com\/wp-content\/uploads\/2016\/08\/P-EL-DESPERTAR-DEL-LEVIATAN_TB.jpg\" width=\"154\" height=\"239\" \/>Bueno, pues ni el se\u00f1or Jane hizo que mantuviera la serie. Termin\u00f3 la primera temporada, enarqu\u00e9 una sorprendida ceja cuando vi que la renovaron y observ\u00e9 con preocupaci\u00f3n que los comentarios de la segunda temporada eran bastante buenos. La gota que colm\u00f3 el vaso fue una <strong>conversaci\u00f3n con el club de sabios de los viernes a la tarde<\/strong>, que me comunicaron que la serie est\u00e1 basada en unas novelas creadas por James S.A. Corey, el seud\u00f3nimo de un par de autores que van ya por la sexta novela de la serie. Resulta que la primera temporada est\u00e1 basada en el primer libro, y el t\u00edtulo del \u00faltimo cap\u00edtulo corresponde con el del libro, <a href=\"http:\/\/www.edicionesb.com\/catalogo\/autor\/james-s-a-corey\/1424\/libro\/el-despertar-del-leviatan_4272.html\">El despertar del Leviat\u00e1n<\/a>.<\/p>\n<p style=\"text-align: justify\">Eso ya fue la gota que colm\u00f3 el vaso, pues me hizo recordar lo bien que me lo pas\u00e9 leyendo el primer libro de Juego de Tronos a la par que ve\u00eda la serie. Disfrut\u00e9 mucho con esa experiencia y ahora quer\u00eda revivirla. Bueno, lo de Juego de Tronos se fue de las manos, y los que leemos tambi\u00e9n las novelas estamos cabreados, pero ese es otro tema.<\/p>\n<p style=\"text-align: justify\">Pues me puse a leer el libro, y ahora s\u00ed, la trama est\u00e1 mucho mejor hilada, no est\u00e1 innecesariamente retorcida como en la serie y ahora que voy por el 50% del libro tengo que decir que me est\u00e1 encantando. De hecho he vuelto a ver el primer episodio de la serie y ahora entiendo muchas cosas, es una gozada.<\/p>\n<p style=\"text-align: justify\"><img decoding=\"async\" class=\"aligncenter\" src=\"http:\/\/cdn.spoilertv.com\/images\/headers\/the-expanse.jpg\" alt=\"http:\/\/cdn.spoilertv.com\/images\/headers\/the-expanse.jpg\" \/><\/p>\n<p style=\"text-align: justify\">El argumento de la serie es bueno, el sistema solar ha sido colonizado por la humanidad y hay dos potencias enfrentadas: la Tierra y Marte que pugnan por el control del Cintur\u00f3n de Asteroides, de donde salen todas las materias primas para la humanidad y cuyos habitantes han sido hist\u00f3ricamente explotados por ambas partes. Tenemos varias historias a la vez, la de un detective, Miller (Jane) que es un agente de seguridad en la estaci\u00f3n CERES al que le asignan la investigaci\u00f3n de la desaparici\u00f3n de Julie Mao, una joven de familia importante que podr\u00eda tener lazos con la APE (Asociaci\u00f3n de Planetas Exteriores). La otra historia es la del <strong>Jim Holden <\/strong>y su tripulaci\u00f3n, que atienden una llamada de emergencia de una nave que se llama Scopuli y que es el desencadenante de la guerra que est\u00e1 por venir. Tenemos intrigas pol\u00edticas y muchos personajes que hacen que tengamos todos los sentidos puestos en la serie si no queremos perdernos nada.<\/p>\n<p style=\"text-align: justify\">Ahora lo entiendo todo bien y recomiendo leer el primer libro, que est\u00e1 en castellano. Y si no, si se sigue la serie con atenci\u00f3n tambi\u00e9n la puedes disfrutar.<\/p>\n<h2 style=\"text-align: justify\">En otro orden\u00a0 de cosas<\/h2>\n<p style=\"text-align: justify\">Sigo viendo series, pero cada vez hay que elegir m\u00e1s. Ahora mismo tengo el calendario algo chuchurr\u00edo, pero tambi\u00e9n normal porque tambi\u00e9n ha cambiado el modo en que vemos series. Tengo temporadas completas para ver de Patriot. Sense 8, Iron Fist, Thirteen Reasons Why que como no se emiten semana a semana, no entran en calendario pero no significa que vaya bien, todo lo contrario.<\/p>\n<p style=\"text-align: justify\">Alg\u00fan d\u00eda si tengo tiempo y ganas analizar\u00e9 c\u00f3mo han cambiado nuestros h\u00e1bitos a la hora de ver series, para bien, claro.<\/p>\n<p style=\"text-align: justify\">Mientras, os recomiendo Feud, Better call Saul, Fargo, The Leftovers<\/p>\n<p style=\"text-align: justify\">Saludos y gracias por leerme<\/p>\n<p>&nbsp;<\/p>\n","protected":false},"excerpt":{"rendered":"<p>Hola saludos!!! Ya hace tiempo que no entro, soy lo m\u00e1s de lo peor, pero es que o nunca encuentro momento, o no afino de qu\u00e9 hablar. Podr\u00eda excusarme y decir que digo muchas cosas en mi twitter, @eapendergast, pero es que tampoco \ud83d\ude42 Aunque bueno, s\u00ed que es verdad que la radio me ocupa &hellip; <a href=\"https:\/\/blogs.noticiasdenavarra.com\/loquevependergast\/2017\/05\/11\/the-expanse\/\" class=\"more-link\">Sigue leyendo <span class=\"screen-reader-text\">The Expanse<\/span><\/a><\/p>\n","protected":false},"author":86,"featured_media":0,"comment_status":"open","ping_status":"open","sticky":false,"template":"","format":"standard","meta":{"footnotes":""},"categories":[4],"tags":[],"class_list":["post-98","post","type-post","status-publish","format-standard","hentry","category-sin-categoria"],"_links":{"self":[{"href":"https:\/\/blogs.noticiasdenavarra.com\/loquevependergast\/wp-json\/wp\/v2\/posts\/98","targetHints":{"allow":["GET"]}}],"collection":[{"href":"https:\/\/blogs.noticiasdenavarra.com\/loquevependergast\/wp-json\/wp\/v2\/posts"}],"about":[{"href":"https:\/\/blogs.noticiasdenavarra.com\/loquevependergast\/wp-json\/wp\/v2\/types\/post"}],"author":[{"embeddable":true,"href":"https:\/\/blogs.noticiasdenavarra.com\/loquevependergast\/wp-json\/wp\/v2\/users\/86"}],"replies":[{"embeddable":true,"href":"https:\/\/blogs.noticiasdenavarra.com\/loquevependergast\/wp-json\/wp\/v2\/comments?post=98"}],"version-history":[{"count":3,"href":"https:\/\/blogs.noticiasdenavarra.com\/loquevependergast\/wp-json\/wp\/v2\/posts\/98\/revisions"}],"predecessor-version":[{"id":102,"href":"https:\/\/blogs.noticiasdenavarra.com\/loquevependergast\/wp-json\/wp\/v2\/posts\/98\/revisions\/102"}],"wp:attachment":[{"href":"https:\/\/blogs.noticiasdenavarra.com\/loquevependergast\/wp-json\/wp\/v2\/media?parent=98"}],"wp:term":[{"taxonomy":"category","embeddable":true,"href":"https:\/\/blogs.noticiasdenavarra.com\/loquevependergast\/wp-json\/wp\/v2\/categories?post=98"},{"taxonomy":"post_tag","embeddable":true,"href":"https:\/\/blogs.noticiasdenavarra.com\/loquevependergast\/wp-json\/wp\/v2\/tags?post=98"}],"curies":[{"name":"wp","href":"https:\/\/api.w.org\/{rel}","templated":true}]}}