{"id":541,"date":"2026-01-15T21:29:36","date_gmt":"2026-01-15T21:29:36","guid":{"rendered":"https:\/\/blogs.noticiasdenavarra.com\/loquevependergast\/?p=541"},"modified":"2026-01-15T21:29:36","modified_gmt":"2026-01-15T21:29:36","slug":"series-programa-del-15-01-2026","status":"publish","type":"post","link":"https:\/\/blogs.noticiasdenavarra.com\/loquevependergast\/2026\/01\/15\/series-programa-del-15-01-2026\/","title":{"rendered":"Series! Programa del 15\/01\/2026"},"content":{"rendered":"\n<figure class=\"wp-block-image size-full\"><a href=\"https:\/\/blogs.noticiasdenavarra.com\/loquevependergast\/files\/2026\/01\/imagen.png\"><img loading=\"lazy\" decoding=\"async\" width=\"800\" height=\"379\" src=\"https:\/\/blogs.noticiasdenavarra.com\/loquevependergast\/files\/2026\/01\/imagen.png\" alt=\"\" class=\"wp-image-544\" srcset=\"https:\/\/blogs.noticiasdenavarra.com\/loquevependergast\/files\/2026\/01\/imagen.png 800w, https:\/\/blogs.noticiasdenavarra.com\/loquevependergast\/files\/2026\/01\/imagen-580x275.png 580w, https:\/\/blogs.noticiasdenavarra.com\/loquevependergast\/files\/2026\/01\/imagen-768x364.png 768w\" sizes=\"auto, (max-width: 800px) 100vw, 800px\" \/><\/a><\/figure>\n\n\n\n<p>Programa del 15\/01\/2026.&nbsp;<a href=\"https:\/\/www.ivoox.com\/podcast-grupo-salvaje-cine-series_sq_f12472908_1.html\" target=\"_blank\" rel=\"noreferrer noopener\">Grupo Salvaje cine y series<\/a>.<\/p>\n\n\n\n<p>Debe ser enero, pero he entrado en fase odiadora. El poco escr\u00fapulo que ten\u00eda en pasar la tijera ha desaparecido y poco hay que ahora pase el filtro. Menos mal que a\u00fan sigue saliendo algo bueno, aunque con cuentagotas. Casi es mejor ver series actuales pero que comenzaron hace unas temporadas y las han renovado con \u00e9xito.<\/p>\n\n\n\n<h6 class=\"wp-block-heading\">Disclaimer: \u00e9sta es totalmente mi opini\u00f3n personal sobre algunas series y probablemente est\u00e9 equivocado. Hay decenas de series ah\u00ed fuera. Aqu\u00ed os cuento lo que yo veo, y si os puede ayudar a decidiros por una serie u otra, tanto mejor<\/h6>\n\n\n\n<blockquote class=\"wp-block-quote is-layout-flow wp-block-quote-is-layout-flow\">\n<p>HE VISTO<\/p>\n<\/blockquote>\n\n\n\n<p>Pues mira. Terminar lo que se dice terminar, ninguna serie. Alguna temporada de una serie que he comenzado a ver y que ahora mismo cuento\u2026.<\/p>\n\n\n\n<p>Circule, se\u00f1ora, nada que ver aqu\u00ed<\/p>\n\n\n\n<blockquote class=\"wp-block-quote is-layout-flow wp-block-quote-is-layout-flow\">\n<p>SIGO VIENDO<\/p>\n<\/blockquote>\n\n\n\n<p><strong><a href=\"https:\/\/www.filmaffinity.com\/es\/film322987.html\" target=\"_blank\" rel=\"noreferrer noopener\">Landman<\/a><\/strong>,&nbsp;y que siga, por m\u00ed que no termine nunca. S\u00f3lo queda el \u00faltimo episodio y promete emoci\u00f3n.<\/p>\n\n\n\n<p><a href=\"https:\/\/www.filmaffinity.com\/es\/film900423.html\" target=\"_blank\" rel=\"noreferrer noopener\"><strong>Los diarios de la boticaria<\/strong><\/a>. Se ha quedado un poco estancada por la entrada fuerte que he tenido esta semana, pero la termino en breve.<\/p>\n\n\n\n<p><a href=\"https:\/\/www.filmaffinity.com\/es\/film615118.html\" target=\"_blank\" rel=\"noreferrer noopener\"><strong>Spartacus: House of Ashur<\/strong><\/a>&nbsp;pero a\u00fan la sigo viendo? Modo r\u00e1pido cuenta? Dicen que el final va a ser \u00e9pico, a ver si me pilla despierto.<\/p>\n\n\n\n<p><a href=\"https:\/\/www.filmaffinity.com\/es\/film556204.html\" target=\"_blank\" rel=\"noreferrer noopener\"><strong>Fallout<\/strong><\/a>. Venga, vale, seguimos. Pero es que Ella Purcell es maravillosa.<\/p>\n\n\n\n<p><strong>Percy Jackson<\/strong>,<\/p>\n\n\n\n<p><a href=\"https:\/\/www.filmaffinity.com\/es\/film733614.html\" target=\"_blank\" rel=\"noreferrer noopener\"><strong>All creatures great and small<\/strong><\/a>. Dije que me la iba a tomar con calma y eso estoy haciendo. Terminada la segunda temporada, es todo lo adorable que dec\u00edan que es.<\/p>\n\n\n\n<p><a href=\"https:\/\/www.filmaffinity.com\/es\/film409313.html\" target=\"_blank\" rel=\"noreferrer noopener\"><strong>Here we go<\/strong><\/a>. Al final de la segunda temporada, se me est\u00e1 haciendo larga. Qu\u00e9 dif\u00edcil es hacer comedia. Bueno, la voy a continuar, que son solo 7 episodios la tercera y un especial. Y est\u00e1 renovada para una cuarta temporada.<\/p>\n\n\n\n<blockquote class=\"wp-block-quote is-layout-flow wp-block-quote-is-layout-flow\">\n<p>ACTUALIDAD<\/p>\n<\/blockquote>\n\n\n<div class=\"wp-block-image\">\n<figure class=\"aligncenter\"><img decoding=\"async\" src=\"https:\/\/www.accioncine.es\/wp-content\/uploads\/2025\/09\/Guardianes-de-la-Noche-Kimetsu-no-Yaiba-La-Fortaleza-Infinita.jpg\" alt=\"\" \/><\/figure>\n<\/div>\n\n\n<p><a href=\"https:\/\/es.wikipedia.org\/wiki\/Kimetsu_no_Yaiba\">Guardianes de la noche<\/a>. Demon Slayer. Kimetsu no Yaiba. Volvemos al anime, tambi\u00e9n basado en un manga que se public\u00f3 entre 2016 y 2020 contando con 205 cap\u00edtulos. El anime se estren\u00f3 en 2019 y tuvo una primera temporada de 26 episodios a la que han continuado 3 temporadas m\u00e1s con pel\u00edculas intercaladas adaptando arcos argumentales del manga, que se han convertido en \u00e9xitos desde su estreno.<\/p>\n\n\n\n<p>La \u00faltima pel\u00edcula, la Fortaleza Infinita, incluso fue nominada para los Globos de Oro, aunque el premio finalmente se lo llev\u00f3 Las guerreras K-pop.<\/p>\n\n\n\n<p>La historia de los guardianes de la noche es la historia de Tanjiro Kamado en la era Taisho japonesa. Tanjiro vive tranquilamente en las monta\u00f1as con su familia hasta que llega un demonio y se los carga a todos convirtiendo a su hermana en demonio. Primero intentar\u00e1 curarla, pero finalmente decide protegerla mientras ingresa en la orden de los caza demonios donde planea la venganza contra el gran demonio que asesin\u00f3 a su familia.<\/p>\n\n\n\n<p>La serie est\u00e1 realmente bien, mezclando momentos de tensi\u00f3n, terror incluso, con las hilarantes secuencias de reacciones que tiene el manga, normalmente producidas por excitaci\u00f3n (todo tipo de excitaci\u00f3n). La serie en ocasiones es sangrienta, pues para derrotar a un demonio hay que cortarle la cabeza, y cercenamientos vemos a porrillo, pero de repente vemos a un personaje embobado mirando los pechos de una de las guerreras.<\/p>\n\n\n<div class=\"wp-block-image sFlh5c FyHeAf iPVvYb\">\n<figure class=\"aligncenter\"><img decoding=\"async\" src=\"https:\/\/sm.ign.com\/ign_es\/news\/d\/demon-slay\/demon-slayer-kimetsu-no-yaiba-the-hinokami-chronicles-comes_ev8c.jpg\" alt=\"Guardianes de la Noche -Kimetsu no Yaiba- Las Cr\u00f3nicas de Hinokami confirma  su fecha de lanzamiento en Nintendo Switch\" \/><figcaption class=\"wp-element-caption\">Tanjiro, su hermana y un \u00abcolega\u00bb<\/figcaption><\/figure>\n<\/div>\n\n\n<p>Alg\u00fan personaje se hace pesado por su histrionismo digamos que, excesivo, en ocasiones, pero en general, es una serie muy bien realizada, sin llegar a la abrumadora calidad t\u00e9cnica de <a href=\"https:\/\/es.wikipedia.org\/wiki\/Solo_Leveling\">Solo Leveling<\/a>, pero con una historia muy chula. El personaje de Tanjiro es adorable en todos los sentidos.<\/p>\n\n\n\n<hr class=\"wp-block-separator has-alpha-channel-opacity\" \/>\n\n\n\n<p>Tambi\u00e9n han salido dos nuevas temporadas de series que por diversas razones estaban paradas<\/p>\n\n\n\n<p><a href=\"https:\/\/www.filmaffinity.com\/es\/film736248.html\" target=\"_blank\" rel=\"noreferrer noopener\"><strong>The Night Manager.<\/strong><\/a> 10 a\u00f1os despu\u00e9s llega la segunda temporada. Esta serie fue un bombazo en su momento y entr\u00f3 en todas la quinielas como una de las mejores miniseries de su a\u00f1o. Volvemos a ver a Tom Hiddleston (post Loki) haciendo de agente secreto. Ya ir\u00e9 contando, pero vistos 3, de momento bien.<\/p>\n\n\n\n<p><a href=\"https:\/\/www.filmaffinity.com\/es\/film743549.html\" target=\"_blank\" rel=\"noreferrer noopener\"><strong>Tehran<\/strong><\/a>. La tercera temporada de esta buen\u00edsima serie sobre agentes del Mosad estuvo parada mucho tiempo, desde el conflicto (genocidio) de Gaza. Se emiti\u00f3 en modo local, pero ahora parece que la van a sacar internacionalmente<\/p>\n\n\n\n<hr class=\"wp-block-separator has-alpha-channel-opacity\" \/>\n\n\n\n<blockquote class=\"wp-block-quote is-layout-flow wp-block-quote-is-layout-flow\">\n<p>SERIES QUE NO. EL RINC\u00d3N DEL ODIO<\/p>\n<\/blockquote>\n\n\n\n<p><a href=\"https:\/\/www.filmaffinity.com\/es\/film995609.html\" target=\"_blank\" rel=\"noreferrer noopener\"><strong>The Wayfinders<\/strong><\/a>. Tres adolescentes son transportados por error a un mundo medieval del que tienen que escapar. El planteamiento es Interesante hasta que comienzas y un cartel enorme te dice que esta serie ha sido aprobada por \u201cAngel Guild\u201d, que pertenece a Angel estudios, y en resumen es un estudio independiente de tem\u00e1tica espiritual. Ah\u00ed decid\u00ed que no era para m\u00ed, pero os dejo <a href=\"https:\/\/www.infobae.com\/estados-unidos\/2025\/06\/06\/la-historia-de-cuatro-hermanos-en-utah-que-formaron-un-estudio-cristiano-fuera-de-hollywood\/\" target=\"_blank\" rel=\"noreferrer noopener\">este art\u00edculo<\/a> donde lo explican muy bien y cada uno puede tomar sus&nbsp;propias conclusiones.<\/p>\n\n\n<div class=\"wp-block-image sFlh5c FyHeAf iPVvYb\">\n<figure class=\"aligncenter\"><img decoding=\"async\" src=\"https:\/\/images.angelstudios.com\/image\/upload\/q_auto,f_webp,c_fill,g_faces\/v1727991999\/angel-app\/guild\/torches\/WAYFINDERS_20Amended_20JUNE24_2016x9_20LANDSCAPE_B_20copy_wqeg7o.webp\" alt=\"Where to Watch The Wayfinders | Angel\" \/><figcaption class=\"wp-element-caption\">Es que da incluso cosica<\/figcaption><\/figure>\n<\/div>\n\n\n<p><a href=\"https:\/\/www.filmaffinity.com\/es\/film934344.html\" target=\"_blank\" rel=\"noreferrer noopener\"><strong>His &amp; Hers<\/strong><\/a>. En\u00e9sima mejor serie del a\u00f1o tremendamente adictiva de Netflix. No aguanto a Jon Bernthal y a Tessa Thompson la salvo por poco. Ella, periodista super guay, vuelve a su pueblo natal porque se ha descubierto un cad\u00e1ver, y ojo ah\u00ed, resulta que conoce al jefe de polic\u00eda, nuestro amigo, Jon haciendo de lo que sabe hacer, estar malhumorado. Giritos sin parar hasta el \u201csorprendente\u201d final.<\/p>\n\n\n<div class=\"wp-block-image sFlh5c FyHeAf iPVvYb\">\n<figure class=\"aligncenter\"><img decoding=\"async\" src=\"https:\/\/ntvb.tmsimg.com\/assets\/p31565940_b_h8_aa.jpg?w=1280&amp;h=720\" alt=\"His &amp; Hers (2026) - Netflix Limited Series - Where To Watch\" \/><figcaption class=\"wp-element-caption\">\u00abAnde vas\u00bb, Bernthal<\/figcaption><\/figure>\n<\/div>\n\n\n<p><strong>Machos Alfa 4<\/strong>. Lo intent\u00e9, de verdad que lo intent\u00e9. Y encima est\u00e1 renovada, esto es una pesadilla.<\/p>\n\n\n\n<p><a href=\"https:\/\/www.filmaffinity.com\/es\/film904573.html\" target=\"_blank\" rel=\"noreferrer noopener\"><strong>Girl Taken<\/strong><\/a>. Bueno, una serie con buenas intenciones. Nos cuenta la historia de un profesor, el inquietante Alfie Allen, que secuestra a una alumna y la mantiene durante a\u00f1os. Da mal rollo, es muy desagradable, y la tuve que ver en modo r\u00e1pido. No es un no absoluto, igual hay alguno por ah\u00ed que le puede interesar.<\/p>\n\n\n<div class=\"wp-block-image\">\n<figure class=\"aligncenter\"><img decoding=\"async\" src=\"https:\/\/blogger.googleusercontent.com\/img\/b\/R29vZ2xl\/AVvXsEjPg3zqHPz_5PNTv8oPyUmVnCvXuvE0wdy0eCEua_V4HMlrCuoPZ5zjNWC7R57SBeP1Wyk-5NTl4cH3DJtnbf1FLACUGI1LXEOtw-RpO6ELFxmvzY0_vRNVnsAiVZxoW2WWpBpwTSWaUcle0p2LfKeF0CKl_prP2kgW9VhXNvEsE3GK3brhAlK8\/s3840\/P+_GirlTaken_KA_Puppet_PressRelease_Landscape.jpg\" alt=\"NickALive!: Paramount+ Releases Official Trailer For Original Series 'Girl  Taken' Launching Globally on January 8\" \/><\/figure>\n<\/div>\n\n\n<p><a href=\"https:\/\/www.filmaffinity.com\/es\/film434423.html\" target=\"_blank\" rel=\"noreferrer noopener\"><strong>Patience<\/strong><\/a>. Segunda temporada. Es la adaptaci\u00f3n brit\u00e1nica de Bright Minds, serie francesa de 6 temporadas. Ratoncito de biblioteca autista que resulta que es buen\u00edsima resolviendo casos. Vi la primera temporada por la actriz protagonista, Ella Purvis, que lo hace genial y es encantadora. Quiz\u00e1s ahora me pilla en mal momento, pero me puede m\u00e1s mi aversi\u00f3n a las series procedimentales (caso por episodio) ahora mismo.<\/p>\n\n\n\n<p><a href=\"https:\/\/www.imdb.com\/es-es\/title\/tt33702417\/\" target=\"_blank\" rel=\"noreferrer noopener\"><strong>Can you keep a secret<\/strong><\/a>. Serie de la BBC que nos cuenta la historia de un matrimonio que finge la muerte del marido para cobrar el seguro de vida. Sale, <a href=\"https:\/\/es.wikipedia.org\/wiki\/Mark_Heap\" target=\"_blank\" rel=\"noreferrer noopener\">Mark Heap<\/a>, inolvidable en una de las mejores series de la historia, <a href=\"https:\/\/www.imdb.com\/es-es\/title\/tt0187664\/\" target=\"_blank\" rel=\"noreferrer noopener\">Spaced<\/a>, y recurrente en otra excelente serie brit\u00e1nica, <a href=\"https:\/\/www.imdb.com\/es-es\/title\/tt1844923\/?ref_=nv_sr_srsg_0_tt_8_nm_0_in_0_q_friday%2520night%2520di\" target=\"_blank\" rel=\"noreferrer noopener\">Friday Night Dinner<\/a>. Pues esta serie es horrorosa. No s\u00e9 qu\u00e9 pasaba por la cabeza del director, pero no hay por donde cogerla, y lo siento por Mark, pero no, serie que rotundamente no.<\/p>\n\n\n<div class=\"wp-block-image\">\n<figure class=\"aligncenter\"><img decoding=\"async\" src=\"https:\/\/ichef.bbci.co.uk\/images\/ic\/640x360\/p0mslh0g.jpg\" alt=\"Trailer: Series 1\" \/><\/figure>\n<\/div>\n\n\n<p><a href=\"https:\/\/www.filmaffinity.com\/es\/film756765.html\" target=\"_blank\" rel=\"noreferrer noopener\">A Thousand blows<\/a>. Segunda temporada, me encanta Stephen Graham, pero no. La primera temporada me dej\u00f3 con sentimientos encontrados, la segunda va fuera. Ha dejado de interesarme esta historia de boxeadores del East End del Londres victoriano.<\/p>\n","protected":false},"excerpt":{"rendered":"<p>Programa del 15\/01\/2026.&nbsp;Grupo Salvaje cine y series. Debe ser enero, pero he entrado en fase odiadora. El poco escr\u00fapulo que ten\u00eda en pasar la tijera ha desaparecido y poco hay que ahora pase el filtro. Menos mal que a\u00fan sigue saliendo algo bueno, aunque con cuentagotas. Casi es mejor ver series actuales pero que comenzaron &hellip; <a href=\"https:\/\/blogs.noticiasdenavarra.com\/loquevependergast\/2026\/01\/15\/series-programa-del-15-01-2026\/\" class=\"more-link\">Sigue leyendo <span class=\"screen-reader-text\">Series! Programa del 15\/01\/2026<\/span><\/a><\/p>\n","protected":false},"author":86,"featured_media":0,"comment_status":"open","ping_status":"open","sticky":false,"template":"","format":"standard","meta":{"footnotes":""},"categories":[4],"tags":[],"class_list":["post-541","post","type-post","status-publish","format-standard","hentry","category-sin-categoria"],"_links":{"self":[{"href":"https:\/\/blogs.noticiasdenavarra.com\/loquevependergast\/wp-json\/wp\/v2\/posts\/541","targetHints":{"allow":["GET"]}}],"collection":[{"href":"https:\/\/blogs.noticiasdenavarra.com\/loquevependergast\/wp-json\/wp\/v2\/posts"}],"about":[{"href":"https:\/\/blogs.noticiasdenavarra.com\/loquevependergast\/wp-json\/wp\/v2\/types\/post"}],"author":[{"embeddable":true,"href":"https:\/\/blogs.noticiasdenavarra.com\/loquevependergast\/wp-json\/wp\/v2\/users\/86"}],"replies":[{"embeddable":true,"href":"https:\/\/blogs.noticiasdenavarra.com\/loquevependergast\/wp-json\/wp\/v2\/comments?post=541"}],"version-history":[{"count":3,"href":"https:\/\/blogs.noticiasdenavarra.com\/loquevependergast\/wp-json\/wp\/v2\/posts\/541\/revisions"}],"predecessor-version":[{"id":545,"href":"https:\/\/blogs.noticiasdenavarra.com\/loquevependergast\/wp-json\/wp\/v2\/posts\/541\/revisions\/545"}],"wp:attachment":[{"href":"https:\/\/blogs.noticiasdenavarra.com\/loquevependergast\/wp-json\/wp\/v2\/media?parent=541"}],"wp:term":[{"taxonomy":"category","embeddable":true,"href":"https:\/\/blogs.noticiasdenavarra.com\/loquevependergast\/wp-json\/wp\/v2\/categories?post=541"},{"taxonomy":"post_tag","embeddable":true,"href":"https:\/\/blogs.noticiasdenavarra.com\/loquevependergast\/wp-json\/wp\/v2\/tags?post=541"}],"curies":[{"name":"wp","href":"https:\/\/api.w.org\/{rel}","templated":true}]}}