{"id":238,"date":"2019-12-04T16:45:13","date_gmt":"2019-12-04T16:45:13","guid":{"rendered":"https:\/\/blogs.noticiasdenavarra.com\/loquevependergast\/?p=238"},"modified":"2019-12-04T16:56:35","modified_gmt":"2019-12-04T16:56:35","slug":"legado-en-los-huesos","status":"publish","type":"post","link":"https:\/\/blogs.noticiasdenavarra.com\/loquevependergast\/2019\/12\/04\/legado-en-los-huesos\/","title":{"rendered":"Legado en los huesos"},"content":{"rendered":"\n<p>Hace unos d\u00edas pudimos asistir al preestreno en los cines <a href=\"http:\/\/www.golem.es\/\">Golem <\/a>de <a href=\"https:\/\/www.imdb.com\/title\/tt7304802\/\">Legado en los huesos<\/a>, la segunda parte de la llamada Trilog\u00eda del Bazt\u00e1n, de la escritora <a href=\"https:\/\/www.imdb.com\/name\/nm5464015\/?ref_=tt_ov_wr\">Dolores Redondo<\/a> y dirigida por <a href=\"https:\/\/www.imdb.com\/name\/nm2692858\/?ref_=tt_ov_dr\">Fernando Gonz\u00e1lez Molina<\/a>, director nacido en Pamplona que ya se hizo cargo de la primera parte, El guardi\u00e1n invisible, floja adaptaci\u00f3n de unas novelas que se merec\u00edan algo m\u00e1s, pero tampoco se pod\u00eda pedir m\u00e1s de un director que ha manifestado en varias ocasiones que su actor fetiche es Mario Casas. Gonz\u00e1lez Molina se ha especializado en adaptaciones de novelas, como ya hizo con <a href=\"https:\/\/www.imdb.com\/title\/tt1648216\/?ref_=nm_flmg_dr_11\">Tres metros sobre el cielo<\/a> (2010) y <a href=\"https:\/\/www.imdb.com\/title\/tt3202202\/?ref_=nm_flmg_dr_6\">Palmeras en la nieve<\/a> (2015).<\/p>\n\n\n\n<p>En este caso\nha rodado durante 6 meses las otras dos pel\u00edculas de la trilog\u00eda, y podremos\nver en 2020 la tercera parte, llamada Ofrenda a la tormenta. El rodaje fue\ncomplejo, \u201cinundando\u201d Elizondo y bastante exigente con los actores.<\/p>\n\n\n\n<figure class=\"wp-block-image\"><img decoding=\"async\" src=\"https:\/\/arc-photo-larazon.s3.amazonaws.com\/eu-central-1-prod\/public\/PWDRS2IM4FAGDPTIEIBQVBG55U.jpg\" alt=\"Resultado de imagen de legado en los huesos rodaje\" \/><\/figure>\n\n\n\n<p>Comienza la pel\u00edcula con Amaia Salazar embarazada y en un momento delicado cuando varios presos se suicidan escribiendo la palabra Tarttalo en sus celdas. La investigaci\u00f3n desvela que estos hechos se han ido produciendo a lo largo de los a\u00f1os: hombres que asesinaban a sus mujeres y luego se suicidaban.<\/p>\n\n\n\n<p>Paralelamente, la iglesia, encarnada por un justo Imanol Arias, se compromete a cuidar de la madre de Amaia, interpretada por <a href=\"https:\/\/www.imdb.com\/name\/nm0844845\/?ref_=ttfc_fc_cl_t18\" target=\"_blank\" rel=\"noreferrer noopener\" aria-label=\" (se abre en una nueva pesta\u00f1a)\">Susi S\u00e1nchez<\/a>, que nos da los mejores momentos de la pel\u00edcula.<\/p>\n\n\n\n<p>La\nambientaci\u00f3n es fant\u00e1stica, los bosques muy bien rodados, las escenas nocturnas\nmuy intensas. Hay m\u00e1s acci\u00f3n, y se agradece, y los secundarios cumplen muy bien\nsu funci\u00f3n, aunque alguno sabe a poco, como Sbaraglia haciendo de juez Markina,\npoco papel para mucho actor.<\/p>\n\n\n\n<p>Menci\u00f3n\naparte merece Marta Etura, una actriz a la que no le tengo seguida la pista\npero en este ofrece una interpretaci\u00f3n pausada, comedida, sin exageraciones. Te\nla crees de Polic\u00eda Foral y para m\u00ed eso es suficiente. De lo mejor de una pel\u00edcula\nque destila cari\u00f1o navarro por todos lados: en las localizaciones, en los\ncuerpos de polic\u00eda que salen, la comisar\u00eda de la Polic\u00eda Foral. Da gusto.<\/p>\n\n\n\n<figure class=\"wp-block-image\"><img decoding=\"async\" src=\"https:\/\/img.europapress.es\/fotoweb\/fotonoticia_20180730154303_1200.jpg\" alt=\"Resultado de imagen de legado en los huesos rodaje\" \/><\/figure>\n\n\n\n<p>Se puede ver de modo independiente a la anterior pel\u00edcula, y de hecho recomiendo verla se haya visto o no El guardi\u00e1n invisible, porque tiene una parte nuestra, porque ha involucrado a muchas personas. No soy defensor ac\u00e9rrimo de los libros, pero en este caso la pel\u00edcula es una digna sucesora de la versi\u00f3n literaria.<\/p>\n","protected":false},"excerpt":{"rendered":"<p>Hace unos d\u00edas pudimos asistir al preestreno en los cines Golem de Legado en los huesos, la segunda parte de la llamada Trilog\u00eda del Bazt\u00e1n, de la escritora Dolores Redondo y dirigida por Fernando Gonz\u00e1lez Molina, director nacido en Pamplona que ya se hizo cargo de la primera parte, El guardi\u00e1n invisible, floja adaptaci\u00f3n de &hellip; <a href=\"https:\/\/blogs.noticiasdenavarra.com\/loquevependergast\/2019\/12\/04\/legado-en-los-huesos\/\" class=\"more-link\">Sigue leyendo <span class=\"screen-reader-text\">Legado en los huesos<\/span><\/a><\/p>\n","protected":false},"author":86,"featured_media":239,"comment_status":"open","ping_status":"open","sticky":false,"template":"","format":"standard","meta":{"footnotes":""},"categories":[4],"tags":[],"class_list":["post-238","post","type-post","status-publish","format-standard","has-post-thumbnail","hentry","category-sin-categoria"],"_links":{"self":[{"href":"https:\/\/blogs.noticiasdenavarra.com\/loquevependergast\/wp-json\/wp\/v2\/posts\/238","targetHints":{"allow":["GET"]}}],"collection":[{"href":"https:\/\/blogs.noticiasdenavarra.com\/loquevependergast\/wp-json\/wp\/v2\/posts"}],"about":[{"href":"https:\/\/blogs.noticiasdenavarra.com\/loquevependergast\/wp-json\/wp\/v2\/types\/post"}],"author":[{"embeddable":true,"href":"https:\/\/blogs.noticiasdenavarra.com\/loquevependergast\/wp-json\/wp\/v2\/users\/86"}],"replies":[{"embeddable":true,"href":"https:\/\/blogs.noticiasdenavarra.com\/loquevependergast\/wp-json\/wp\/v2\/comments?post=238"}],"version-history":[{"count":3,"href":"https:\/\/blogs.noticiasdenavarra.com\/loquevependergast\/wp-json\/wp\/v2\/posts\/238\/revisions"}],"predecessor-version":[{"id":242,"href":"https:\/\/blogs.noticiasdenavarra.com\/loquevependergast\/wp-json\/wp\/v2\/posts\/238\/revisions\/242"}],"wp:featuredmedia":[{"embeddable":true,"href":"https:\/\/blogs.noticiasdenavarra.com\/loquevependergast\/wp-json\/wp\/v2\/media\/239"}],"wp:attachment":[{"href":"https:\/\/blogs.noticiasdenavarra.com\/loquevependergast\/wp-json\/wp\/v2\/media?parent=238"}],"wp:term":[{"taxonomy":"category","embeddable":true,"href":"https:\/\/blogs.noticiasdenavarra.com\/loquevependergast\/wp-json\/wp\/v2\/categories?post=238"},{"taxonomy":"post_tag","embeddable":true,"href":"https:\/\/blogs.noticiasdenavarra.com\/loquevependergast\/wp-json\/wp\/v2\/tags?post=238"}],"curies":[{"name":"wp","href":"https:\/\/api.w.org\/{rel}","templated":true}]}}