{"id":194,"date":"2019-03-21T19:08:52","date_gmt":"2019-03-21T19:08:52","guid":{"rendered":"https:\/\/blogs.noticiasdenavarra.com\/loquevependergast\/?p=194"},"modified":"2019-03-21T19:08:52","modified_gmt":"2019-03-21T19:08:52","slug":"mendi-tour-en-pamplona","status":"publish","type":"post","link":"https:\/\/blogs.noticiasdenavarra.com\/loquevependergast\/2019\/03\/21\/mendi-tour-en-pamplona\/","title":{"rendered":"Mendi Tour en Pamplona"},"content":{"rendered":"<p><a href=\"https:\/\/blogs.noticiasdenavarra.com\/loquevependergast\/files\/2019\/03\/THIS-MOUNTAIN-LIFE_02.jpg\"><img loading=\"lazy\" decoding=\"async\" class=\"alignnone size-medium wp-image-196\" src=\"https:\/\/blogs.noticiasdenavarra.com\/loquevependergast\/files\/2019\/03\/THIS-MOUNTAIN-LIFE_02-580x262.jpg\" alt=\"\" width=\"580\" height=\"262\" srcset=\"https:\/\/blogs.noticiasdenavarra.com\/loquevependergast\/files\/2019\/03\/THIS-MOUNTAIN-LIFE_02-580x262.jpg 580w, https:\/\/blogs.noticiasdenavarra.com\/loquevependergast\/files\/2019\/03\/THIS-MOUNTAIN-LIFE_02-768x347.jpg 768w, https:\/\/blogs.noticiasdenavarra.com\/loquevependergast\/files\/2019\/03\/THIS-MOUNTAIN-LIFE_02-940x425.jpg 940w\" sizes=\"auto, (max-width: 580px) 100vw, 580px\" \/><\/a><\/p>\n<p>Hola saludos.<\/p>\n<p>Esta semana pasada tambi\u00e9n fui al cine a ver Taxi a Gibraltar y tengo que deciros que es mucho m\u00e1s digna de lo que yo pensaba y se merece su entrada propia, como espero poder hacer en breve.<\/p>\n<p>Pero antes quer\u00eda hacerme eco de la noticia de que la semana que viene podremos ver el mejor cine de monta\u00f1a, deportes extremos, aventura y naturaleza de mano del Mendi Tour, con una selecci\u00f3n de las mejores pel\u00edculas del Festival de Bilbao. Las proyecciones se ofrecer\u00e1n en doble sesi\u00f3n durante cuatro d\u00edas, entre el 25 y el 28 de marzo, en los cines Golem Baiona.<\/p>\n<p>Qu\u00e9 se puede ver? Pues para empezar, la ganadora del premio del jurado <a href=\"https:\/\/www.imdb.com\/title\/tt7286916\/\" target=\"_blank\" rel=\"noopener\">The Down Wall<\/a>. Esta pel\u00edcula tiene su nombre tras la pared del mismo nombre, de casi 1000 metros de altura en principio imposible de escalar que se encuentra en el Parque Nacional Yosemite, en San Francisco, California. Nos cuenta la historia de Tommy Caldwell y Kevin Jorgeson y su gran aventura.<\/p>\n<p>As\u00ed de primeras, poder ver en un cine estos paisajes ya te llama. El 25 podremos disfrutarla, y as\u00ed hasta 8 pel\u00edculas todas en su perfecta versi\u00f3n original, como debe ser.<\/p>\n<p>Me llama la atenci\u00f3n <a href=\"http:\/\/mendifilmfestival.com\/MFF\/index.php\/es\/oferta-mendi-tour\/3066-2018-11-08-14-35-47\" target=\"_blank\" rel=\"noopener\">Up to Speed<\/a>, sobre escalada de velocidad o <a href=\"https:\/\/www.imdb.com\/title\/tt8297284\/?ref_=nv_sr_1\" target=\"_blank\" rel=\"noopener\">Everest Green<\/a>, que denuncia la situaci\u00f3n de Katmand\u00fa, la ciudad m\u00e1s contaminada del planeta. Si quer\u00e9is m\u00e1s informaci\u00f3n, la propia p\u00e1gina <a href=\"http:\/\/mendifilmfestival.com\/MFF\/index.php\/es\/\" target=\"_blank\" rel=\"noopener\">web del festival<\/a> tiene todo lo necesario.<\/p>\n<p><a href=\"https:\/\/blogs.noticiasdenavarra.com\/loquevependergast\/files\/2019\/03\/MT-PAMPLONA-2019.png\"><img loading=\"lazy\" decoding=\"async\" class=\"alignnone size-medium wp-image-195\" src=\"https:\/\/blogs.noticiasdenavarra.com\/loquevependergast\/files\/2019\/03\/MT-PAMPLONA-2019-580x844.png\" alt=\"\" width=\"580\" height=\"844\" srcset=\"https:\/\/blogs.noticiasdenavarra.com\/loquevependergast\/files\/2019\/03\/MT-PAMPLONA-2019-580x844.png 580w, https:\/\/blogs.noticiasdenavarra.com\/loquevependergast\/files\/2019\/03\/MT-PAMPLONA-2019-768x1118.png 768w, https:\/\/blogs.noticiasdenavarra.com\/loquevependergast\/files\/2019\/03\/MT-PAMPLONA-2019.png 935w\" sizes=\"auto, (max-width: 580px) 100vw, 580px\" \/><\/a><\/p>\n<p>Os contar\u00e9 c\u00f3mo fue la semana.<\/p>\n<p>Mientras, si no hab\u00e9is visto The Umbrella Academy, no est\u00e1is entusiasmados con Doom Patrol, no os abruma Deadly Class, de verdad, no s\u00e9 a qu\u00e9 est\u00e1is esperando.<\/p>\n<p>Saludos, gracias por leerme<\/p>\n","protected":false},"excerpt":{"rendered":"<p>Hola saludos. Esta semana pasada tambi\u00e9n fui al cine a ver Taxi a Gibraltar y tengo que deciros que es mucho m\u00e1s digna de lo que yo pensaba y se merece su entrada propia, como espero poder hacer en breve. Pero antes quer\u00eda hacerme eco de la noticia de que la semana que viene podremos &hellip; <a href=\"https:\/\/blogs.noticiasdenavarra.com\/loquevependergast\/2019\/03\/21\/mendi-tour-en-pamplona\/\" class=\"more-link\">Sigue leyendo <span class=\"screen-reader-text\">Mendi Tour en Pamplona<\/span><\/a><\/p>\n","protected":false},"author":86,"featured_media":0,"comment_status":"open","ping_status":"open","sticky":false,"template":"","format":"standard","meta":{"footnotes":""},"categories":[4],"tags":[],"class_list":["post-194","post","type-post","status-publish","format-standard","hentry","category-sin-categoria"],"_links":{"self":[{"href":"https:\/\/blogs.noticiasdenavarra.com\/loquevependergast\/wp-json\/wp\/v2\/posts\/194","targetHints":{"allow":["GET"]}}],"collection":[{"href":"https:\/\/blogs.noticiasdenavarra.com\/loquevependergast\/wp-json\/wp\/v2\/posts"}],"about":[{"href":"https:\/\/blogs.noticiasdenavarra.com\/loquevependergast\/wp-json\/wp\/v2\/types\/post"}],"author":[{"embeddable":true,"href":"https:\/\/blogs.noticiasdenavarra.com\/loquevependergast\/wp-json\/wp\/v2\/users\/86"}],"replies":[{"embeddable":true,"href":"https:\/\/blogs.noticiasdenavarra.com\/loquevependergast\/wp-json\/wp\/v2\/comments?post=194"}],"version-history":[{"count":1,"href":"https:\/\/blogs.noticiasdenavarra.com\/loquevependergast\/wp-json\/wp\/v2\/posts\/194\/revisions"}],"predecessor-version":[{"id":197,"href":"https:\/\/blogs.noticiasdenavarra.com\/loquevependergast\/wp-json\/wp\/v2\/posts\/194\/revisions\/197"}],"wp:attachment":[{"href":"https:\/\/blogs.noticiasdenavarra.com\/loquevependergast\/wp-json\/wp\/v2\/media?parent=194"}],"wp:term":[{"taxonomy":"category","embeddable":true,"href":"https:\/\/blogs.noticiasdenavarra.com\/loquevependergast\/wp-json\/wp\/v2\/categories?post=194"},{"taxonomy":"post_tag","embeddable":true,"href":"https:\/\/blogs.noticiasdenavarra.com\/loquevependergast\/wp-json\/wp\/v2\/tags?post=194"}],"curies":[{"name":"wp","href":"https:\/\/api.w.org\/{rel}","templated":true}]}}