{"id":179,"date":"2019-01-20T17:17:25","date_gmt":"2019-01-20T17:17:25","guid":{"rendered":"https:\/\/blogs.noticiasdenavarra.com\/loquevependergast\/?p=179"},"modified":"2019-01-20T17:17:50","modified_gmt":"2019-01-20T17:17:50","slug":"179","status":"publish","type":"post","link":"https:\/\/blogs.noticiasdenavarra.com\/loquevependergast\/2019\/01\/20\/179\/","title":{"rendered":"Gente que viene y Bah"},"content":{"rendered":"<p><img loading=\"lazy\" decoding=\"async\" class=\"irc_mi\" src=\"https:\/\/madridpress.com\/upload\/images\/01_2019\/2506_carmen.jpg?19\" alt=\"Resultado de imagen de gente que viene y bah\" width=\"612\" height=\"417\" \/><\/p>\n<p>Comienzo 2019 tal como lo acab\u00e9, acerc\u00e1ndome a las matinales de los Golem a ver cine nacional y esta semana le tocaba a esta segunda adaptaci\u00f3n de una novela de Laura Norton al cine, tras \u00ab<em>No culpes al karma de lo que te\u00a0pasa por gilipollas<\/em>\u00ab, escrita en 2014 y llevada al cine en 2016 con escaso \u00e9xito.<\/p>\n<p>En este caso tenemos a la debutante en largometraje Patricia Font que se ha buscado un elenco interesante para contarnos esta historia familiar, con dosis de romanticismo y de drama.<\/p>\n<p>Carmen Maura, de lo mejor de la pel\u00edcula, hace de madre de 4 hijos cada uno especial en su disparidad, ya que la mayor se ha dedicado a la pol\u00edtica (Alexandra Jim\u00e9nez), otra es arquitecto (Clara Lago) y trabaja en otra ciudad, otra est\u00e1 con ella y acaba de tener un hijo, y por \u00faltimo el hermano peque\u00f1o que es gay y est\u00e1 liado con el jefe de la polic\u00eda local, que no quiere que nadie sepa de su situaci\u00f3n y que plantea alguna escena c\u00f3mica que proporciona el descanso dram\u00e1tico necesario.<\/p>\n<p><img loading=\"lazy\" decoding=\"async\" class=\"irc_mi\" src=\"https:\/\/www.ecestaticos.com\/imagestatic\/clipping\/26b\/1a0\/26b1a068708b3e235b33be909353f2cc\/gente-que-viene-y-bah.jpg?mtime=1547641661\" alt=\"Resultado de imagen de gente que viene y bah\" width=\"796\" height=\"417\" \/><\/p>\n<p>El batiburrillo de personajes se lleva bien, y caen bien, aunque Clara Lago no hace m\u00e1s que poner su sempiterna cara de fastidio que nos la tenemos demasiado conocida. Menos mal que Alexandra Jim\u00e9nez est\u00e1 fant\u00e1stica, como siempre, y sin muchos artificios.<\/p>\n<p>Despu\u00e9s de un inicio donde vemos a todos de ni\u00f1os, Bel\u00e9n (Lago) vuelve a casa tras una ruptura sentimental y aqu\u00ed vemos de nuevo a todos, ya pasados unos a\u00f1os, y donde se conforma la historia que va a marcar el eje central de la pel\u00edcula. Tenemos desamores, rencillas familiares, envidias, secretos sacados a la luz, infidelidades&#8230; vamos, lo que viene siendo una familia de toda la vida. \ud83d\ude42<\/p>\n<p>La pel\u00edcula es \u00f1o\u00f1a, pero me ha gustado mucho, me habr\u00e1 pillado el d\u00eda tonto. El drama lo han gestionado sabiamente sin agobiar, los momentos de comedia est\u00e1n introducidos sutilmente y el alm\u00edbar impregna cada uno de los fotogramas, pero me gusta, ahora que no me oyen los de <a href=\"https:\/\/www.ivoox.com\/podcast-grupo-salvaje_sq_f1150881_1.html\" target=\"_blank\" rel=\"noopener\">Grupo Salvaje<\/a>, que bastante tienen con haberme dejado un d\u00eda entero para hablar de <a href=\"https:\/\/www.ivoox.com\/grupo-salvaje-s05xe016-series-salvajes-audios-mp3_rf_31506280_1.html\" target=\"_blank\" rel=\"noopener\">series<\/a>.<\/p>\n<p>Por cierto, nos han puesto el trailer de <a href=\"https:\/\/www.imdb.com\/title\/tt7806430\/?ref_=nv_sr_1\" target=\"_blank\" rel=\"noopener\">Perdiendo el este<\/a>, y eso s\u00ed que da miedo, mucho, pero aqu\u00ed estar\u00e9 para contaros, si sobrevivo.<\/p>\n<p>Nos leemos!!!<\/p>\n","protected":false},"excerpt":{"rendered":"<p>Comienzo 2019 tal como lo acab\u00e9, acerc\u00e1ndome a las matinales de los Golem a ver cine nacional y esta semana le tocaba a esta segunda adaptaci\u00f3n de una novela de Laura Norton al cine, tras \u00abNo culpes al karma de lo que te\u00a0pasa por gilipollas\u00ab, escrita en 2014 y llevada al cine en 2016 con &hellip; <a href=\"https:\/\/blogs.noticiasdenavarra.com\/loquevependergast\/2019\/01\/20\/179\/\" class=\"more-link\">Sigue leyendo <span class=\"screen-reader-text\">Gente que viene y Bah<\/span><\/a><\/p>\n","protected":false},"author":86,"featured_media":0,"comment_status":"open","ping_status":"open","sticky":false,"template":"","format":"standard","meta":{"footnotes":""},"categories":[4],"tags":[],"class_list":["post-179","post","type-post","status-publish","format-standard","hentry","category-sin-categoria"],"_links":{"self":[{"href":"https:\/\/blogs.noticiasdenavarra.com\/loquevependergast\/wp-json\/wp\/v2\/posts\/179","targetHints":{"allow":["GET"]}}],"collection":[{"href":"https:\/\/blogs.noticiasdenavarra.com\/loquevependergast\/wp-json\/wp\/v2\/posts"}],"about":[{"href":"https:\/\/blogs.noticiasdenavarra.com\/loquevependergast\/wp-json\/wp\/v2\/types\/post"}],"author":[{"embeddable":true,"href":"https:\/\/blogs.noticiasdenavarra.com\/loquevependergast\/wp-json\/wp\/v2\/users\/86"}],"replies":[{"embeddable":true,"href":"https:\/\/blogs.noticiasdenavarra.com\/loquevependergast\/wp-json\/wp\/v2\/comments?post=179"}],"version-history":[{"count":4,"href":"https:\/\/blogs.noticiasdenavarra.com\/loquevependergast\/wp-json\/wp\/v2\/posts\/179\/revisions"}],"predecessor-version":[{"id":184,"href":"https:\/\/blogs.noticiasdenavarra.com\/loquevependergast\/wp-json\/wp\/v2\/posts\/179\/revisions\/184"}],"wp:attachment":[{"href":"https:\/\/blogs.noticiasdenavarra.com\/loquevependergast\/wp-json\/wp\/v2\/media?parent=179"}],"wp:term":[{"taxonomy":"category","embeddable":true,"href":"https:\/\/blogs.noticiasdenavarra.com\/loquevependergast\/wp-json\/wp\/v2\/categories?post=179"},{"taxonomy":"post_tag","embeddable":true,"href":"https:\/\/blogs.noticiasdenavarra.com\/loquevependergast\/wp-json\/wp\/v2\/tags?post=179"}],"curies":[{"name":"wp","href":"https:\/\/api.w.org\/{rel}","templated":true}]}}