{"id":160,"date":"2018-10-07T17:19:40","date_gmt":"2018-10-07T17:19:40","guid":{"rendered":"https:\/\/blogs.noticiasdenavarra.com\/loquevependergast\/?p=160"},"modified":"2018-10-07T17:19:40","modified_gmt":"2018-10-07T17:19:40","slug":"ola-de-crimenes","status":"publish","type":"post","link":"https:\/\/blogs.noticiasdenavarra.com\/loquevependergast\/2018\/10\/07\/ola-de-crimenes\/","title":{"rendered":"Ola de Cr\u00edmenes"},"content":{"rendered":"<p><a href=\"https:\/\/blogs.noticiasdenavarra.com\/loquevependergast\/files\/2018\/10\/ola-de-cr\u00edmenes.jpg\"><img loading=\"lazy\" decoding=\"async\" class=\"alignnone size-medium wp-image-161\" src=\"https:\/\/blogs.noticiasdenavarra.com\/loquevependergast\/files\/2018\/10\/ola-de-cr\u00edmenes-580x326.jpg\" alt=\"\" width=\"580\" height=\"326\" srcset=\"https:\/\/blogs.noticiasdenavarra.com\/loquevependergast\/files\/2018\/10\/ola-de-cr\u00edmenes-580x326.jpg 580w, https:\/\/blogs.noticiasdenavarra.com\/loquevependergast\/files\/2018\/10\/ola-de-cr\u00edmenes-768x432.jpg 768w, https:\/\/blogs.noticiasdenavarra.com\/loquevependergast\/files\/2018\/10\/ola-de-cr\u00edmenes-940x529.jpg 940w, https:\/\/blogs.noticiasdenavarra.com\/loquevependergast\/files\/2018\/10\/ola-de-cr\u00edmenes.jpg 1024w\" sizes=\"auto, (max-width: 580px) 100vw, 580px\" \/><\/a><\/p>\n<p>\u00daltimamente parece que Maribel Verd\u00fa tiene que estar en toda pel\u00edcula espa\u00f1ola que se precie. Hemos tenido ocasi\u00f3n de disfrutarla en la divertida <a href=\"https:\/\/www.imdb.com\/title\/tt5187886\/?ref_=nm_flmg_act_7\" target=\"_blank\" rel=\"noopener\">Abracadabra<\/a>, la sorprendente <a href=\"https:\/\/www.imdb.com\/title\/tt6981702\/?ref_=nm_flmg_act_6\" target=\"_blank\" rel=\"noopener\">Sin rodeos<\/a>, de Santiago Segura, y la muy disfrutable <a href=\"https:\/\/www.imdb.com\/title\/tt3841866\/?ref_=nm_flmg_act_14\" target=\"_blank\" rel=\"noopener\">Felices 140<\/a>. Vamos, que lo que hace, lo hace bien, y por m\u00ed que siga as\u00ed, aunque verla en el elenco de la infame Superl\u00f3pez que est\u00e1 a punto de estrenarse, no hace presagiar nada bueno.<\/p>\n<p>En esta ocasi\u00f3n, estamos con la \u00faltima pel\u00edcula de Gracia Querejeta, en el siguiente largometraje despu\u00e9s de Felices 140, por lo que ya hab\u00eda coincidido con la Verd\u00fa, y les debi\u00f3 de ir bien.<\/p>\n<p>Contada a modo de flashback, presenta una historia simp\u00e1tica que se inicia con un crimen y luego las consecuencias que el mismo tiene en una serie de personajes bastante disparatados. Ella est\u00e1 pel\u00edn m\u00e1s histri\u00f3nica de lo habitual, aunque sigue salvando la pel\u00edcula ella sola. Sin embargo, Resines est\u00e1 fatal, desdibujado como polic\u00eda, hasta el punto de que nunca te lo llegas a creer.<\/p>\n<p>Aunque menci\u00f3n especial merece el chaval que hace de hijo de la Verd\u00fa, un tal Asier Rikarte que le debieron de decir que hiciera de pasmado, pero me parece que se ha pasado de frenada, y ralla la sosura absoluta.<\/p>\n<p>Y es que no est\u00e1n demasiado bien ni los actores principales ni los \u201cinvitados\u201d estrella, como Javier C\u00e1mara, donde se le ve cortado sin poder sacar toda su gracia, que la tiene.<\/p>\n<p>Le\u00ed en una entrevista que Querejeta se hab\u00eda inspirado en el cine de los Coen, palabras mayores (aunque \u00faltimamente est\u00e1n fallando mucho, pero esto lo digo con la boca bien peque\u00f1a). Eso es apostar fuerte y si bien la pel\u00edcula no es de premio, es muy disfrutable, porque est\u00e1 bien contada.<\/p>\n<p>Todo es correcto, la trama discurre fluidamente y el tiempo se pasa volando. Al final la experiencia es buena y te queda la sensaci\u00f3n de que apostar \u00faltimamente por el cine espa\u00f1ol no es del todo descabellado, o al menos no tan descabellado como lleg\u00f3 a ser hace no demasiado tiempo.<\/p>\n<p>La semana que viene tenemos el estreno de <a href=\"https:\/\/www.imdb.com\/title\/tt7104984\/?ref_=fn_al_tt_1\" target=\"_blank\" rel=\"noopener\">La sombra de la ley<\/a>, de un poco prol\u00edfico Dani de la Torre, que no hab\u00eda vuelto a hacer cine desde <a href=\"https:\/\/www.imdb.com\/title\/tt3169770\/?ref_=nm_flmg_dr_3\" target=\"_blank\" rel=\"noopener\">El desconocido<\/a>, con un Tossar en plan estrella genial. Ir\u00e9 a verla porque le tengo ganas, y espero no tardar tanto tiempo en contaros sobre ella.<\/p>\n<p>Saludos!!!<\/p>\n","protected":false},"excerpt":{"rendered":"<p>\u00daltimamente parece que Maribel Verd\u00fa tiene que estar en toda pel\u00edcula espa\u00f1ola que se precie. Hemos tenido ocasi\u00f3n de disfrutarla en la divertida Abracadabra, la sorprendente Sin rodeos, de Santiago Segura, y la muy disfrutable Felices 140. Vamos, que lo que hace, lo hace bien, y por m\u00ed que siga as\u00ed, aunque verla en el &hellip; <a href=\"https:\/\/blogs.noticiasdenavarra.com\/loquevependergast\/2018\/10\/07\/ola-de-crimenes\/\" class=\"more-link\">Sigue leyendo <span class=\"screen-reader-text\">Ola de Cr\u00edmenes<\/span><\/a><\/p>\n","protected":false},"author":86,"featured_media":0,"comment_status":"open","ping_status":"open","sticky":false,"template":"","format":"standard","meta":{"footnotes":""},"categories":[4],"tags":[],"class_list":["post-160","post","type-post","status-publish","format-standard","hentry","category-sin-categoria"],"_links":{"self":[{"href":"https:\/\/blogs.noticiasdenavarra.com\/loquevependergast\/wp-json\/wp\/v2\/posts\/160","targetHints":{"allow":["GET"]}}],"collection":[{"href":"https:\/\/blogs.noticiasdenavarra.com\/loquevependergast\/wp-json\/wp\/v2\/posts"}],"about":[{"href":"https:\/\/blogs.noticiasdenavarra.com\/loquevependergast\/wp-json\/wp\/v2\/types\/post"}],"author":[{"embeddable":true,"href":"https:\/\/blogs.noticiasdenavarra.com\/loquevependergast\/wp-json\/wp\/v2\/users\/86"}],"replies":[{"embeddable":true,"href":"https:\/\/blogs.noticiasdenavarra.com\/loquevependergast\/wp-json\/wp\/v2\/comments?post=160"}],"version-history":[{"count":2,"href":"https:\/\/blogs.noticiasdenavarra.com\/loquevependergast\/wp-json\/wp\/v2\/posts\/160\/revisions"}],"predecessor-version":[{"id":163,"href":"https:\/\/blogs.noticiasdenavarra.com\/loquevependergast\/wp-json\/wp\/v2\/posts\/160\/revisions\/163"}],"wp:attachment":[{"href":"https:\/\/blogs.noticiasdenavarra.com\/loquevependergast\/wp-json\/wp\/v2\/media?parent=160"}],"wp:term":[{"taxonomy":"category","embeddable":true,"href":"https:\/\/blogs.noticiasdenavarra.com\/loquevependergast\/wp-json\/wp\/v2\/categories?post=160"},{"taxonomy":"post_tag","embeddable":true,"href":"https:\/\/blogs.noticiasdenavarra.com\/loquevependergast\/wp-json\/wp\/v2\/tags?post=160"}],"curies":[{"name":"wp","href":"https:\/\/api.w.org\/{rel}","templated":true}]}}