{"id":140,"date":"2018-04-23T04:59:06","date_gmt":"2018-04-23T04:59:06","guid":{"rendered":"https:\/\/blogs.noticiasdenavarra.com\/loquevependergast\/?p=140"},"modified":"2018-04-23T04:59:06","modified_gmt":"2018-04-23T04:59:06","slug":"campeones","status":"publish","type":"post","link":"https:\/\/blogs.noticiasdenavarra.com\/loquevependergast\/2018\/04\/23\/campeones\/","title":{"rendered":"Campeones"},"content":{"rendered":"<p><img loading=\"lazy\" decoding=\"async\" class=\"irc_mi\" src=\"https:\/\/plenainclusionmadrid.org\/wp-content\/uploads\/2018\/02\/2018_cartelcampeones1.jpg\" alt=\"Resultado de imagen de campeones\" width=\"997\" height=\"527\" \/><\/p>\n<p>Corred a verla, insensatos!<\/p>\n<p>La \u00faltima pel\u00edcula de Javier Fesser es una maldita obra maestra y mucho vais a o\u00edr hablar de ella por sesudos estudiosos de esto que es el cine. Bueno, los que ven\u00eds aqu\u00ed busc\u00e1is sinceridad y no elucubradas disertaciones sobre la insoportable levedad de la realidad cinematogr\u00e1fica del momento, as\u00ed que ah\u00ed vamos.<\/p>\n<p>Partimos de la base de que soy fan de Fesser desde hace a\u00f1os. Incondicional de <a href=\"https:\/\/www.filmaffinity.com\/es\/film968751.html\" target=\"_blank\" rel=\"noopener\">El milagro de P Tinto<\/a>, del a\u00f1o 1998, e incluso de la maltratada <a href=\"https:\/\/www.filmaffinity.com\/es\/film719992.html\" target=\"_blank\" rel=\"noopener\">La gran aventura de Mortadelo y Filem\u00f3n<\/a>, de 2003. Hasta pude aguantar la segunda parte de esta \u00faltima.<\/p>\n<p>Por otro lado, <a href=\"https:\/\/www.imdb.com\/name\/nm0349522\/\" target=\"_blank\" rel=\"noopener\">Javier Guti\u00e9rrez<\/a> me cae fenomenal. Igual es porque lo vi un d\u00eda por Pamplona tomando algo por lo viejo, pero de todos modos es el actor que te saca cualquier papel adelante y te lo crees en todos. Memorable su personaje en <a href=\"https:\/\/es.wikipedia.org\/wiki\/Verg%C3%BCenza_(serie_de_televisi%C3%B3n)\" target=\"_blank\" rel=\"noopener\">Verg\u00fcenza<\/a>, una serie de Movistar con <a href=\"https:\/\/www.imdb.com\/name\/nm0968559\/?ref_=nv_sr_1\" target=\"_blank\" rel=\"noopener\">Malena Alterio<\/a> (qu\u00e9 gran actriz) donde hace de perfecto metepatas, el t\u00edpico que cuando habla es para cruzarle la cara y que es capaz de meterse en el jard\u00edn m\u00e1s negro y absurdo y hacerlo con la m\u00ednima dignidad. Me recuerda al a\u00f1orado Michael Scott de <a href=\"https:\/\/es.wikipedia.org\/wiki\/The_Office\" target=\"_blank\" rel=\"noopener\">The Office<\/a>, interpretado por un Steve Carell en plena forma.<\/p>\n<p>La historia es sencilla. Un tipo que acaba de perder su empleo como entrenador de un equipo de baloncesto es pillado conduciendo bajo los efectos del alcohol. Tras un juicio r\u00e1pido, le condenan precisamente a entrenar a un grupo de discapacitados mentales que pertenecen a una asociaci\u00f3n.<\/p>\n<p>El entrenado no es que se lo tome bien al principio, y los improperios que suelta en contra de este colectivo es algo que solamente un director muy h\u00e1bil es capaz de colar sin indignarte con \u00e9l. Pero sabemos que va a cambiar su apreciaci\u00f3n en cuanto conozca al equipo, y esto no es ning\u00fan spoiler, es ley de vida. El grupo de discapacitados es tremendo, seleccionados entre m\u00e1s de 600 personas y, algo que me ha gustado, el director ha afirmado que cogi\u00f3 un poco de todos, de cada una de las aportaciones que se hicieron.<\/p>\n<p><img loading=\"lazy\" decoding=\"async\" class=\"irc_mi aligncenter\" src=\"https:\/\/www.ecestaticos.com\/imagestatic\/clipping\/20c\/f83\/20cf83846ddfdc7a10047dee3539d0f8\/imagen-sin-titulo.jpg?mtime=1523883837\" alt=\"Resultado de imagen de campeones\" width=\"850\" height=\"478\" \/><\/p>\n<p>Seguro que fue un caos el rodaje, aunque un caos bien divertido, pero el resultado es real, nos creemos lo que nos est\u00e1n contando, y por supuesto no cae en el sentimentalismo f\u00e1cil, sino todo lo contrario, tratando el tema con la mayor de la naturalidad. Incluso tiene su parte de denuncia social, en esa escena en que tienen que compartir espacio los jugadores con viajeros en un autob\u00fas. Al final, ese mensaje positivo que transmiten, que te mantiene una sonrisa permanente en la boca, hace que ver esta pel\u00edcula sea una delicia en todos los sentidos.<\/p>\n<p>De verdad que merece la pena ir al cine a verla.<\/p>\n<p>&nbsp;<\/p>\n","protected":false},"excerpt":{"rendered":"<p>Corred a verla, insensatos! La \u00faltima pel\u00edcula de Javier Fesser es una maldita obra maestra y mucho vais a o\u00edr hablar de ella por sesudos estudiosos de esto que es el cine. Bueno, los que ven\u00eds aqu\u00ed busc\u00e1is sinceridad y no elucubradas disertaciones sobre la insoportable levedad de la realidad cinematogr\u00e1fica del momento, as\u00ed que &hellip; <a href=\"https:\/\/blogs.noticiasdenavarra.com\/loquevependergast\/2018\/04\/23\/campeones\/\" class=\"more-link\">Sigue leyendo <span class=\"screen-reader-text\">Campeones<\/span><\/a><\/p>\n","protected":false},"author":86,"featured_media":0,"comment_status":"open","ping_status":"open","sticky":false,"template":"","format":"standard","meta":{"footnotes":""},"categories":[4],"tags":[],"class_list":["post-140","post","type-post","status-publish","format-standard","hentry","category-sin-categoria"],"_links":{"self":[{"href":"https:\/\/blogs.noticiasdenavarra.com\/loquevependergast\/wp-json\/wp\/v2\/posts\/140","targetHints":{"allow":["GET"]}}],"collection":[{"href":"https:\/\/blogs.noticiasdenavarra.com\/loquevependergast\/wp-json\/wp\/v2\/posts"}],"about":[{"href":"https:\/\/blogs.noticiasdenavarra.com\/loquevependergast\/wp-json\/wp\/v2\/types\/post"}],"author":[{"embeddable":true,"href":"https:\/\/blogs.noticiasdenavarra.com\/loquevependergast\/wp-json\/wp\/v2\/users\/86"}],"replies":[{"embeddable":true,"href":"https:\/\/blogs.noticiasdenavarra.com\/loquevependergast\/wp-json\/wp\/v2\/comments?post=140"}],"version-history":[{"count":1,"href":"https:\/\/blogs.noticiasdenavarra.com\/loquevependergast\/wp-json\/wp\/v2\/posts\/140\/revisions"}],"predecessor-version":[{"id":141,"href":"https:\/\/blogs.noticiasdenavarra.com\/loquevependergast\/wp-json\/wp\/v2\/posts\/140\/revisions\/141"}],"wp:attachment":[{"href":"https:\/\/blogs.noticiasdenavarra.com\/loquevependergast\/wp-json\/wp\/v2\/media?parent=140"}],"wp:term":[{"taxonomy":"category","embeddable":true,"href":"https:\/\/blogs.noticiasdenavarra.com\/loquevependergast\/wp-json\/wp\/v2\/categories?post=140"},{"taxonomy":"post_tag","embeddable":true,"href":"https:\/\/blogs.noticiasdenavarra.com\/loquevependergast\/wp-json\/wp\/v2\/tags?post=140"}],"curies":[{"name":"wp","href":"https:\/\/api.w.org\/{rel}","templated":true}]}}