{"id":136,"date":"2018-03-23T12:23:35","date_gmt":"2018-03-23T12:23:35","guid":{"rendered":"http:\/\/blogs.noticiasdenavarra.com\/loquevependergast\/?p=136"},"modified":"2018-03-23T12:23:35","modified_gmt":"2018-03-23T12:23:35","slug":"counterpart","status":"publish","type":"post","link":"https:\/\/blogs.noticiasdenavarra.com\/loquevependergast\/2018\/03\/23\/counterpart\/","title":{"rendered":"Counterpart"},"content":{"rendered":"<p><a href=\"http:\/\/blogs.noticiasdenavarra.com\/loquevependergast\/files\/2018\/03\/auiBzFJdiEZuBahWioRHbPS9E9y.jpg\"><img loading=\"lazy\" decoding=\"async\" class=\"alignnone size-medium wp-image-137\" src=\"http:\/\/blogs.noticiasdenavarra.com\/loquevependergast\/files\/2018\/03\/auiBzFJdiEZuBahWioRHbPS9E9y-580x326.jpg\" alt=\"\" width=\"580\" height=\"326\" srcset=\"https:\/\/blogs.noticiasdenavarra.com\/loquevependergast\/files\/2018\/03\/auiBzFJdiEZuBahWioRHbPS9E9y-580x326.jpg 580w, https:\/\/blogs.noticiasdenavarra.com\/loquevependergast\/files\/2018\/03\/auiBzFJdiEZuBahWioRHbPS9E9y-768x432.jpg 768w, https:\/\/blogs.noticiasdenavarra.com\/loquevependergast\/files\/2018\/03\/auiBzFJdiEZuBahWioRHbPS9E9y-940x529.jpg 940w, https:\/\/blogs.noticiasdenavarra.com\/loquevependergast\/files\/2018\/03\/auiBzFJdiEZuBahWioRHbPS9E9y.jpg 1280w\" sizes=\"auto, (max-width: 580px) 100vw, 580px\" \/><\/a><\/p>\n<p>Hola saludos.<\/p>\n<p>Esta semana volvemos a las series, y eso que sigo disfrutando del cine en sus matinales (<a href=\"https:\/\/www.filmaffinity.com\/es\/film296370.html\" target=\"_blank\" rel=\"noopener\">La tribu<\/a>), pero hoy os traigo una de las buenas, y eso siempre merece su espacio.<\/p>\n<p>La primera vez que o\u00ed hablar de esta serie pr\u00e1cticamente ya estaba estrenada y las primeras valoraciones fueron muy buenas. De hecho, tiene un piloto sensacional que se emiti\u00f3 el 10 de diciembre y no fue hasta el 27 de enero que la serie continu\u00f3, lo que no hizo m\u00e1s que aumentar la expectaci\u00f3n (hype).<\/p>\n<p>La serie comienza con un funcionario (<a href=\"http:\/\/www.imdb.com\/name\/nm0799777\/?ref_=nv_sr_1\" target=\"_blank\" rel=\"noopener\">JK Simmons<\/a>, luego nos centramos en \u00e9l) en su trabajo habitual, pero con matices. Ni el sitio en el que trabaja en normal, ni el trabajo que realiza lo es. Pronto nos damos cuenta que la realidad que nos est\u00e1n mostrando pertenece o a otra \u00e9poca, o a otra dimensi\u00f3n. De hecho, esta historia de espionaje se basa en la premisa de que esta agencia en realidad es la custodia de una puerta que enlaza dos dimensiones paralelas que hace unos cuantos a\u00f1os estaban unidas pero de repente, tras un suceso, iniciaron caminos diferentes.<\/p>\n<p>Esto implica que tu yo de esta parte tiene su contraparte en el otro universo. Ah\u00ed queda eso. No es que sea una historia tremendamente original, ya que series como <a href=\"http:\/\/www.imdb.com\/title\/tt1119644\/?ref_=nv_sr_1\" target=\"_blank\" rel=\"noopener\">Fringe<\/a> tambi\u00e9n lidiaban con universos alternativos donde tambi\u00e9n est\u00e1n las mismas personas que en este, pero con matices.<\/p>\n<p><img loading=\"lazy\" decoding=\"async\" class=\"irc_mi alignleft\" src=\"https:\/\/www.eltemps.cat\/imatges\/articles\/counterpart.jpg\" alt=\"Resultado de imagen de counterpart\" width=\"645\" height=\"430\" \/><\/p>\n<p>Precisamente esos matices hace la serie interesante. Te muestran un Berl\u00edn oscuro, como de la \u00e9poca de la guerra fr\u00eda, pero en este caso la batalla es con la otra dimensi\u00f3n, pues constantemente se van enviando esp\u00edas, incluso asesinos de un lado al otro. Me ha impresionado enormemente una escuela donde vas a aprender a comportarte como tu contraparte, por si tienes la oportunidad de tomar su lugar en un momento dado. Si solo fuera eso a\u00fan, pero llegan a l\u00edmites pel\u00edn exagerados hasta el punto que si alguien se rompe las piernas en el otro lado, al que est\u00e1 aprendiendo a ser como \u00e9l tambi\u00e9n se las tienen que romper para que conozca ese dolor (quiz\u00e1s esto est\u00e1 un poco cogido por los pelos, porque imagino lo dif\u00edcil que ser\u00eda imitar exactamente las cicatrices de una rotura traum\u00e1tica de piernas).<\/p>\n<p>Dejando esas licencias cinematogr\u00e1ficas aparte, la serie es buena, aunque dif\u00edcil. En ocasiones no sabes si est\u00e1s en un Berl\u00edn o en el otro, aunque uno de ellos sufri\u00f3 una plaga que diezm\u00f3 considerablemente su poblaci\u00f3n, de la que culpa al otro lado. Algunos avances cient\u00edficos de un lado no se han producido en el otro, y la tecnolog\u00eda es diferente. Todo esto en realidad hace mucho m\u00e1s interesante lo que nos est\u00e1n contando, aunque hay mucho personaje que complica la trama. Y adem\u00e1s, tenemos esp\u00edas, muchos esp\u00edas, asesinos, t\u00e1cticas de guerra fr\u00eda y todo esto en este ambiente oscuro, de novela negra con un fondo dist\u00f3pico.<\/p>\n<p>Sabemos que JK Simmons es muy grande, de hecho es ganador de Oscar y Globo de Oro por <a href=\"http:\/\/www.imdb.com\/title\/tt2582802\/?ref_=nv_sr_3\" target=\"_blank\" rel=\"noopener\">Whiplash<\/a>, pero lo que hace aqu\u00ed tambi\u00e9n es de premio y grande. Resulta que interpreta a las dos partes suyas, pero han tenido una vida muy diferente una de otra. Mientras uno es un funcionario aburrido y asqueado de la vida, el otro es un super esp\u00eda con un car\u00e1cter violento. Resulta incre\u00edble c\u00f3mo puedes reconocer a uno u otro simplemente mirando la cara de Simmons. Es capaz, mediante gestos casi imperceptibles que te creas que es el tipo con m\u00e1s confianza del mundo, o un simple mortal sin \u00e1nimo de nada pero con buen coraz\u00f3n. Impresiona.<\/p>\n<p><img loading=\"lazy\" decoding=\"async\" class=\"irc_mi alignright\" src=\"http:\/\/cdn.collider.com\/wp-content\/uploads\/2018\/02\/counterpart-sara-serraiocco-03.jpg\" alt=\"Imagen relacionada\" width=\"296\" height=\"198\" \/><\/p>\n<p>La serie es de la cadena Starz, que directamente encarg\u00f3 dos temporadas, y est\u00e1 disponible en la HBO, a medida que se estrena cada episodio.<\/p>\n<p>En un par de d\u00edas veremos el episodio final de temporada y ya me da pena que se termine, pero al menos sabemos que viene otra temporada despu\u00e9s.<\/p>\n<p>&nbsp;<\/p>\n<h3>En otro orden de cosas<\/h3>\n<p>El mundo de las series se sigue moviendo, aunque cada vez son las menos que vamos viendo. En <a href=\"https:\/\/www.ivoox.com\/podcast-grupo-salvaje_sq_f1150881_1.html\" target=\"_blank\" rel=\"noopener\">Grupo Salvaje<\/a>, el mejor programa de cine y series de toda Navarra, ten\u00e9is informaci\u00f3n puntual cada semana de las noticias de series m\u00e1s actuales. Os lo recomiendo totalmente. All\u00ed cuento los d\u00edas hasta que llegue <a href=\"http:\/\/www.amctv.es\/series\/the-terror\" target=\"_blank\" rel=\"noopener\">The Terror<\/a>, que se basa en la exitosa novela hom\u00f3nima de Dan Simmons, y nos sit\u00faa en 1847, cuando un equipo de expedici\u00f3n de la Marina Real, que va en busca del Paso del Noroeste, es atacado por un misterioso depredador que acecha a los barcos y a sus tripulaciones (informaci\u00f3n sacada de la p\u00e1gina de AMC, donde se va a estrenar el 3 de abril). Ayer vi bastante del piloto de <a href=\"https:\/\/es.wikipedia.org\/wiki\/Krypton_(serie_de_televisi%C3%B3n)\" target=\"_blank\" rel=\"noopener\">Krypton<\/a>, y no necesito entrar en la p\u00e1gina de su canal para deciros que es una patata frita pero de las ma\u00f1as. Huid si pod\u00e9is de ella. Parece mentira que mostrando un universo tan lejano, en un tiempo tan lejano, sean personajes tan estereotipados los que vemos.<\/p>\n<p>Gracias por leerme!!!!<\/p>\n","protected":false},"excerpt":{"rendered":"<p>Hola saludos. Esta semana volvemos a las series, y eso que sigo disfrutando del cine en sus matinales (La tribu), pero hoy os traigo una de las buenas, y eso siempre merece su espacio. La primera vez que o\u00ed hablar de esta serie pr\u00e1cticamente ya estaba estrenada y las primeras valoraciones fueron muy buenas. De &hellip; <a href=\"https:\/\/blogs.noticiasdenavarra.com\/loquevependergast\/2018\/03\/23\/counterpart\/\" class=\"more-link\">Sigue leyendo <span class=\"screen-reader-text\">Counterpart<\/span><\/a><\/p>\n","protected":false},"author":86,"featured_media":0,"comment_status":"open","ping_status":"open","sticky":false,"template":"","format":"standard","meta":{"footnotes":""},"categories":[4],"tags":[],"class_list":["post-136","post","type-post","status-publish","format-standard","hentry","category-sin-categoria"],"_links":{"self":[{"href":"https:\/\/blogs.noticiasdenavarra.com\/loquevependergast\/wp-json\/wp\/v2\/posts\/136","targetHints":{"allow":["GET"]}}],"collection":[{"href":"https:\/\/blogs.noticiasdenavarra.com\/loquevependergast\/wp-json\/wp\/v2\/posts"}],"about":[{"href":"https:\/\/blogs.noticiasdenavarra.com\/loquevependergast\/wp-json\/wp\/v2\/types\/post"}],"author":[{"embeddable":true,"href":"https:\/\/blogs.noticiasdenavarra.com\/loquevependergast\/wp-json\/wp\/v2\/users\/86"}],"replies":[{"embeddable":true,"href":"https:\/\/blogs.noticiasdenavarra.com\/loquevependergast\/wp-json\/wp\/v2\/comments?post=136"}],"version-history":[{"count":1,"href":"https:\/\/blogs.noticiasdenavarra.com\/loquevependergast\/wp-json\/wp\/v2\/posts\/136\/revisions"}],"predecessor-version":[{"id":138,"href":"https:\/\/blogs.noticiasdenavarra.com\/loquevependergast\/wp-json\/wp\/v2\/posts\/136\/revisions\/138"}],"wp:attachment":[{"href":"https:\/\/blogs.noticiasdenavarra.com\/loquevependergast\/wp-json\/wp\/v2\/media?parent=136"}],"wp:term":[{"taxonomy":"category","embeddable":true,"href":"https:\/\/blogs.noticiasdenavarra.com\/loquevependergast\/wp-json\/wp\/v2\/categories?post=136"},{"taxonomy":"post_tag","embeddable":true,"href":"https:\/\/blogs.noticiasdenavarra.com\/loquevependergast\/wp-json\/wp\/v2\/tags?post=136"}],"curies":[{"name":"wp","href":"https:\/\/api.w.org\/{rel}","templated":true}]}}