{"id":9027,"date":"2026-04-30T10:42:10","date_gmt":"2026-04-30T10:42:10","guid":{"rendered":"https:\/\/blogs.noticiasdenavarra.com\/lacurvadelsigloXXI\/?p=9027"},"modified":"2026-04-30T14:06:56","modified_gmt":"2026-04-30T14:06:56","slug":"una-tarde-en-cronopios","status":"publish","type":"post","link":"https:\/\/blogs.noticiasdenavarra.com\/lacurvadelsigloXXI\/2026\/04\/30\/una-tarde-en-cronopios\/","title":{"rendered":"UNA TARDE EN CRONOPIOS"},"content":{"rendered":"\n<figure class=\"wp-block-image size-full\"><a href=\"https:\/\/blogs.noticiasdenavarra.com\/lacurvadelsigloXXI\/files\/2026\/04\/oriller.jpg\"><img loading=\"lazy\" decoding=\"async\" width=\"295\" height=\"195\" src=\"https:\/\/blogs.noticiasdenavarra.com\/lacurvadelsigloXXI\/files\/2026\/04\/oriller.jpg\" alt=\"\" class=\"wp-image-9029\" \/><\/a><\/figure>\n\n\n\n<p>Romp\u00ed<br>todos sus bol\u00edgrafos,<br>la pantalla de su ordenador<br>y el teclado de su m\u00e1quina de escribir.<\/p>\n\n\n\n<p>Le romp\u00ed las manos y los pies y de un paliz\u00f3n<br>lo postr\u00e9 en una silla de<br>ruedas.<\/p>\n\n\n\n<p>Pero a pesar de todo \u00e9l segu\u00eda escribiendo sus poemas de mierda.<\/p>\n\n\n\n<p><em>Porque\u2026 so\u00f1ar es escribir.<\/em> \u2013 Me dijo estirando su fino cuello.<br>Los poetas de verdad no necesitamos ni las manos<br>ni los pies para escribir\u2026 S\u00f3lo necesitamos<br>so\u00f1ar\u2026 Que nadie te diga de qu\u00e9<br>color son tus sue\u00f1os.<\/p>\n\n\n\n<p>Mi<br>cara<br>era un<br>poema de<br>mierda cuando<br>escuchaba sus palabras.<\/p>\n\n\n\n<p><em>Tienes raz\u00f3n.<\/em> \u2013 Le dije.<\/p>\n\n\n\n<p>Y le dispar\u00e9 un pu\u00f1etazo a bocajarro.<br>Y le romp\u00ed el cuello y el <em>oriller<\/em>.<br>Y no volvi\u00f3 a so\u00f1ar nunca<br>jam\u00e1s.<\/p>\n","protected":false},"excerpt":{"rendered":"<p>Romp\u00edtodos sus bol\u00edgrafos,la pantalla de su ordenadory el teclado de su m\u00e1quina de escribir. Le romp\u00ed las manos y los pies y de un paliz\u00f3nlo postr\u00e9 en una silla deruedas. Pero a pesar de todo \u00e9l segu\u00eda escribiendo sus poemas de mierda. Porque\u2026 so\u00f1ar es escribir. \u2013 Me dijo estirando su fino cuello.Los poetas de &hellip; <a href=\"https:\/\/blogs.noticiasdenavarra.com\/lacurvadelsigloXXI\/2026\/04\/30\/una-tarde-en-cronopios\/\" class=\"more-link\">Sigue leyendo <span class=\"screen-reader-text\">UNA TARDE EN CRONOPIOS<\/span><\/a><\/p>\n","protected":false},"author":89,"featured_media":0,"comment_status":"open","ping_status":"open","sticky":false,"template":"","format":"standard","meta":{"footnotes":""},"categories":[4],"tags":[],"class_list":["post-9027","post","type-post","status-publish","format-standard","hentry","category-sin-categoria"],"_links":{"self":[{"href":"https:\/\/blogs.noticiasdenavarra.com\/lacurvadelsigloXXI\/wp-json\/wp\/v2\/posts\/9027","targetHints":{"allow":["GET"]}}],"collection":[{"href":"https:\/\/blogs.noticiasdenavarra.com\/lacurvadelsigloXXI\/wp-json\/wp\/v2\/posts"}],"about":[{"href":"https:\/\/blogs.noticiasdenavarra.com\/lacurvadelsigloXXI\/wp-json\/wp\/v2\/types\/post"}],"author":[{"embeddable":true,"href":"https:\/\/blogs.noticiasdenavarra.com\/lacurvadelsigloXXI\/wp-json\/wp\/v2\/users\/89"}],"replies":[{"embeddable":true,"href":"https:\/\/blogs.noticiasdenavarra.com\/lacurvadelsigloXXI\/wp-json\/wp\/v2\/comments?post=9027"}],"version-history":[{"count":7,"href":"https:\/\/blogs.noticiasdenavarra.com\/lacurvadelsigloXXI\/wp-json\/wp\/v2\/posts\/9027\/revisions"}],"predecessor-version":[{"id":9038,"href":"https:\/\/blogs.noticiasdenavarra.com\/lacurvadelsigloXXI\/wp-json\/wp\/v2\/posts\/9027\/revisions\/9038"}],"wp:attachment":[{"href":"https:\/\/blogs.noticiasdenavarra.com\/lacurvadelsigloXXI\/wp-json\/wp\/v2\/media?parent=9027"}],"wp:term":[{"taxonomy":"category","embeddable":true,"href":"https:\/\/blogs.noticiasdenavarra.com\/lacurvadelsigloXXI\/wp-json\/wp\/v2\/categories?post=9027"},{"taxonomy":"post_tag","embeddable":true,"href":"https:\/\/blogs.noticiasdenavarra.com\/lacurvadelsigloXXI\/wp-json\/wp\/v2\/tags?post=9027"}],"curies":[{"name":"wp","href":"https:\/\/api.w.org\/{rel}","templated":true}]}}