{"id":8907,"date":"2026-03-17T16:04:41","date_gmt":"2026-03-17T16:04:41","guid":{"rendered":"https:\/\/blogs.noticiasdenavarra.com\/lacurvadelsigloXXI\/?p=8907"},"modified":"2026-03-22T11:01:04","modified_gmt":"2026-03-22T11:01:04","slug":"meritocracia","status":"publish","type":"post","link":"https:\/\/blogs.noticiasdenavarra.com\/lacurvadelsigloXXI\/2026\/03\/17\/meritocracia\/","title":{"rendered":"MERITOCRACIA"},"content":{"rendered":"\n<figure class=\"wp-block-image size-full\"><a href=\"https:\/\/blogs.noticiasdenavarra.com\/lacurvadelsigloXXI\/files\/2026\/03\/bartomeu-1.jpg\"><img loading=\"lazy\" decoding=\"async\" width=\"244\" height=\"108\" src=\"https:\/\/blogs.noticiasdenavarra.com\/lacurvadelsigloXXI\/files\/2026\/03\/bartomeu-1.jpg\" alt=\"\" class=\"wp-image-8908\" \/><\/a><\/figure>\n\n\n\n<p>Yo,<br>que soy m\u00e1s catal\u00e1n<br>que Bartomeu Robert i Yarz\u00e1bal,<br>rompo una vitrina llena<br>de trofeos.<\/p>\n\n\n\n<p>Si no te lo crees,<br>tengo im\u00e1genes grabadas<br>por una c\u00e1mara de circuito cerrado.<\/p>\n\n\n\n<p>La<br>reviento<br>por dentro y por fuera<br>y me llevo todos los trofeos.<\/p>\n\n\n\n<p>Esto es ser un ganador.<br>Esto es merito<br>cracia.<\/p>\n","protected":false},"excerpt":{"rendered":"<p>Yo,que soy m\u00e1s catal\u00e1nque Bartomeu Robert i Yarz\u00e1bal,rompo una vitrina llenade trofeos. Si no te lo crees,tengo im\u00e1genes grabadaspor una c\u00e1mara de circuito cerrado. Larevientopor dentro y por fueray me llevo todos los trofeos. Esto es ser un ganador.Esto es meritocracia.<\/p>\n","protected":false},"author":89,"featured_media":0,"comment_status":"open","ping_status":"open","sticky":false,"template":"","format":"standard","meta":{"footnotes":""},"categories":[4],"tags":[],"class_list":["post-8907","post","type-post","status-publish","format-standard","hentry","category-sin-categoria"],"_links":{"self":[{"href":"https:\/\/blogs.noticiasdenavarra.com\/lacurvadelsigloXXI\/wp-json\/wp\/v2\/posts\/8907","targetHints":{"allow":["GET"]}}],"collection":[{"href":"https:\/\/blogs.noticiasdenavarra.com\/lacurvadelsigloXXI\/wp-json\/wp\/v2\/posts"}],"about":[{"href":"https:\/\/blogs.noticiasdenavarra.com\/lacurvadelsigloXXI\/wp-json\/wp\/v2\/types\/post"}],"author":[{"embeddable":true,"href":"https:\/\/blogs.noticiasdenavarra.com\/lacurvadelsigloXXI\/wp-json\/wp\/v2\/users\/89"}],"replies":[{"embeddable":true,"href":"https:\/\/blogs.noticiasdenavarra.com\/lacurvadelsigloXXI\/wp-json\/wp\/v2\/comments?post=8907"}],"version-history":[{"count":2,"href":"https:\/\/blogs.noticiasdenavarra.com\/lacurvadelsigloXXI\/wp-json\/wp\/v2\/posts\/8907\/revisions"}],"predecessor-version":[{"id":8923,"href":"https:\/\/blogs.noticiasdenavarra.com\/lacurvadelsigloXXI\/wp-json\/wp\/v2\/posts\/8907\/revisions\/8923"}],"wp:attachment":[{"href":"https:\/\/blogs.noticiasdenavarra.com\/lacurvadelsigloXXI\/wp-json\/wp\/v2\/media?parent=8907"}],"wp:term":[{"taxonomy":"category","embeddable":true,"href":"https:\/\/blogs.noticiasdenavarra.com\/lacurvadelsigloXXI\/wp-json\/wp\/v2\/categories?post=8907"},{"taxonomy":"post_tag","embeddable":true,"href":"https:\/\/blogs.noticiasdenavarra.com\/lacurvadelsigloXXI\/wp-json\/wp\/v2\/tags?post=8907"}],"curies":[{"name":"wp","href":"https:\/\/api.w.org\/{rel}","templated":true}]}}