{"id":8852,"date":"2026-03-04T11:58:24","date_gmt":"2026-03-04T11:58:24","guid":{"rendered":"https:\/\/blogs.noticiasdenavarra.com\/lacurvadelsigloXXI\/?p=8852"},"modified":"2026-03-04T12:12:10","modified_gmt":"2026-03-04T12:12:10","slug":"la-responsabilidad-de-ser-feliz-y-de-que-no-se-te-note","status":"publish","type":"post","link":"https:\/\/blogs.noticiasdenavarra.com\/lacurvadelsigloXXI\/2026\/03\/04\/la-responsabilidad-de-ser-feliz-y-de-que-no-se-te-note\/","title":{"rendered":"LA RESPONSABILIDAD DE SER FELIZ Y QUE NO SE TE NOTE"},"content":{"rendered":"\n<figure class=\"wp-block-image size-full\"><a href=\"https:\/\/blogs.noticiasdenavarra.com\/lacurvadelsigloXXI\/files\/2026\/03\/cuervo.png\"><img loading=\"lazy\" decoding=\"async\" width=\"283\" height=\"193\" src=\"https:\/\/blogs.noticiasdenavarra.com\/lacurvadelsigloXXI\/files\/2026\/03\/cuervo.png\" alt=\"\" class=\"wp-image-8853\" \/><\/a><\/figure>\n\n\n\n<p>Un<br>cuervo con tetas<br>de goma le rob\u00f3 la plata<br>que le hab\u00eda regalado su madre.<\/p>\n\n\n\n<p>Y una bandera mojada que no sab\u00eda,<br>que no pod\u00eda ser bandera,<br>en un charco de<br>la<br>calle.<\/p>\n","protected":false},"excerpt":{"rendered":"<p>Uncuervo con tetasde goma le rob\u00f3 la plataque le hab\u00eda regalado su madre. Y una bandera mojada que no sab\u00eda,que no pod\u00eda ser bandera,en un charco delacalle.<\/p>\n","protected":false},"author":89,"featured_media":0,"comment_status":"open","ping_status":"open","sticky":false,"template":"","format":"standard","meta":{"footnotes":""},"categories":[4],"tags":[],"class_list":["post-8852","post","type-post","status-publish","format-standard","hentry","category-sin-categoria"],"_links":{"self":[{"href":"https:\/\/blogs.noticiasdenavarra.com\/lacurvadelsigloXXI\/wp-json\/wp\/v2\/posts\/8852","targetHints":{"allow":["GET"]}}],"collection":[{"href":"https:\/\/blogs.noticiasdenavarra.com\/lacurvadelsigloXXI\/wp-json\/wp\/v2\/posts"}],"about":[{"href":"https:\/\/blogs.noticiasdenavarra.com\/lacurvadelsigloXXI\/wp-json\/wp\/v2\/types\/post"}],"author":[{"embeddable":true,"href":"https:\/\/blogs.noticiasdenavarra.com\/lacurvadelsigloXXI\/wp-json\/wp\/v2\/users\/89"}],"replies":[{"embeddable":true,"href":"https:\/\/blogs.noticiasdenavarra.com\/lacurvadelsigloXXI\/wp-json\/wp\/v2\/comments?post=8852"}],"version-history":[{"count":3,"href":"https:\/\/blogs.noticiasdenavarra.com\/lacurvadelsigloXXI\/wp-json\/wp\/v2\/posts\/8852\/revisions"}],"predecessor-version":[{"id":8856,"href":"https:\/\/blogs.noticiasdenavarra.com\/lacurvadelsigloXXI\/wp-json\/wp\/v2\/posts\/8852\/revisions\/8856"}],"wp:attachment":[{"href":"https:\/\/blogs.noticiasdenavarra.com\/lacurvadelsigloXXI\/wp-json\/wp\/v2\/media?parent=8852"}],"wp:term":[{"taxonomy":"category","embeddable":true,"href":"https:\/\/blogs.noticiasdenavarra.com\/lacurvadelsigloXXI\/wp-json\/wp\/v2\/categories?post=8852"},{"taxonomy":"post_tag","embeddable":true,"href":"https:\/\/blogs.noticiasdenavarra.com\/lacurvadelsigloXXI\/wp-json\/wp\/v2\/tags?post=8852"}],"curies":[{"name":"wp","href":"https:\/\/api.w.org\/{rel}","templated":true}]}}