{"id":7070,"date":"2023-03-07T19:55:33","date_gmt":"2023-03-07T19:55:33","guid":{"rendered":"https:\/\/blogs.noticiasdenavarra.com\/lacurvadelsigloXXI\/?p=7070"},"modified":"2023-03-10T10:09:29","modified_gmt":"2023-03-10T10:09:29","slug":"un-pelo-del-bigote-de-un-calvo","status":"publish","type":"post","link":"https:\/\/blogs.noticiasdenavarra.com\/lacurvadelsigloXXI\/2023\/03\/07\/un-pelo-del-bigote-de-un-calvo\/","title":{"rendered":"UN PELO DEL BIGOTE DE UN CALVO"},"content":{"rendered":"\n<figure class=\"wp-block-image size-large is-resized\"><a href=\"https:\/\/blogs.noticiasdenavarra.com\/lacurvadelsigloXXI\/files\/2023\/03\/Captura-de-pantalla-2023-03-07-a-las-20.52.36.png\"><img loading=\"lazy\" decoding=\"async\" src=\"https:\/\/blogs.noticiasdenavarra.com\/lacurvadelsigloXXI\/files\/2023\/03\/Captura-de-pantalla-2023-03-07-a-las-20.52.36-940x586.png\" alt=\"\" class=\"wp-image-7071\" width=\"380\" height=\"237\" srcset=\"https:\/\/blogs.noticiasdenavarra.com\/lacurvadelsigloXXI\/files\/2023\/03\/Captura-de-pantalla-2023-03-07-a-las-20.52.36-940x586.png 940w, https:\/\/blogs.noticiasdenavarra.com\/lacurvadelsigloXXI\/files\/2023\/03\/Captura-de-pantalla-2023-03-07-a-las-20.52.36-580x361.png 580w, https:\/\/blogs.noticiasdenavarra.com\/lacurvadelsigloXXI\/files\/2023\/03\/Captura-de-pantalla-2023-03-07-a-las-20.52.36-768x478.png 768w, https:\/\/blogs.noticiasdenavarra.com\/lacurvadelsigloXXI\/files\/2023\/03\/Captura-de-pantalla-2023-03-07-a-las-20.52.36.png 992w\" sizes=\"auto, (max-width: 380px) 100vw, 380px\" \/><\/a><\/figure>\n\n\n\n<p>De peque\u00f1os mir\u00e1bamos el sol hasta quedarnos ciegos.<br>Luego cerr\u00e1bamos los ojos y llor\u00e1bamos.<\/p>\n\n\n\n<p>Los<br>chicles de fresa,<br>los chicles de menta,<br>todos los chicles formaban parte del suelo de la plaza de nuestro pueblo.<\/p>\n\n\n\n<p>No pod\u00edamos matar animales muertos.<br>Los perros atropellados ya estaban muertos cuando lleg\u00e1bamos.<\/p>\n\n\n\n<p>Nadie nos hac\u00eda ni caso y eso nos brindaba cierta libertad.<br>\u00c9ramos como un pelo del bigote de un calvo.<\/p>\n","protected":false},"excerpt":{"rendered":"<p>De peque\u00f1os mir\u00e1bamos el sol hasta quedarnos ciegos.Luego cerr\u00e1bamos los ojos y llor\u00e1bamos. Loschicles de fresa,los chicles de menta,todos los chicles formaban parte del suelo de la plaza de nuestro pueblo. No pod\u00edamos matar animales muertos.Los perros atropellados ya estaban muertos cuando lleg\u00e1bamos. Nadie nos hac\u00eda ni caso y eso nos brindaba cierta libertad.\u00c9ramos como &hellip; <a href=\"https:\/\/blogs.noticiasdenavarra.com\/lacurvadelsigloXXI\/2023\/03\/07\/un-pelo-del-bigote-de-un-calvo\/\" class=\"more-link\">Sigue leyendo <span class=\"screen-reader-text\">UN PELO DEL BIGOTE DE UN CALVO<\/span><\/a><\/p>\n","protected":false},"author":89,"featured_media":0,"comment_status":"open","ping_status":"open","sticky":false,"template":"","format":"standard","meta":{"footnotes":""},"categories":[4],"tags":[],"class_list":["post-7070","post","type-post","status-publish","format-standard","hentry","category-sin-categoria"],"_links":{"self":[{"href":"https:\/\/blogs.noticiasdenavarra.com\/lacurvadelsigloXXI\/wp-json\/wp\/v2\/posts\/7070","targetHints":{"allow":["GET"]}}],"collection":[{"href":"https:\/\/blogs.noticiasdenavarra.com\/lacurvadelsigloXXI\/wp-json\/wp\/v2\/posts"}],"about":[{"href":"https:\/\/blogs.noticiasdenavarra.com\/lacurvadelsigloXXI\/wp-json\/wp\/v2\/types\/post"}],"author":[{"embeddable":true,"href":"https:\/\/blogs.noticiasdenavarra.com\/lacurvadelsigloXXI\/wp-json\/wp\/v2\/users\/89"}],"replies":[{"embeddable":true,"href":"https:\/\/blogs.noticiasdenavarra.com\/lacurvadelsigloXXI\/wp-json\/wp\/v2\/comments?post=7070"}],"version-history":[{"count":4,"href":"https:\/\/blogs.noticiasdenavarra.com\/lacurvadelsigloXXI\/wp-json\/wp\/v2\/posts\/7070\/revisions"}],"predecessor-version":[{"id":7076,"href":"https:\/\/blogs.noticiasdenavarra.com\/lacurvadelsigloXXI\/wp-json\/wp\/v2\/posts\/7070\/revisions\/7076"}],"wp:attachment":[{"href":"https:\/\/blogs.noticiasdenavarra.com\/lacurvadelsigloXXI\/wp-json\/wp\/v2\/media?parent=7070"}],"wp:term":[{"taxonomy":"category","embeddable":true,"href":"https:\/\/blogs.noticiasdenavarra.com\/lacurvadelsigloXXI\/wp-json\/wp\/v2\/categories?post=7070"},{"taxonomy":"post_tag","embeddable":true,"href":"https:\/\/blogs.noticiasdenavarra.com\/lacurvadelsigloXXI\/wp-json\/wp\/v2\/tags?post=7070"}],"curies":[{"name":"wp","href":"https:\/\/api.w.org\/{rel}","templated":true}]}}