{"id":6647,"date":"2022-07-21T09:49:15","date_gmt":"2022-07-21T09:49:15","guid":{"rendered":"https:\/\/blogs.noticiasdenavarra.com\/lacurvadelsigloXXI\/?p=6647"},"modified":"2022-07-21T09:49:15","modified_gmt":"2022-07-21T09:49:15","slug":"un-pollo-pera","status":"publish","type":"post","link":"https:\/\/blogs.noticiasdenavarra.com\/lacurvadelsigloXXI\/2022\/07\/21\/un-pollo-pera\/","title":{"rendered":"UN POLLO PERA"},"content":{"rendered":"\n<figure class=\"wp-block-image size-large is-resized\"><a href=\"https:\/\/blogs.noticiasdenavarra.com\/lacurvadelsigloXXI\/files\/2022\/07\/v4-1200px-Become-Sexy-for-Boys-Only-Step-7.jpg\"><img loading=\"lazy\" decoding=\"async\" src=\"https:\/\/blogs.noticiasdenavarra.com\/lacurvadelsigloXXI\/files\/2022\/07\/v4-1200px-Become-Sexy-for-Boys-Only-Step-7-940x705.jpg\" alt=\"\" class=\"wp-image-6648\" width=\"369\" height=\"276\" srcset=\"https:\/\/blogs.noticiasdenavarra.com\/lacurvadelsigloXXI\/files\/2022\/07\/v4-1200px-Become-Sexy-for-Boys-Only-Step-7-940x705.jpg 940w, https:\/\/blogs.noticiasdenavarra.com\/lacurvadelsigloXXI\/files\/2022\/07\/v4-1200px-Become-Sexy-for-Boys-Only-Step-7-580x435.jpg 580w, https:\/\/blogs.noticiasdenavarra.com\/lacurvadelsigloXXI\/files\/2022\/07\/v4-1200px-Become-Sexy-for-Boys-Only-Step-7-768x576.jpg 768w, https:\/\/blogs.noticiasdenavarra.com\/lacurvadelsigloXXI\/files\/2022\/07\/v4-1200px-Become-Sexy-for-Boys-Only-Step-7.jpg 1200w\" sizes=\"auto, (max-width: 369px) 100vw, 369px\" \/><\/a><\/figure>\n\n\n\n<p>Supongo que la vida de todos es jodida.<\/p>\n\n\n\n<p>En mayor o menor medida se pasa mal a ratos.<br>En la calle se pasa mal y en la c\u00e1rcel tambi\u00e9n.<br>Eso digo yo que nunca he vivido en la calle<br>ni tampoco he pisado jam\u00e1s<br>una c\u00e1rcel.<\/p>\n\n\n\n<p>Pero tiempo al tiempo pollo pera.<\/p>\n\n\n\n<p>Quiero reflexionar sobre esto y sobre aquello.<br>Quiero reflexionar sobre asuntos sobre los cuales<br>no tengo ni pajolera idea.<\/p>\n\n\n\n<p>Lo hago por aburrimiento pollo pera.<br>Porque eso es lo que eres.<\/p>\n\n\n\n<p>Un pollo pera.<\/p>\n","protected":false},"excerpt":{"rendered":"<p>Supongo que la vida de todos es jodida. En mayor o menor medida se pasa mal a ratos.En la calle se pasa mal y en la c\u00e1rcel tambi\u00e9n.Eso digo yo que nunca he vivido en la calleni tampoco he pisado jam\u00e1suna c\u00e1rcel. Pero tiempo al tiempo pollo pera. Quiero reflexionar sobre esto y sobre aquello.Quiero &hellip; <a href=\"https:\/\/blogs.noticiasdenavarra.com\/lacurvadelsigloXXI\/2022\/07\/21\/un-pollo-pera\/\" class=\"more-link\">Sigue leyendo <span class=\"screen-reader-text\">UN POLLO PERA<\/span><\/a><\/p>\n","protected":false},"author":89,"featured_media":0,"comment_status":"open","ping_status":"open","sticky":false,"template":"","format":"standard","meta":{"footnotes":""},"categories":[4],"tags":[],"class_list":["post-6647","post","type-post","status-publish","format-standard","hentry","category-sin-categoria"],"_links":{"self":[{"href":"https:\/\/blogs.noticiasdenavarra.com\/lacurvadelsigloXXI\/wp-json\/wp\/v2\/posts\/6647","targetHints":{"allow":["GET"]}}],"collection":[{"href":"https:\/\/blogs.noticiasdenavarra.com\/lacurvadelsigloXXI\/wp-json\/wp\/v2\/posts"}],"about":[{"href":"https:\/\/blogs.noticiasdenavarra.com\/lacurvadelsigloXXI\/wp-json\/wp\/v2\/types\/post"}],"author":[{"embeddable":true,"href":"https:\/\/blogs.noticiasdenavarra.com\/lacurvadelsigloXXI\/wp-json\/wp\/v2\/users\/89"}],"replies":[{"embeddable":true,"href":"https:\/\/blogs.noticiasdenavarra.com\/lacurvadelsigloXXI\/wp-json\/wp\/v2\/comments?post=6647"}],"version-history":[{"count":1,"href":"https:\/\/blogs.noticiasdenavarra.com\/lacurvadelsigloXXI\/wp-json\/wp\/v2\/posts\/6647\/revisions"}],"predecessor-version":[{"id":6649,"href":"https:\/\/blogs.noticiasdenavarra.com\/lacurvadelsigloXXI\/wp-json\/wp\/v2\/posts\/6647\/revisions\/6649"}],"wp:attachment":[{"href":"https:\/\/blogs.noticiasdenavarra.com\/lacurvadelsigloXXI\/wp-json\/wp\/v2\/media?parent=6647"}],"wp:term":[{"taxonomy":"category","embeddable":true,"href":"https:\/\/blogs.noticiasdenavarra.com\/lacurvadelsigloXXI\/wp-json\/wp\/v2\/categories?post=6647"},{"taxonomy":"post_tag","embeddable":true,"href":"https:\/\/blogs.noticiasdenavarra.com\/lacurvadelsigloXXI\/wp-json\/wp\/v2\/tags?post=6647"}],"curies":[{"name":"wp","href":"https:\/\/api.w.org\/{rel}","templated":true}]}}