{"id":5887,"date":"2021-08-15T08:40:23","date_gmt":"2021-08-15T08:40:23","guid":{"rendered":"https:\/\/blogs.noticiasdenavarra.com\/lacurvadelsigloXXI\/?p=5887"},"modified":"2021-08-15T08:40:23","modified_gmt":"2021-08-15T08:40:23","slug":"es-oblicua","status":"publish","type":"post","link":"https:\/\/blogs.noticiasdenavarra.com\/lacurvadelsigloXXI\/2021\/08\/15\/es-oblicua\/","title":{"rendered":"ES OBLICUA"},"content":{"rendered":"\n<figure class=\"wp-block-image size-full is-resized\"><a href=\"https:\/\/blogs.noticiasdenavarra.com\/lacurvadelsigloXXI\/files\/2021\/08\/escher_Enfilme_8247c_675_489.jpg\"><img loading=\"lazy\" decoding=\"async\" src=\"https:\/\/blogs.noticiasdenavarra.com\/lacurvadelsigloXXI\/files\/2021\/08\/escher_Enfilme_8247c_675_489.jpg\" alt=\"\" class=\"wp-image-5888\" width=\"433\" height=\"314\" srcset=\"https:\/\/blogs.noticiasdenavarra.com\/lacurvadelsigloXXI\/files\/2021\/08\/escher_Enfilme_8247c_675_489.jpg 675w, https:\/\/blogs.noticiasdenavarra.com\/lacurvadelsigloXXI\/files\/2021\/08\/escher_Enfilme_8247c_675_489-580x420.jpg 580w\" sizes=\"auto, (max-width: 433px) 100vw, 433px\" \/><\/a><\/figure>\n\n\n\n<p>Ya no s\u00e9 qu\u00e9 sue\u00f1o.<br>Ya no s\u00e9 qu\u00e9 vivo en realidad.<\/p>\n\n\n\n<p>Es oblicua.<\/p>\n\n\n\n<p>Es como una escalera.<br>Una escalera no sube ni baja.<br>Quien sube y baja somos nosotros.<\/p>\n","protected":false},"excerpt":{"rendered":"<p>Ya no s\u00e9 qu\u00e9 sue\u00f1o.Ya no s\u00e9 qu\u00e9 vivo en realidad. Es oblicua. Es como una escalera.Una escalera no sube ni baja.Quien sube y baja somos nosotros.<\/p>\n","protected":false},"author":89,"featured_media":0,"comment_status":"open","ping_status":"open","sticky":false,"template":"","format":"standard","meta":{"footnotes":""},"categories":[4],"tags":[],"class_list":["post-5887","post","type-post","status-publish","format-standard","hentry","category-sin-categoria"],"_links":{"self":[{"href":"https:\/\/blogs.noticiasdenavarra.com\/lacurvadelsigloXXI\/wp-json\/wp\/v2\/posts\/5887","targetHints":{"allow":["GET"]}}],"collection":[{"href":"https:\/\/blogs.noticiasdenavarra.com\/lacurvadelsigloXXI\/wp-json\/wp\/v2\/posts"}],"about":[{"href":"https:\/\/blogs.noticiasdenavarra.com\/lacurvadelsigloXXI\/wp-json\/wp\/v2\/types\/post"}],"author":[{"embeddable":true,"href":"https:\/\/blogs.noticiasdenavarra.com\/lacurvadelsigloXXI\/wp-json\/wp\/v2\/users\/89"}],"replies":[{"embeddable":true,"href":"https:\/\/blogs.noticiasdenavarra.com\/lacurvadelsigloXXI\/wp-json\/wp\/v2\/comments?post=5887"}],"version-history":[{"count":1,"href":"https:\/\/blogs.noticiasdenavarra.com\/lacurvadelsigloXXI\/wp-json\/wp\/v2\/posts\/5887\/revisions"}],"predecessor-version":[{"id":5889,"href":"https:\/\/blogs.noticiasdenavarra.com\/lacurvadelsigloXXI\/wp-json\/wp\/v2\/posts\/5887\/revisions\/5889"}],"wp:attachment":[{"href":"https:\/\/blogs.noticiasdenavarra.com\/lacurvadelsigloXXI\/wp-json\/wp\/v2\/media?parent=5887"}],"wp:term":[{"taxonomy":"category","embeddable":true,"href":"https:\/\/blogs.noticiasdenavarra.com\/lacurvadelsigloXXI\/wp-json\/wp\/v2\/categories?post=5887"},{"taxonomy":"post_tag","embeddable":true,"href":"https:\/\/blogs.noticiasdenavarra.com\/lacurvadelsigloXXI\/wp-json\/wp\/v2\/tags?post=5887"}],"curies":[{"name":"wp","href":"https:\/\/api.w.org\/{rel}","templated":true}]}}