{"id":5884,"date":"2021-08-14T09:52:12","date_gmt":"2021-08-14T09:52:12","guid":{"rendered":"https:\/\/blogs.noticiasdenavarra.com\/lacurvadelsigloXXI\/?p=5884"},"modified":"2021-08-14T09:52:12","modified_gmt":"2021-08-14T09:52:12","slug":"vacaciones-de-verdad","status":"publish","type":"post","link":"https:\/\/blogs.noticiasdenavarra.com\/lacurvadelsigloXXI\/2021\/08\/14\/vacaciones-de-verdad\/","title":{"rendered":"VACACIONES DE VERDAD"},"content":{"rendered":"\n<figure class=\"wp-block-image size-full is-resized\"><a href=\"https:\/\/blogs.noticiasdenavarra.com\/lacurvadelsigloXXI\/files\/2021\/08\/fdvdf.jpg\"><img loading=\"lazy\" decoding=\"async\" src=\"https:\/\/blogs.noticiasdenavarra.com\/lacurvadelsigloXXI\/files\/2021\/08\/fdvdf.jpg\" alt=\"\" class=\"wp-image-5885\" width=\"309\" height=\"352\" srcset=\"https:\/\/blogs.noticiasdenavarra.com\/lacurvadelsigloXXI\/files\/2021\/08\/fdvdf.jpg 583w, https:\/\/blogs.noticiasdenavarra.com\/lacurvadelsigloXXI\/files\/2021\/08\/fdvdf-580x661.jpg 580w\" sizes=\"auto, (max-width: 309px) 100vw, 309px\" \/><\/a><\/figure>\n\n\n\n<p>Bebo cuando tengo sed,<br>y creo que odio las<br>vacaciones de<br>los dem\u00e1s.<\/p>\n\n\n\n<p>\u00bfQu\u00e9 pasa si pasa?<\/p>\n\n\n\n<p>Lo<br>que ahora<br>es s\u00f3lo tiempo de Agosto<br>antes era verano<br>infinito.<\/p>\n\n\n\n<p>Ya no volver\u00e1n esos d\u00edas eternos<br>de veinticuatro horas<br>eternas.<\/p>\n\n\n\n<p>Beb\u00eda cuando ten\u00eda sed,<br>y tus vacaciones eran<br>de<br>verdad.<\/p>\n","protected":false},"excerpt":{"rendered":"<p>Bebo cuando tengo sed,y creo que odio lasvacaciones delos dem\u00e1s. \u00bfQu\u00e9 pasa si pasa? Loque ahoraes s\u00f3lo tiempo de Agostoantes era veranoinfinito. Ya no volver\u00e1n esos d\u00edas eternosde veinticuatro horaseternas. Beb\u00eda cuando ten\u00eda sed,y tus vacaciones erandeverdad.<\/p>\n","protected":false},"author":89,"featured_media":0,"comment_status":"open","ping_status":"open","sticky":false,"template":"","format":"standard","meta":{"footnotes":""},"categories":[4],"tags":[],"class_list":["post-5884","post","type-post","status-publish","format-standard","hentry","category-sin-categoria"],"_links":{"self":[{"href":"https:\/\/blogs.noticiasdenavarra.com\/lacurvadelsigloXXI\/wp-json\/wp\/v2\/posts\/5884","targetHints":{"allow":["GET"]}}],"collection":[{"href":"https:\/\/blogs.noticiasdenavarra.com\/lacurvadelsigloXXI\/wp-json\/wp\/v2\/posts"}],"about":[{"href":"https:\/\/blogs.noticiasdenavarra.com\/lacurvadelsigloXXI\/wp-json\/wp\/v2\/types\/post"}],"author":[{"embeddable":true,"href":"https:\/\/blogs.noticiasdenavarra.com\/lacurvadelsigloXXI\/wp-json\/wp\/v2\/users\/89"}],"replies":[{"embeddable":true,"href":"https:\/\/blogs.noticiasdenavarra.com\/lacurvadelsigloXXI\/wp-json\/wp\/v2\/comments?post=5884"}],"version-history":[{"count":1,"href":"https:\/\/blogs.noticiasdenavarra.com\/lacurvadelsigloXXI\/wp-json\/wp\/v2\/posts\/5884\/revisions"}],"predecessor-version":[{"id":5886,"href":"https:\/\/blogs.noticiasdenavarra.com\/lacurvadelsigloXXI\/wp-json\/wp\/v2\/posts\/5884\/revisions\/5886"}],"wp:attachment":[{"href":"https:\/\/blogs.noticiasdenavarra.com\/lacurvadelsigloXXI\/wp-json\/wp\/v2\/media?parent=5884"}],"wp:term":[{"taxonomy":"category","embeddable":true,"href":"https:\/\/blogs.noticiasdenavarra.com\/lacurvadelsigloXXI\/wp-json\/wp\/v2\/categories?post=5884"},{"taxonomy":"post_tag","embeddable":true,"href":"https:\/\/blogs.noticiasdenavarra.com\/lacurvadelsigloXXI\/wp-json\/wp\/v2\/tags?post=5884"}],"curies":[{"name":"wp","href":"https:\/\/api.w.org\/{rel}","templated":true}]}}