{"id":5871,"date":"2021-08-10T09:06:33","date_gmt":"2021-08-10T09:06:33","guid":{"rendered":"https:\/\/blogs.noticiasdenavarra.com\/lacurvadelsigloXXI\/?p=5871"},"modified":"2021-08-10T14:20:18","modified_gmt":"2021-08-10T14:20:18","slug":"que-decir-el-que-diran-como-reaccionar","status":"publish","type":"post","link":"https:\/\/blogs.noticiasdenavarra.com\/lacurvadelsigloXXI\/2021\/08\/10\/que-decir-el-que-diran-como-reaccionar\/","title":{"rendered":"QU\u00c9 DECIR, EL QU\u00c9 DIR\u00c1N, C\u00d3MO REACCIONAR"},"content":{"rendered":"\n<figure class=\"wp-block-image size-full is-resized\"><a href=\"https:\/\/blogs.noticiasdenavarra.com\/lacurvadelsigloXXI\/files\/2021\/08\/1613648082_998547_1613648174_noticia_normal_recorte1.jpg\"><img loading=\"lazy\" decoding=\"async\" src=\"https:\/\/blogs.noticiasdenavarra.com\/lacurvadelsigloXXI\/files\/2021\/08\/1613648082_998547_1613648174_noticia_normal_recorte1.jpg\" alt=\"\" class=\"wp-image-5872\" width=\"559\" height=\"314\" srcset=\"https:\/\/blogs.noticiasdenavarra.com\/lacurvadelsigloXXI\/files\/2021\/08\/1613648082_998547_1613648174_noticia_normal_recorte1.jpg 720w, https:\/\/blogs.noticiasdenavarra.com\/lacurvadelsigloXXI\/files\/2021\/08\/1613648082_998547_1613648174_noticia_normal_recorte1-580x326.jpg 580w\" sizes=\"auto, (max-width: 559px) 100vw, 559px\" \/><\/a><\/figure>\n\n\n\n<p>Tumbado en la cama,<br>medio dormido,<br>con las manos apretadas,<br>hechas un pu\u00f1o,<br>debajo de la almohada.<\/p>\n\n\n\n<p>A veces me preocupa<br>un<br>poco<br>qu\u00e9 decir,<br>el qu\u00e9 dir\u00e1n,<br>c\u00f3mo reaccionar.<\/p>\n\n\n\n<p>Luego me relaja pensar<br>que nunca<br>me ha preocupado demasiado<br>qu\u00e9 decir,<br>el qu\u00e9 dir\u00e1n,<br>c\u00f3mo reaccionar,<br>y mira lo bien que me<br>va.<\/p>\n\n\n\n<p>Tumbado en la cama,<br>medio dormido,<br>con las manos apretadas,<br>hechas un pu\u00f1o,<br>debajo de la almohada.<\/p>\n","protected":false},"excerpt":{"rendered":"<p>Tumbado en la cama,medio dormido,con las manos apretadas,hechas un pu\u00f1o,debajo de la almohada. A veces me preocupaunpocoqu\u00e9 decir,el qu\u00e9 dir\u00e1n,c\u00f3mo reaccionar. Luego me relaja pensarque nuncame ha preocupado demasiadoqu\u00e9 decir,el qu\u00e9 dir\u00e1n,c\u00f3mo reaccionar,y mira lo bien que meva. Tumbado en la cama,medio dormido,con las manos apretadas,hechas un pu\u00f1o,debajo de la almohada.<\/p>\n","protected":false},"author":89,"featured_media":0,"comment_status":"open","ping_status":"open","sticky":false,"template":"","format":"standard","meta":{"footnotes":""},"categories":[4],"tags":[],"class_list":["post-5871","post","type-post","status-publish","format-standard","hentry","category-sin-categoria"],"_links":{"self":[{"href":"https:\/\/blogs.noticiasdenavarra.com\/lacurvadelsigloXXI\/wp-json\/wp\/v2\/posts\/5871","targetHints":{"allow":["GET"]}}],"collection":[{"href":"https:\/\/blogs.noticiasdenavarra.com\/lacurvadelsigloXXI\/wp-json\/wp\/v2\/posts"}],"about":[{"href":"https:\/\/blogs.noticiasdenavarra.com\/lacurvadelsigloXXI\/wp-json\/wp\/v2\/types\/post"}],"author":[{"embeddable":true,"href":"https:\/\/blogs.noticiasdenavarra.com\/lacurvadelsigloXXI\/wp-json\/wp\/v2\/users\/89"}],"replies":[{"embeddable":true,"href":"https:\/\/blogs.noticiasdenavarra.com\/lacurvadelsigloXXI\/wp-json\/wp\/v2\/comments?post=5871"}],"version-history":[{"count":3,"href":"https:\/\/blogs.noticiasdenavarra.com\/lacurvadelsigloXXI\/wp-json\/wp\/v2\/posts\/5871\/revisions"}],"predecessor-version":[{"id":5875,"href":"https:\/\/blogs.noticiasdenavarra.com\/lacurvadelsigloXXI\/wp-json\/wp\/v2\/posts\/5871\/revisions\/5875"}],"wp:attachment":[{"href":"https:\/\/blogs.noticiasdenavarra.com\/lacurvadelsigloXXI\/wp-json\/wp\/v2\/media?parent=5871"}],"wp:term":[{"taxonomy":"category","embeddable":true,"href":"https:\/\/blogs.noticiasdenavarra.com\/lacurvadelsigloXXI\/wp-json\/wp\/v2\/categories?post=5871"},{"taxonomy":"post_tag","embeddable":true,"href":"https:\/\/blogs.noticiasdenavarra.com\/lacurvadelsigloXXI\/wp-json\/wp\/v2\/tags?post=5871"}],"curies":[{"name":"wp","href":"https:\/\/api.w.org\/{rel}","templated":true}]}}