{"id":5842,"date":"2021-07-30T08:44:38","date_gmt":"2021-07-30T08:44:38","guid":{"rendered":"https:\/\/blogs.noticiasdenavarra.com\/lacurvadelsigloXXI\/?p=5842"},"modified":"2021-07-30T08:47:20","modified_gmt":"2021-07-30T08:47:20","slug":"y-de-nuevo-digo-que-no","status":"publish","type":"post","link":"https:\/\/blogs.noticiasdenavarra.com\/lacurvadelsigloXXI\/2021\/07\/30\/y-de-nuevo-digo-que-no\/","title":{"rendered":"Y DE NUEVO DIGO QUE NO"},"content":{"rendered":"\n<figure class=\"wp-block-image size-full\"><a href=\"https:\/\/blogs.noticiasdenavarra.com\/lacurvadelsigloXXI\/files\/2021\/07\/hqdefault-1.jpg\"><img loading=\"lazy\" decoding=\"async\" width=\"427\" height=\"254\" src=\"https:\/\/blogs.noticiasdenavarra.com\/lacurvadelsigloXXI\/files\/2021\/07\/hqdefault-1.jpg\" alt=\"\" class=\"wp-image-5843\" \/><\/a><\/figure>\n\n\n\n<p>He<br>invocado tu imagen<br>y me ha venido el recuerdo.<\/p>\n\n\n\n<p>Ya sabes<br>que digo muchas veces<br>que no a muchas<br>cosas.<\/p>\n\n\n\n<p>Y de nuevo digo que no.<br>Que no son imaginaciones m\u00edas.<\/p>\n\n\n\n<p>Que las ara\u00f1as aprovechan el silencio de la noche.<br>Que un polvo de hierro flota en el aire.<br>Que las ara\u00f1as lo saben y por<br>eso tejen sus telas,<br>despacio.<\/p>\n","protected":false},"excerpt":{"rendered":"<p>Heinvocado tu imageny me ha venido el recuerdo. Ya sabesque digo muchas vecesque no a muchascosas. Y de nuevo digo que no.Que no son imaginaciones m\u00edas. Que las ara\u00f1as aprovechan el silencio de la noche.Que un polvo de hierro flota en el aire.Que las ara\u00f1as lo saben y poreso tejen sus telas,despacio.<\/p>\n","protected":false},"author":89,"featured_media":0,"comment_status":"open","ping_status":"open","sticky":false,"template":"","format":"standard","meta":{"footnotes":""},"categories":[4],"tags":[],"class_list":["post-5842","post","type-post","status-publish","format-standard","hentry","category-sin-categoria"],"_links":{"self":[{"href":"https:\/\/blogs.noticiasdenavarra.com\/lacurvadelsigloXXI\/wp-json\/wp\/v2\/posts\/5842","targetHints":{"allow":["GET"]}}],"collection":[{"href":"https:\/\/blogs.noticiasdenavarra.com\/lacurvadelsigloXXI\/wp-json\/wp\/v2\/posts"}],"about":[{"href":"https:\/\/blogs.noticiasdenavarra.com\/lacurvadelsigloXXI\/wp-json\/wp\/v2\/types\/post"}],"author":[{"embeddable":true,"href":"https:\/\/blogs.noticiasdenavarra.com\/lacurvadelsigloXXI\/wp-json\/wp\/v2\/users\/89"}],"replies":[{"embeddable":true,"href":"https:\/\/blogs.noticiasdenavarra.com\/lacurvadelsigloXXI\/wp-json\/wp\/v2\/comments?post=5842"}],"version-history":[{"count":2,"href":"https:\/\/blogs.noticiasdenavarra.com\/lacurvadelsigloXXI\/wp-json\/wp\/v2\/posts\/5842\/revisions"}],"predecessor-version":[{"id":5845,"href":"https:\/\/blogs.noticiasdenavarra.com\/lacurvadelsigloXXI\/wp-json\/wp\/v2\/posts\/5842\/revisions\/5845"}],"wp:attachment":[{"href":"https:\/\/blogs.noticiasdenavarra.com\/lacurvadelsigloXXI\/wp-json\/wp\/v2\/media?parent=5842"}],"wp:term":[{"taxonomy":"category","embeddable":true,"href":"https:\/\/blogs.noticiasdenavarra.com\/lacurvadelsigloXXI\/wp-json\/wp\/v2\/categories?post=5842"},{"taxonomy":"post_tag","embeddable":true,"href":"https:\/\/blogs.noticiasdenavarra.com\/lacurvadelsigloXXI\/wp-json\/wp\/v2\/tags?post=5842"}],"curies":[{"name":"wp","href":"https:\/\/api.w.org\/{rel}","templated":true}]}}