{"id":5438,"date":"2021-04-20T21:50:49","date_gmt":"2021-04-20T21:50:49","guid":{"rendered":"https:\/\/blogs.noticiasdenavarra.com\/lacurvadelsigloXXI\/?p=5438"},"modified":"2021-04-20T22:13:29","modified_gmt":"2021-04-20T22:13:29","slug":"la-luz-blanca-me-pone-negro","status":"publish","type":"post","link":"https:\/\/blogs.noticiasdenavarra.com\/lacurvadelsigloXXI\/2021\/04\/20\/la-luz-blanca-me-pone-negro\/","title":{"rendered":"LA LUZ BLANCA ME PONE NEGRO"},"content":{"rendered":"\n<figure class=\"wp-block-image size-large is-resized\"><a href=\"https:\/\/blogs.noticiasdenavarra.com\/lacurvadelsigloXXI\/files\/2021\/04\/luzdescomp004.jpg\"><img loading=\"lazy\" decoding=\"async\" src=\"https:\/\/blogs.noticiasdenavarra.com\/lacurvadelsigloXXI\/files\/2021\/04\/luzdescomp004.jpg\" alt=\"\" class=\"wp-image-5439\" width=\"455\" height=\"181\" \/><\/a><\/figure>\n\n\n\n<p>La<br>luz blanca<br>me pone negro.<\/p>\n\n\n\n<p>Se cae un plato en la cocina.<\/p>\n\n\n\n<p>Hace un a\u00f1o me dijeron<br>que no so\u00f1ara<br><em>nada<\/em>.<\/p>\n\n\n\n<p>Y <em>nada<\/em> no sue\u00f1a<br>desde hace una semana.<\/p>\n\n\n\n<p>Se corta un rat\u00f3n la patita pero<br>yo no me despierto.<\/p>\n","protected":false},"excerpt":{"rendered":"<p>Laluz blancame pone negro. Se cae un plato en la cocina. Hace un a\u00f1o me dijeronque no so\u00f1aranada. Y nada no sue\u00f1adesde hace una semana. Se corta un rat\u00f3n la patita peroyo no me despierto.<\/p>\n","protected":false},"author":89,"featured_media":0,"comment_status":"open","ping_status":"open","sticky":false,"template":"","format":"standard","meta":{"footnotes":""},"categories":[4],"tags":[],"class_list":["post-5438","post","type-post","status-publish","format-standard","hentry","category-sin-categoria"],"_links":{"self":[{"href":"https:\/\/blogs.noticiasdenavarra.com\/lacurvadelsigloXXI\/wp-json\/wp\/v2\/posts\/5438","targetHints":{"allow":["GET"]}}],"collection":[{"href":"https:\/\/blogs.noticiasdenavarra.com\/lacurvadelsigloXXI\/wp-json\/wp\/v2\/posts"}],"about":[{"href":"https:\/\/blogs.noticiasdenavarra.com\/lacurvadelsigloXXI\/wp-json\/wp\/v2\/types\/post"}],"author":[{"embeddable":true,"href":"https:\/\/blogs.noticiasdenavarra.com\/lacurvadelsigloXXI\/wp-json\/wp\/v2\/users\/89"}],"replies":[{"embeddable":true,"href":"https:\/\/blogs.noticiasdenavarra.com\/lacurvadelsigloXXI\/wp-json\/wp\/v2\/comments?post=5438"}],"version-history":[{"count":9,"href":"https:\/\/blogs.noticiasdenavarra.com\/lacurvadelsigloXXI\/wp-json\/wp\/v2\/posts\/5438\/revisions"}],"predecessor-version":[{"id":5448,"href":"https:\/\/blogs.noticiasdenavarra.com\/lacurvadelsigloXXI\/wp-json\/wp\/v2\/posts\/5438\/revisions\/5448"}],"wp:attachment":[{"href":"https:\/\/blogs.noticiasdenavarra.com\/lacurvadelsigloXXI\/wp-json\/wp\/v2\/media?parent=5438"}],"wp:term":[{"taxonomy":"category","embeddable":true,"href":"https:\/\/blogs.noticiasdenavarra.com\/lacurvadelsigloXXI\/wp-json\/wp\/v2\/categories?post=5438"},{"taxonomy":"post_tag","embeddable":true,"href":"https:\/\/blogs.noticiasdenavarra.com\/lacurvadelsigloXXI\/wp-json\/wp\/v2\/tags?post=5438"}],"curies":[{"name":"wp","href":"https:\/\/api.w.org\/{rel}","templated":true}]}}