{"id":5392,"date":"2021-04-09T21:14:58","date_gmt":"2021-04-09T21:14:58","guid":{"rendered":"https:\/\/blogs.noticiasdenavarra.com\/lacurvadelsigloXXI\/?p=5392"},"modified":"2021-04-09T21:40:17","modified_gmt":"2021-04-09T21:40:17","slug":"mi-vida-tambien-era-una-m-i-e-r-d-a","status":"publish","type":"post","link":"https:\/\/blogs.noticiasdenavarra.com\/lacurvadelsigloXXI\/2021\/04\/09\/mi-vida-tambien-era-una-m-i-e-r-d-a\/","title":{"rendered":"MI VIDA TAMBI\u00c9N ERA UNA MI E R D A"},"content":{"rendered":"\n<figure class=\"wp-block-image size-large is-resized\"><a href=\"https:\/\/blogs.noticiasdenavarra.com\/lacurvadelsigloXXI\/files\/2021\/04\/bluper_75002746_169962519_1024x576-1.jpg\"><img loading=\"lazy\" decoding=\"async\" src=\"https:\/\/blogs.noticiasdenavarra.com\/lacurvadelsigloXXI\/files\/2021\/04\/bluper_75002746_169962519_1024x576-1-940x529.jpg\" alt=\"\" class=\"wp-image-5393\" width=\"432\" height=\"243\" srcset=\"https:\/\/blogs.noticiasdenavarra.com\/lacurvadelsigloXXI\/files\/2021\/04\/bluper_75002746_169962519_1024x576-1-940x529.jpg 940w, https:\/\/blogs.noticiasdenavarra.com\/lacurvadelsigloXXI\/files\/2021\/04\/bluper_75002746_169962519_1024x576-1-580x326.jpg 580w, https:\/\/blogs.noticiasdenavarra.com\/lacurvadelsigloXXI\/files\/2021\/04\/bluper_75002746_169962519_1024x576-1-768x432.jpg 768w, https:\/\/blogs.noticiasdenavarra.com\/lacurvadelsigloXXI\/files\/2021\/04\/bluper_75002746_169962519_1024x576-1.jpg 1024w\" sizes=\"auto, (max-width: 432px) 100vw, 432px\" \/><\/a><\/figure>\n\n\n\n<p>Mi<br>v i d a<br>me o b l i g a<br>a respetar l a s<br>deposiciones del p r \u00f3 j i m o.<br>No caigo bien a los c a l v o s<br>porque soy un p e l \u00f3 n<br>con c e r e b r o.<br>El tiempo me dar\u00e1 la r a z \u00f3 n<br>y todos querr\u00e9is s e r<br>como y o.<br>Me niego a que mi estado<br>de \u00e1nimo dependa<br>del  c l i m a.<\/p>\n\n\n\n<p>&#8212;&#8212;&#8212;&#8212;&#8212;&#8212;&#8212;&#8212;&#8212;&#8212;&#8212;&#8212;&#8212;&#8212;&#8212;&#8212;&#8212;&#8212;&#8212;&#8212;-<\/p>\n\n\n\n<p>CARITAS <em>SMILEYS<\/em> EN CUADROS DE<br>ESCENAS Y RECUERDOS DE<br>ADOLESCENTE O NI\u00d1O.<br>DETALLES PEQUE\u00d1OS EN CUADROS GRANDES.<\/p>\n\n\n\n<p>&#8212;&#8212;&#8212;&#8212;&#8212;&#8212;&#8212;&#8212;&#8212;&#8212;&#8212;&#8212;&#8212;&#8212;&#8212;&#8212;&#8212;&#8212;&#8212;&#8212;&#8211;<\/p>\n\n\n\n<p>Siempre que apareces m o l e s t a s.<br>Mi vida era mucho mejor<br>a n t e s.<br>Para que lo e n t i e n d a s.<br>Mi vida tambi\u00e9n era una m i e r d a.<\/p>\n","protected":false},"excerpt":{"rendered":"<p>Miv i d ame o b l i g aa respetar l a sdeposiciones del p r \u00f3 j i m o.No caigo bien a los c a l v o sporque soy un p e l \u00f3 ncon c e r e b r o.El tiempo me dar\u00e1 la r a z \u00f3 ny &hellip; <a href=\"https:\/\/blogs.noticiasdenavarra.com\/lacurvadelsigloXXI\/2021\/04\/09\/mi-vida-tambien-era-una-m-i-e-r-d-a\/\" class=\"more-link\">Sigue leyendo <span class=\"screen-reader-text\">MI VIDA TAMBI\u00c9N ERA UNA MI E R D A<\/span><\/a><\/p>\n","protected":false},"author":89,"featured_media":0,"comment_status":"open","ping_status":"open","sticky":false,"template":"","format":"standard","meta":{"footnotes":""},"categories":[4],"tags":[],"class_list":["post-5392","post","type-post","status-publish","format-standard","hentry","category-sin-categoria"],"_links":{"self":[{"href":"https:\/\/blogs.noticiasdenavarra.com\/lacurvadelsigloXXI\/wp-json\/wp\/v2\/posts\/5392","targetHints":{"allow":["GET"]}}],"collection":[{"href":"https:\/\/blogs.noticiasdenavarra.com\/lacurvadelsigloXXI\/wp-json\/wp\/v2\/posts"}],"about":[{"href":"https:\/\/blogs.noticiasdenavarra.com\/lacurvadelsigloXXI\/wp-json\/wp\/v2\/types\/post"}],"author":[{"embeddable":true,"href":"https:\/\/blogs.noticiasdenavarra.com\/lacurvadelsigloXXI\/wp-json\/wp\/v2\/users\/89"}],"replies":[{"embeddable":true,"href":"https:\/\/blogs.noticiasdenavarra.com\/lacurvadelsigloXXI\/wp-json\/wp\/v2\/comments?post=5392"}],"version-history":[{"count":8,"href":"https:\/\/blogs.noticiasdenavarra.com\/lacurvadelsigloXXI\/wp-json\/wp\/v2\/posts\/5392\/revisions"}],"predecessor-version":[{"id":5403,"href":"https:\/\/blogs.noticiasdenavarra.com\/lacurvadelsigloXXI\/wp-json\/wp\/v2\/posts\/5392\/revisions\/5403"}],"wp:attachment":[{"href":"https:\/\/blogs.noticiasdenavarra.com\/lacurvadelsigloXXI\/wp-json\/wp\/v2\/media?parent=5392"}],"wp:term":[{"taxonomy":"category","embeddable":true,"href":"https:\/\/blogs.noticiasdenavarra.com\/lacurvadelsigloXXI\/wp-json\/wp\/v2\/categories?post=5392"},{"taxonomy":"post_tag","embeddable":true,"href":"https:\/\/blogs.noticiasdenavarra.com\/lacurvadelsigloXXI\/wp-json\/wp\/v2\/tags?post=5392"}],"curies":[{"name":"wp","href":"https:\/\/api.w.org\/{rel}","templated":true}]}}