{"id":4819,"date":"2020-11-01T10:05:39","date_gmt":"2020-11-01T10:05:39","guid":{"rendered":"https:\/\/blogs.noticiasdenavarra.com\/lacurvadelsigloXXI\/?p=4819"},"modified":"2020-11-01T10:13:25","modified_gmt":"2020-11-01T10:13:25","slug":"quiero-disturbios-en-la-rocha","status":"publish","type":"post","link":"https:\/\/blogs.noticiasdenavarra.com\/lacurvadelsigloXXI\/2020\/11\/01\/quiero-disturbios-en-la-rocha\/","title":{"rendered":"QUIERO DISTURBIOS EN LA ROCHA"},"content":{"rendered":"\n<figure class=\"wp-block-image size-large is-resized\"><img loading=\"lazy\" decoding=\"async\" src=\"https:\/\/blogs.noticiasdenavarra.com\/lacurvadelsigloXXI\/files\/2020\/11\/maxresdefault-940x507.jpg\" alt=\"\" class=\"wp-image-4820\" width=\"632\" height=\"340\" srcset=\"https:\/\/blogs.noticiasdenavarra.com\/lacurvadelsigloXXI\/files\/2020\/11\/maxresdefault-940x507.jpg 940w, https:\/\/blogs.noticiasdenavarra.com\/lacurvadelsigloXXI\/files\/2020\/11\/maxresdefault-580x313.jpg 580w, https:\/\/blogs.noticiasdenavarra.com\/lacurvadelsigloXXI\/files\/2020\/11\/maxresdefault-768x414.jpg 768w, https:\/\/blogs.noticiasdenavarra.com\/lacurvadelsigloXXI\/files\/2020\/11\/maxresdefault.jpg 1264w\" sizes=\"auto, (max-width: 632px) 100vw, 632px\" \/><\/figure>\n\n\n\n<p>Hoy es <br>\nel \u00faltimo d\u00eda para <br>\nllevar flores al cementerio <br>\nardiendo.<\/p>\n\n\n\n<p>Hoy se inaugura un nuevo <br>\ntramo de carril bici en <br>\nllamas.<\/p>\n\n\n\n<p>La Polic\u00eda Nacional investiga<br> una caca de pedo <br> con fuego.<\/p>\n\n\n\n<p>S\u00ed. <br>\nHas le\u00eddo bien.<br>\nUna caca de pedo con fuego.<\/p>\n\n\n\n<p>Mi poes\u00eda no se ve.<br>\nMi poes\u00eda se lee.<\/p>\n\n\n\n<p>Quiero disturbios en <em>La Rocha<\/em>.<br> Quiero disturbios en <br> <em>La Rocha<\/em> y quiero <br> dejarme crecer <br> una cresta <br> roja.<\/p>\n\n\n\n<p>S\u00ed.<br> Has le\u00eddo bien.<br> Quiero disturbios en <em>La Rocha<\/em>.<\/p>\n","protected":false},"excerpt":{"rendered":"<p>Hoy es el \u00faltimo d\u00eda para llevar flores al cementerio ardiendo. Hoy se inaugura un nuevo tramo de carril bici en llamas. La Polic\u00eda Nacional investiga una caca de pedo con fuego. S\u00ed. Has le\u00eddo bien. Una caca de pedo con fuego. Mi poes\u00eda no se ve. Mi poes\u00eda se lee. Quiero disturbios en La &hellip; <a href=\"https:\/\/blogs.noticiasdenavarra.com\/lacurvadelsigloXXI\/2020\/11\/01\/quiero-disturbios-en-la-rocha\/\" class=\"more-link\">Sigue leyendo <span class=\"screen-reader-text\">QUIERO DISTURBIOS EN LA ROCHA<\/span><\/a><\/p>\n","protected":false},"author":89,"featured_media":0,"comment_status":"open","ping_status":"open","sticky":false,"template":"","format":"standard","meta":{"footnotes":""},"categories":[4],"tags":[],"class_list":["post-4819","post","type-post","status-publish","format-standard","hentry","category-sin-categoria"],"_links":{"self":[{"href":"https:\/\/blogs.noticiasdenavarra.com\/lacurvadelsigloXXI\/wp-json\/wp\/v2\/posts\/4819","targetHints":{"allow":["GET"]}}],"collection":[{"href":"https:\/\/blogs.noticiasdenavarra.com\/lacurvadelsigloXXI\/wp-json\/wp\/v2\/posts"}],"about":[{"href":"https:\/\/blogs.noticiasdenavarra.com\/lacurvadelsigloXXI\/wp-json\/wp\/v2\/types\/post"}],"author":[{"embeddable":true,"href":"https:\/\/blogs.noticiasdenavarra.com\/lacurvadelsigloXXI\/wp-json\/wp\/v2\/users\/89"}],"replies":[{"embeddable":true,"href":"https:\/\/blogs.noticiasdenavarra.com\/lacurvadelsigloXXI\/wp-json\/wp\/v2\/comments?post=4819"}],"version-history":[{"count":2,"href":"https:\/\/blogs.noticiasdenavarra.com\/lacurvadelsigloXXI\/wp-json\/wp\/v2\/posts\/4819\/revisions"}],"predecessor-version":[{"id":4822,"href":"https:\/\/blogs.noticiasdenavarra.com\/lacurvadelsigloXXI\/wp-json\/wp\/v2\/posts\/4819\/revisions\/4822"}],"wp:attachment":[{"href":"https:\/\/blogs.noticiasdenavarra.com\/lacurvadelsigloXXI\/wp-json\/wp\/v2\/media?parent=4819"}],"wp:term":[{"taxonomy":"category","embeddable":true,"href":"https:\/\/blogs.noticiasdenavarra.com\/lacurvadelsigloXXI\/wp-json\/wp\/v2\/categories?post=4819"},{"taxonomy":"post_tag","embeddable":true,"href":"https:\/\/blogs.noticiasdenavarra.com\/lacurvadelsigloXXI\/wp-json\/wp\/v2\/tags?post=4819"}],"curies":[{"name":"wp","href":"https:\/\/api.w.org\/{rel}","templated":true}]}}