{"id":4759,"date":"2020-10-06T12:16:37","date_gmt":"2020-10-06T12:16:37","guid":{"rendered":"https:\/\/blogs.noticiasdenavarra.com\/lacurvadelsigloXXI\/?p=4759"},"modified":"2020-10-06T12:16:37","modified_gmt":"2020-10-06T12:16:37","slug":"la-gente-de-villava-y-su-templanza","status":"publish","type":"post","link":"https:\/\/blogs.noticiasdenavarra.com\/lacurvadelsigloXXI\/2020\/10\/06\/la-gente-de-villava-y-su-templanza\/","title":{"rendered":"LA GENTE DE VILLAVA Y SU TEMPLANZA"},"content":{"rendered":"\n<figure class=\"wp-block-image size-large is-resized\"><img loading=\"lazy\" decoding=\"async\" src=\"https:\/\/blogs.noticiasdenavarra.com\/lacurvadelsigloXXI\/files\/2020\/10\/Unknown.jpeg\" alt=\"\" class=\"wp-image-4760\" width=\"286\" height=\"286\" srcset=\"https:\/\/blogs.noticiasdenavarra.com\/lacurvadelsigloXXI\/files\/2020\/10\/Unknown.jpeg 225w, https:\/\/blogs.noticiasdenavarra.com\/lacurvadelsigloXXI\/files\/2020\/10\/Unknown-150x150.jpeg 150w\" sizes=\"auto, (max-width: 286px) 100vw, 286px\" \/><\/figure>\n\n\n\n<p>El director <br> de <em>Datalab Research<\/em><br> siente todo el rato que lo \u00fanico <br> que ha hecho en su vida es ser guapo.<\/p>\n\n\n\n<p>Hace un par de a\u00f1os, en medio <br>\nde una carrera de burros<br>\nse tir\u00f3 un pedo<br>\ny grit\u00f3:<\/p>\n\n\n\n<p>\u00a1Hacer yogures con leche fresca es Navarrear!<\/p>\n\n\n\n<p>Y ten\u00eda raz\u00f3n.<br>\nNadie le llevaba la contraria.<br>\nPero es que era un poco obsesivo\u2026<\/p>\n\n\n\n<p>No como la gente de Villava.<br>\nAy\u2026 La gente de Villava<br>\ny su templanza\u2026<\/p>\n","protected":false},"excerpt":{"rendered":"<p>El director de Datalab Research siente todo el rato que lo \u00fanico que ha hecho en su vida es ser guapo. Hace un par de a\u00f1os, en medio de una carrera de burros se tir\u00f3 un pedo y grit\u00f3: \u00a1Hacer yogures con leche fresca es Navarrear! Y ten\u00eda raz\u00f3n. Nadie le llevaba la contraria. Pero &hellip; <a href=\"https:\/\/blogs.noticiasdenavarra.com\/lacurvadelsigloXXI\/2020\/10\/06\/la-gente-de-villava-y-su-templanza\/\" class=\"more-link\">Sigue leyendo <span class=\"screen-reader-text\">LA GENTE DE VILLAVA Y SU TEMPLANZA<\/span><\/a><\/p>\n","protected":false},"author":89,"featured_media":0,"comment_status":"open","ping_status":"open","sticky":false,"template":"","format":"standard","meta":{"footnotes":""},"categories":[4],"tags":[],"class_list":["post-4759","post","type-post","status-publish","format-standard","hentry","category-sin-categoria"],"_links":{"self":[{"href":"https:\/\/blogs.noticiasdenavarra.com\/lacurvadelsigloXXI\/wp-json\/wp\/v2\/posts\/4759","targetHints":{"allow":["GET"]}}],"collection":[{"href":"https:\/\/blogs.noticiasdenavarra.com\/lacurvadelsigloXXI\/wp-json\/wp\/v2\/posts"}],"about":[{"href":"https:\/\/blogs.noticiasdenavarra.com\/lacurvadelsigloXXI\/wp-json\/wp\/v2\/types\/post"}],"author":[{"embeddable":true,"href":"https:\/\/blogs.noticiasdenavarra.com\/lacurvadelsigloXXI\/wp-json\/wp\/v2\/users\/89"}],"replies":[{"embeddable":true,"href":"https:\/\/blogs.noticiasdenavarra.com\/lacurvadelsigloXXI\/wp-json\/wp\/v2\/comments?post=4759"}],"version-history":[{"count":1,"href":"https:\/\/blogs.noticiasdenavarra.com\/lacurvadelsigloXXI\/wp-json\/wp\/v2\/posts\/4759\/revisions"}],"predecessor-version":[{"id":4761,"href":"https:\/\/blogs.noticiasdenavarra.com\/lacurvadelsigloXXI\/wp-json\/wp\/v2\/posts\/4759\/revisions\/4761"}],"wp:attachment":[{"href":"https:\/\/blogs.noticiasdenavarra.com\/lacurvadelsigloXXI\/wp-json\/wp\/v2\/media?parent=4759"}],"wp:term":[{"taxonomy":"category","embeddable":true,"href":"https:\/\/blogs.noticiasdenavarra.com\/lacurvadelsigloXXI\/wp-json\/wp\/v2\/categories?post=4759"},{"taxonomy":"post_tag","embeddable":true,"href":"https:\/\/blogs.noticiasdenavarra.com\/lacurvadelsigloXXI\/wp-json\/wp\/v2\/tags?post=4759"}],"curies":[{"name":"wp","href":"https:\/\/api.w.org\/{rel}","templated":true}]}}