{"id":2884,"date":"2019-02-21T11:32:08","date_gmt":"2019-02-21T11:32:08","guid":{"rendered":"https:\/\/blogs.noticiasdenavarra.com\/lacurvadelsigloXXI\/?p=2884"},"modified":"2019-02-22T12:38:37","modified_gmt":"2019-02-22T12:38:37","slug":"racano-intolerable-con-cara-de-repollo","status":"publish","type":"post","link":"https:\/\/blogs.noticiasdenavarra.com\/lacurvadelsigloXXI\/2019\/02\/21\/racano-intolerable-con-cara-de-repollo\/","title":{"rendered":"R\u00c1CANO INTOLERABLE CON CARA DE REPOLLO"},"content":{"rendered":"<p>La fundaci\u00f3n BBVA<br \/>\ny una peque\u00f1a colonia belga del Congo <span class=\"text_exposed_show\"><br \/>\ndesean con la fuerza de un mill\u00f3n de mejillones <\/span><\/p>\n<div class=\"text_exposed_show\">\n<p>que cumplas todos tus sue\u00f1os.<\/p>\n<p>Y para eso me han contratado, para que viajes en globo,<br \/>\npara que cumplas ese sue\u00f1o de comprarte un<br \/>\nt\u00e1per sin tapa, r\u00e1cano intolerable con<br \/>\ncara de repollo, para eso me<\/p>\n<p>han contratado.<\/p>\n<p>Luego ya veremos qu\u00e9 m\u00e1s<br \/>\npodemos hacer<\/p>\n<p>contigo.<\/p>\n<\/div>\n","protected":false},"excerpt":{"rendered":"<p>La fundaci\u00f3n BBVA y una peque\u00f1a colonia belga del Congo desean con la fuerza de un mill\u00f3n de mejillones que cumplas todos tus sue\u00f1os. Y para eso me han contratado, para que viajes en globo, para que cumplas ese sue\u00f1o de comprarte un t\u00e1per sin tapa, r\u00e1cano intolerable con cara de repollo, para eso me &hellip; <a href=\"https:\/\/blogs.noticiasdenavarra.com\/lacurvadelsigloXXI\/2019\/02\/21\/racano-intolerable-con-cara-de-repollo\/\" class=\"more-link\">Sigue leyendo <span class=\"screen-reader-text\">R\u00c1CANO INTOLERABLE CON CARA DE REPOLLO<\/span><\/a><\/p>\n","protected":false},"author":89,"featured_media":0,"comment_status":"open","ping_status":"open","sticky":false,"template":"","format":"standard","meta":{"footnotes":""},"categories":[4],"tags":[],"class_list":["post-2884","post","type-post","status-publish","format-standard","hentry","category-sin-categoria"],"_links":{"self":[{"href":"https:\/\/blogs.noticiasdenavarra.com\/lacurvadelsigloXXI\/wp-json\/wp\/v2\/posts\/2884","targetHints":{"allow":["GET"]}}],"collection":[{"href":"https:\/\/blogs.noticiasdenavarra.com\/lacurvadelsigloXXI\/wp-json\/wp\/v2\/posts"}],"about":[{"href":"https:\/\/blogs.noticiasdenavarra.com\/lacurvadelsigloXXI\/wp-json\/wp\/v2\/types\/post"}],"author":[{"embeddable":true,"href":"https:\/\/blogs.noticiasdenavarra.com\/lacurvadelsigloXXI\/wp-json\/wp\/v2\/users\/89"}],"replies":[{"embeddable":true,"href":"https:\/\/blogs.noticiasdenavarra.com\/lacurvadelsigloXXI\/wp-json\/wp\/v2\/comments?post=2884"}],"version-history":[{"count":3,"href":"https:\/\/blogs.noticiasdenavarra.com\/lacurvadelsigloXXI\/wp-json\/wp\/v2\/posts\/2884\/revisions"}],"predecessor-version":[{"id":2887,"href":"https:\/\/blogs.noticiasdenavarra.com\/lacurvadelsigloXXI\/wp-json\/wp\/v2\/posts\/2884\/revisions\/2887"}],"wp:attachment":[{"href":"https:\/\/blogs.noticiasdenavarra.com\/lacurvadelsigloXXI\/wp-json\/wp\/v2\/media?parent=2884"}],"wp:term":[{"taxonomy":"category","embeddable":true,"href":"https:\/\/blogs.noticiasdenavarra.com\/lacurvadelsigloXXI\/wp-json\/wp\/v2\/categories?post=2884"},{"taxonomy":"post_tag","embeddable":true,"href":"https:\/\/blogs.noticiasdenavarra.com\/lacurvadelsigloXXI\/wp-json\/wp\/v2\/tags?post=2884"}],"curies":[{"name":"wp","href":"https:\/\/api.w.org\/{rel}","templated":true}]}}