{"id":2260,"date":"2018-05-26T09:13:27","date_gmt":"2018-05-26T09:13:27","guid":{"rendered":"https:\/\/blogs.noticiasdenavarra.com\/lacurvadelsigloXXI\/?p=2260"},"modified":"2018-05-26T09:13:27","modified_gmt":"2018-05-26T09:13:27","slug":"el-insecto-en-la-ventana-no-lo-aplasto","status":"publish","type":"post","link":"https:\/\/blogs.noticiasdenavarra.com\/lacurvadelsigloXXI\/2018\/05\/26\/el-insecto-en-la-ventana-no-lo-aplasto\/","title":{"rendered":"EL INSECTO EN LA VENTANA NO LO APLASTO"},"content":{"rendered":"<p>Yo pienso desde mi casa:<\/p>\n<p>No me gustar\u00eda toparme con una merluza,<br \/>\nson muy grandes y tienen los dientes<\/p>\n<p>muy afilados.<\/p>\n<p>T\u00fa piensas desde tu trabajo<br \/>\n(sentada en una caja de cart\u00f3n y medio dormida):<\/p>\n<p>Este coraz\u00f3n es muy cursi, parece un culo<br \/>\ncomo casi todos los<\/p>\n<p>corazones.<\/p>\n<p>Y los truenos los escuchamos casi a la vez,<br \/>\ny el insecto en la ventana<\/p>\n<p>no lo aplasto.<\/p>\n","protected":false},"excerpt":{"rendered":"<p>Yo pienso desde mi casa: No me gustar\u00eda toparme con una merluza, son muy grandes y tienen los dientes muy afilados. T\u00fa piensas desde tu trabajo (sentada en una caja de cart\u00f3n y medio dormida): Este coraz\u00f3n es muy cursi, parece un culo como casi todos los corazones. Y los truenos los escuchamos casi a &hellip; <a href=\"https:\/\/blogs.noticiasdenavarra.com\/lacurvadelsigloXXI\/2018\/05\/26\/el-insecto-en-la-ventana-no-lo-aplasto\/\" class=\"more-link\">Sigue leyendo <span class=\"screen-reader-text\">EL INSECTO EN LA VENTANA NO LO APLASTO<\/span><\/a><\/p>\n","protected":false},"author":89,"featured_media":0,"comment_status":"open","ping_status":"open","sticky":false,"template":"","format":"standard","meta":{"footnotes":""},"categories":[4],"tags":[],"class_list":["post-2260","post","type-post","status-publish","format-standard","hentry","category-sin-categoria"],"_links":{"self":[{"href":"https:\/\/blogs.noticiasdenavarra.com\/lacurvadelsigloXXI\/wp-json\/wp\/v2\/posts\/2260","targetHints":{"allow":["GET"]}}],"collection":[{"href":"https:\/\/blogs.noticiasdenavarra.com\/lacurvadelsigloXXI\/wp-json\/wp\/v2\/posts"}],"about":[{"href":"https:\/\/blogs.noticiasdenavarra.com\/lacurvadelsigloXXI\/wp-json\/wp\/v2\/types\/post"}],"author":[{"embeddable":true,"href":"https:\/\/blogs.noticiasdenavarra.com\/lacurvadelsigloXXI\/wp-json\/wp\/v2\/users\/89"}],"replies":[{"embeddable":true,"href":"https:\/\/blogs.noticiasdenavarra.com\/lacurvadelsigloXXI\/wp-json\/wp\/v2\/comments?post=2260"}],"version-history":[{"count":1,"href":"https:\/\/blogs.noticiasdenavarra.com\/lacurvadelsigloXXI\/wp-json\/wp\/v2\/posts\/2260\/revisions"}],"predecessor-version":[{"id":2261,"href":"https:\/\/blogs.noticiasdenavarra.com\/lacurvadelsigloXXI\/wp-json\/wp\/v2\/posts\/2260\/revisions\/2261"}],"wp:attachment":[{"href":"https:\/\/blogs.noticiasdenavarra.com\/lacurvadelsigloXXI\/wp-json\/wp\/v2\/media?parent=2260"}],"wp:term":[{"taxonomy":"category","embeddable":true,"href":"https:\/\/blogs.noticiasdenavarra.com\/lacurvadelsigloXXI\/wp-json\/wp\/v2\/categories?post=2260"},{"taxonomy":"post_tag","embeddable":true,"href":"https:\/\/blogs.noticiasdenavarra.com\/lacurvadelsigloXXI\/wp-json\/wp\/v2\/tags?post=2260"}],"curies":[{"name":"wp","href":"https:\/\/api.w.org\/{rel}","templated":true}]}}