{"id":1691,"date":"2018-01-17T15:08:53","date_gmt":"2018-01-17T15:08:53","guid":{"rendered":"http:\/\/blogs.noticiasdenavarra.com\/lacurvadelsigloXXI\/?p=1691"},"modified":"2018-01-17T16:39:51","modified_gmt":"2018-01-17T16:39:51","slug":"un-nino-precioso","status":"publish","type":"post","link":"https:\/\/blogs.noticiasdenavarra.com\/lacurvadelsigloXXI\/2018\/01\/17\/un-nino-precioso\/","title":{"rendered":"UN NI\u00d1O PRECIOSO"},"content":{"rendered":"<div class=\"\">\n<div class=\"_1mf _1mj\"><span>Era un ni\u00f1o p\u00e1lido<\/span><\/div>\n<\/div>\n<div class=\"\">\n<div class=\"_1mf _1mj\"><span>Era un ni\u00f1o <\/span><\/div>\n<\/div>\n<div class=\"\">\n<div class=\"_1mf _1mj\"><span>\u00a0<\/span><\/div>\n<\/div>\n<div class=\"\">\n<div class=\"_1mf _1mj\"><span>Precioso<\/span><\/div>\n<\/div>\n<div class=\"\">\n<div class=\"_1mf _1mj\"><span>\u00a0<\/span><\/div>\n<\/div>\n<div class=\"\">\n<div class=\"_1mf _1mj\"><span>Me sangraban las pesta\u00f1as <\/span><\/div>\n<\/div>\n<div class=\"\">\n<div class=\"_1mf _1mj\"><span>Me sangraban <\/span><\/div>\n<\/div>\n<div class=\"\">\n<div class=\"_1mf _1mj\"><span>\u00a0<\/span><\/div>\n<\/div>\n<div class=\"\">\n<div class=\"_1mf _1mj\"><span>Los ojos<\/span><\/div>\n<\/div>\n<div class=\"\">\n<div class=\"_1mf _1mj\"><span>\u00a0<\/span><\/div>\n<\/div>\n<div class=\"\">\n<div class=\"_1mf _1mj\"><span>Se congel\u00f3 en mi bautismo<\/span><\/div>\n<\/div>\n<div class=\"\">\n<div class=\"_1mf _1mj\"><span>El agua bendita ungida<\/span><\/div>\n<\/div>\n<div class=\"\">\n<div class=\"_1mf _1mj\"><span>Por el cura en<\/span><\/div>\n<\/div>\n<div class=\"\">\n<div class=\"_1mf _1mj\"><span>\u00a0<\/span><\/div>\n<\/div>\n<div class=\"\">\n<div class=\"_1mf _1mj\"><span>Mi frente<\/span><\/div>\n<\/div>\n<div class=\"\">\n<div class=\"_1mf _1mj\"><span>\u00a0<\/span><\/div>\n<\/div>\n<div class=\"\">\n<div class=\"_1mf _1mj\"><span>Y me hice un hombre<\/span><\/div>\n<\/div>\n<div class=\"\">\n<div class=\"_1mf _1mj\"><span>Despu\u00e9s de <\/span><\/div>\n<\/div>\n<div class=\"\">\n<div class=\"_1mf _1mj\"><span>Muerto<\/span><\/div>\n<\/div>\n<div class=\"\">\n<div class=\"_1mf _1mj\"><span>\u00a0<\/span><\/div>\n<\/div>\n<div class=\"\">\n<div class=\"_1mf _1mj\"><span>\u2026<\/span><\/div>\n<\/div>\n","protected":false},"excerpt":{"rendered":"<p>Era un ni\u00f1o p\u00e1lido Era un ni\u00f1o \u00a0 Precioso \u00a0 Me sangraban las pesta\u00f1as Me sangraban \u00a0 Los ojos \u00a0 Se congel\u00f3 en mi bautismo El agua bendita ungida Por el cura en \u00a0 Mi frente \u00a0 Y me hice un hombre Despu\u00e9s de Muerto \u00a0 \u2026<\/p>\n","protected":false},"author":89,"featured_media":0,"comment_status":"open","ping_status":"open","sticky":false,"template":"","format":"standard","meta":{"footnotes":""},"categories":[4],"tags":[],"class_list":["post-1691","post","type-post","status-publish","format-standard","hentry","category-sin-categoria"],"_links":{"self":[{"href":"https:\/\/blogs.noticiasdenavarra.com\/lacurvadelsigloXXI\/wp-json\/wp\/v2\/posts\/1691","targetHints":{"allow":["GET"]}}],"collection":[{"href":"https:\/\/blogs.noticiasdenavarra.com\/lacurvadelsigloXXI\/wp-json\/wp\/v2\/posts"}],"about":[{"href":"https:\/\/blogs.noticiasdenavarra.com\/lacurvadelsigloXXI\/wp-json\/wp\/v2\/types\/post"}],"author":[{"embeddable":true,"href":"https:\/\/blogs.noticiasdenavarra.com\/lacurvadelsigloXXI\/wp-json\/wp\/v2\/users\/89"}],"replies":[{"embeddable":true,"href":"https:\/\/blogs.noticiasdenavarra.com\/lacurvadelsigloXXI\/wp-json\/wp\/v2\/comments?post=1691"}],"version-history":[{"count":3,"href":"https:\/\/blogs.noticiasdenavarra.com\/lacurvadelsigloXXI\/wp-json\/wp\/v2\/posts\/1691\/revisions"}],"predecessor-version":[{"id":1694,"href":"https:\/\/blogs.noticiasdenavarra.com\/lacurvadelsigloXXI\/wp-json\/wp\/v2\/posts\/1691\/revisions\/1694"}],"wp:attachment":[{"href":"https:\/\/blogs.noticiasdenavarra.com\/lacurvadelsigloXXI\/wp-json\/wp\/v2\/media?parent=1691"}],"wp:term":[{"taxonomy":"category","embeddable":true,"href":"https:\/\/blogs.noticiasdenavarra.com\/lacurvadelsigloXXI\/wp-json\/wp\/v2\/categories?post=1691"},{"taxonomy":"post_tag","embeddable":true,"href":"https:\/\/blogs.noticiasdenavarra.com\/lacurvadelsigloXXI\/wp-json\/wp\/v2\/tags?post=1691"}],"curies":[{"name":"wp","href":"https:\/\/api.w.org\/{rel}","templated":true}]}}