{"id":568,"date":"2016-06-24T11:50:18","date_gmt":"2016-06-24T10:50:18","guid":{"rendered":"http:\/\/blogs.noticiasdenavarra.com\/estonoesunblog\/?p=568"},"modified":"2016-06-24T12:02:12","modified_gmt":"2016-06-24T11:02:12","slug":"el-muro-de-la-desmemoria-b-a016","status":"publish","type":"post","link":"https:\/\/blogs.noticiasdenavarra.com\/estonoesunblog\/2016\/06\/24\/el-muro-de-la-desmemoria-b-a016\/","title":{"rendered":"EL MURO DE LA DESMEMORIA. B.A\/016"},"content":{"rendered":"<p>&nbsp;<\/p>\n<p>La octava edici\u00f3n del Barrio de los artistas de Pamplona ha tenido este a\u00f1o un car\u00e1cter especial. Por primera vez, y esperemos que no sea la \u00faltima, la actividad art\u00edstica del festival se ha desplazado a la periferia dejando de lado el tur\u00edstico casco viejo para ocupar el barrio de la Milagrosa.<\/p>\n<p>La Milagrosa es un peque\u00f1o barrio al sur de la ciudad que a\u00fan no ha ca\u00eddo en manos del hipsterismo desaforado y en el que conviven distintas culturas que a nuestros ojos pueden resultar similares pero que esconden diferencias a veces irreconciliables. Por todo ello, fue muy bonito ver c\u00f3mo las calles se llenaban de folcklores varios en forma de conciertos, bailes y exposiciones, al tiempo que los artistas de aqu\u00ed compart\u00edan sus trabajos, recuperando as\u00ed esa sensaci\u00f3n cada vez m\u00e1s dif\u00edcil de vivir en el mundo del arte: la certeza de que la comunicaci\u00f3n entre culturas distintas no puede sino sumar posibilidades de nuevas miradas.<\/p>\n<p>En este contexto tuve claro desde el principio que mi mirada no ser\u00eda de gesto amable porque no pod\u00eda perder la oportunidad de poner voz a un tema tan vivo como escondido en ciertos sectores de la sociedad: la violencia de g\u00e9nero. Los festivales de arte se hacen para divertirse pero tambi\u00e9n para abrir di\u00e1logos.<\/p>\n<p><a href=\"http:\/\/blogs.noticiasdenavarra.com\/estonoesunblog\/files\/2016\/06\/unnamed.jpg\"><img loading=\"lazy\" decoding=\"async\" class=\"alignleft  wp-image-569\" src=\"http:\/\/blogs.noticiasdenavarra.com\/estonoesunblog\/files\/2016\/06\/unnamed-580x386.jpg\" alt=\"unnamed\" width=\"619\" height=\"412\" srcset=\"https:\/\/blogs.noticiasdenavarra.com\/estonoesunblog\/files\/2016\/06\/unnamed-580x386.jpg 580w, https:\/\/blogs.noticiasdenavarra.com\/estonoesunblog\/files\/2016\/06\/unnamed-940x626.jpg 940w, https:\/\/blogs.noticiasdenavarra.com\/estonoesunblog\/files\/2016\/06\/unnamed.jpg 1088w\" sizes=\"auto, (max-width: 619px) 100vw, 619px\" \/><\/a><\/p>\n<p><em>El muro de la desmemoria <\/em>representa una acci\u00f3n performativa contra el maltrato en la que reflexiono sobre la incapacidad de la sociedad actual para sentir como dolorosas verdades las historias que diariamente aparecen en la prensa. El hombre tiene una morbosa necesidad de recolectar todo lo que encuentra a su paso. Recolectamos afectos, envidias, y hasta recolectamos vidas. Lo malo de este prehist\u00f3rico ejercicio es que al recolectar la unidad se transforma en colectividad, y en ese momento la especificidad se hace n\u00famero, un n\u00famero que nos empuja hacia la desmemoria.<\/p>\n<p>Hace ya mucho tiempo que nos hemos acostumbrado a tratar la violencia de g\u00e9nero como un n\u00famero. En ocasiones los n\u00fameros aportan cierta identidad, como cuando hablamos de mujeres centroeuropeas asesinadas, de hombres maltratados, de menores de edad\u00a0violadas a manos de sus parejas, etc. Pero estos datos no aportan cercan\u00eda a la historia, y al final seguimos sintiendo que son s\u00f3lo n\u00fameros que construyen un muro de datos sin sentido.<\/p>\n<p>La performance ofrece al artista la posibilidad de activar en el p\u00fablico pensamientos diversos desde un escenario mucho menos direccionado que otros lenguajes art\u00edsticos. Por ello, accionar este a\u00f1o en una peque\u00f1a plaza de un barrio como la Milagrosa me ha ofrecido la posibilidad de hablar de un tema que me preocupa de manera constante y al que estamos peligrosamente empezando a acostumbrarnos. No podemos permit\u00edrnoslo. No debemos permit\u00edrnoslo.<\/p>\n<p>Hoy comparto con vosotros un peque\u00f1o pedacito de esa acci\u00f3n que ha sido registrada con una enorme sensibilidad por Mikel Tolosana y\u00a0en la\u00a0que he contado con la siempre\u00a0generosa ayuda de Ana Rosa S\u00e1nchez. No puedo tampoco dejar de agradecer la compa\u00f1\u00eda de todos los que os acerc\u00e1steis hasta esa placita de la Milagrosa para reflexionar conmigo. \u00a0Vamos a seguir reflexionando juntos porque el arte va m\u00e1s all\u00e1 de los grandes fastos de ferias, museo y galer\u00edas. El arte se construye desde todos, incluso desde los que no se consideran parte de \u00e9l.<\/p>\n<p><iframe loading=\"lazy\" title=\"Performance. Muro de la desmemoria. Aitziber Urtasun\" width=\"660\" height=\"371\" src=\"https:\/\/www.youtube.com\/embed\/P7FjwdnOUhw?feature=oembed\" frameborder=\"0\" allow=\"accelerometer; autoplay; clipboard-write; encrypted-media; gyroscope; picture-in-picture; web-share\" referrerpolicy=\"strict-origin-when-cross-origin\" allowfullscreen><\/iframe><\/p>\n<p><em><strong>*@aitziberurtasun<\/strong><\/em><\/p>\n","protected":false},"excerpt":{"rendered":"<p>&nbsp; La octava edici\u00f3n del Barrio de los artistas de Pamplona ha tenido este a\u00f1o un car\u00e1cter especial. Por primera vez, y esperemos que no sea la \u00faltima, la actividad art\u00edstica del festival se ha desplazado a la periferia dejando de lado el tur\u00edstico casco viejo para ocupar el barrio de la Milagrosa. La Milagrosa &hellip; <a href=\"https:\/\/blogs.noticiasdenavarra.com\/estonoesunblog\/2016\/06\/24\/el-muro-de-la-desmemoria-b-a016\/\" class=\"more-link\">Sigue leyendo <span class=\"screen-reader-text\">EL MURO DE LA DESMEMORIA. B.A\/016<\/span><\/a><\/p>\n","protected":false},"author":83,"featured_media":575,"comment_status":"open","ping_status":"open","sticky":false,"template":"","format":"standard","meta":{"footnotes":""},"categories":[4],"tags":[3520,3523,3547,3586],"class_list":["post-568","post","type-post","status-publish","format-standard","has-post-thumbnail","hentry","category-sin-categoria","tag-arte","tag-artecontemporaneo","tag-performance","tag-violencia-de-genero"],"_links":{"self":[{"href":"https:\/\/blogs.noticiasdenavarra.com\/estonoesunblog\/wp-json\/wp\/v2\/posts\/568","targetHints":{"allow":["GET"]}}],"collection":[{"href":"https:\/\/blogs.noticiasdenavarra.com\/estonoesunblog\/wp-json\/wp\/v2\/posts"}],"about":[{"href":"https:\/\/blogs.noticiasdenavarra.com\/estonoesunblog\/wp-json\/wp\/v2\/types\/post"}],"author":[{"embeddable":true,"href":"https:\/\/blogs.noticiasdenavarra.com\/estonoesunblog\/wp-json\/wp\/v2\/users\/83"}],"replies":[{"embeddable":true,"href":"https:\/\/blogs.noticiasdenavarra.com\/estonoesunblog\/wp-json\/wp\/v2\/comments?post=568"}],"version-history":[{"count":3,"href":"https:\/\/blogs.noticiasdenavarra.com\/estonoesunblog\/wp-json\/wp\/v2\/posts\/568\/revisions"}],"predecessor-version":[{"id":573,"href":"https:\/\/blogs.noticiasdenavarra.com\/estonoesunblog\/wp-json\/wp\/v2\/posts\/568\/revisions\/573"}],"wp:featuredmedia":[{"embeddable":true,"href":"https:\/\/blogs.noticiasdenavarra.com\/estonoesunblog\/wp-json\/wp\/v2\/media\/575"}],"wp:attachment":[{"href":"https:\/\/blogs.noticiasdenavarra.com\/estonoesunblog\/wp-json\/wp\/v2\/media?parent=568"}],"wp:term":[{"taxonomy":"category","embeddable":true,"href":"https:\/\/blogs.noticiasdenavarra.com\/estonoesunblog\/wp-json\/wp\/v2\/categories?post=568"},{"taxonomy":"post_tag","embeddable":true,"href":"https:\/\/blogs.noticiasdenavarra.com\/estonoesunblog\/wp-json\/wp\/v2\/tags?post=568"}],"curies":[{"name":"wp","href":"https:\/\/api.w.org\/{rel}","templated":true}]}}