{"id":453,"date":"2015-11-06T12:45:08","date_gmt":"2015-11-06T11:45:08","guid":{"rendered":"http:\/\/blogs.noticiasdenavarra.com\/estonoesunblog\/?p=453"},"modified":"2015-11-11T12:36:33","modified_gmt":"2015-11-11T11:36:33","slug":"paseando-entre-esculturas","status":"publish","type":"post","link":"https:\/\/blogs.noticiasdenavarra.com\/estonoesunblog\/2015\/11\/06\/paseando-entre-esculturas\/","title":{"rendered":"PASEANDO ENTRE ESCULTURAS"},"content":{"rendered":"<p>&nbsp;<\/p>\n<figure id=\"attachment_459\" aria-describedby=\"caption-attachment-459\" style=\"width: 376px\" class=\"wp-caption alignleft\"><a href=\"http:\/\/blogs.noticiasdenavarra.com\/estonoesunblog\/files\/2015\/11\/IMG-20151105-WA0001.jpg\"><img loading=\"lazy\" decoding=\"async\" class=\" wp-image-459\" src=\"http:\/\/blogs.noticiasdenavarra.com\/estonoesunblog\/files\/2015\/11\/IMG-20151105-WA0001-580x435.jpg\" alt=\"Vista frontal del conjunto escult\u00f3rico de Henry Moore expuesto en el Paseo Sarasate de Pamplona.\" width=\"376\" height=\"282\" srcset=\"https:\/\/blogs.noticiasdenavarra.com\/estonoesunblog\/files\/2015\/11\/IMG-20151105-WA0001-580x435.jpg 580w, https:\/\/blogs.noticiasdenavarra.com\/estonoesunblog\/files\/2015\/11\/IMG-20151105-WA0001-940x705.jpg 940w, https:\/\/blogs.noticiasdenavarra.com\/estonoesunblog\/files\/2015\/11\/IMG-20151105-WA0001.jpg 1600w\" sizes=\"auto, (max-width: 376px) 100vw, 376px\" \/><\/a><figcaption id=\"caption-attachment-459\" class=\"wp-caption-text\">Vista frontal del conjunto escult\u00f3rico de Henry Moore expuesto en el Paseo Sarasate de Pamplona.<\/figcaption><\/figure>\n<p>El pasado 3 de noviembre La Obra Social La Caixa, en colaboraci\u00f3n con La Fundaci\u00f3n <a href=\"http:\/\/www.noticiasdenavarra.com\/2015\/09\/21\/ocio-y-cultura\/cultura\/las-esculturas-de-henry-moore-en-pamplona-desde-el-3-de-noviembre\">Henry Moore<\/a> (1898-1986), inauguraba dentro de su programa <em><a href=\"http:\/\/obrasocial.lacaixa.es\/ambitos\/exposicionesitinerantes\/exposicionesitinerantes_es.html\">Arte en la Calle<\/a><\/em> una muestra compuesta por siete magn\u00edficas esculturas \u00a0del artista ingl\u00e9s. El Paseo Sarasate, una de las principales arterias de la ciudad y lugar de paso hacia el casco hist\u00f3rico, se llenaba de arte. La capital navarra, como ya ocurrir\u00eda con otras ciudades como M\u00e1laga, Santander o Burgos, se hac\u00eda un poco m\u00e1s internacional. Los apoyos que la entidad bancaria ofrece al mundo del arte y de la educaci\u00f3n art\u00edstica desde hace ya muchos a\u00f1os son m\u00e1s que notables y permiten realizar proyectos con colectivos que de otra manera\u00a0 seguir\u00edan estando fuera del radio de acci\u00f3n de \u201clo art\u00edstico\u201d.<\/p>\n<p>Sin embargo, en este caso me surgen muchas dudas. Cuando en un mismo proyecto se entrelazan palabras como \u201carte\u201d, \u201csocial\u201d o \u201ccalle\u201d una tiene la impresi\u00f3n de que se va a encontrar con una actividad en la que lo art\u00edstico impulsara v\u00edas de reflexi\u00f3n y debate en torno a la ciudad como contenedor de vida. Un proyecto en el que los adormecidos viandantes despertaran por un momento ante la necesidad de observar algo que no solo es nuevo como objeto en su entorno urbano sino nuevo como experiencia en su mirada.<\/p>\n<p>La publicidad del programa en cuesti\u00f3n nos invita a ver un conjunto de monumentales esculturas en \u201cun maravilloso entorno alejado de museos y salas de exposiciones\u201d. Llamadme suspicaz pero en el reclamo da la sensaci\u00f3n de que ir a un museo a ver arte es poco menos que un castigo divino. Estos d\u00edas he observado a la gente al salir de casa por la ma\u00f1ana, al correr por la tarde, e incluso ya bien ca\u00edda la noche para ver si la experiencia es verdaderamente \u201creligiosa\u201d. La sorpresa, que no voy a negaros no ha sido grande, es que la mayor\u00eda no miraba las piezas, tan solo las tocaba. Supongo que una parte del \u00e9xito de estas propuestas radica justamente en eso: en hacer todo lo que no se puede hacer en un museo.<\/p>\n<figure id=\"attachment_457\" aria-describedby=\"caption-attachment-457\" style=\"width: 379px\" class=\"wp-caption alignleft\"><a href=\"http:\/\/blogs.noticiasdenavarra.com\/estonoesunblog\/files\/2015\/11\/IMG-20151103-WA0001.jpg\"><img loading=\"lazy\" decoding=\"async\" class=\" wp-image-457\" src=\"http:\/\/blogs.noticiasdenavarra.com\/estonoesunblog\/files\/2015\/11\/IMG-20151103-WA0001-580x435.jpg\" alt=\"Henry Moore en Pamplona.\" width=\"379\" height=\"284\" srcset=\"https:\/\/blogs.noticiasdenavarra.com\/estonoesunblog\/files\/2015\/11\/IMG-20151103-WA0001-580x435.jpg 580w, https:\/\/blogs.noticiasdenavarra.com\/estonoesunblog\/files\/2015\/11\/IMG-20151103-WA0001-940x705.jpg 940w, https:\/\/blogs.noticiasdenavarra.com\/estonoesunblog\/files\/2015\/11\/IMG-20151103-WA0001.jpg 1600w\" sizes=\"auto, (max-width: 379px) 100vw, 379px\" \/><\/a><figcaption id=\"caption-attachment-457\" class=\"wp-caption-text\">Vista de las piezas de Henry Moore en Pamplona.<\/figcaption><\/figure>\n<p>Algunos visitantes dejaban la mano pegada a la obra por unos segundos como si alguna energ\u00eda divina venida de la mism\u00edsima Inglaterra fuese a transmitirse a sus entra\u00f1as a trav\u00e9s de los poros de la piel. Otros las golpeaban fuertemente con los nudillos y asent\u00edan categ\u00f3ricos: \u201cChapa. Esto es chapa\u201d. Evidentemente no pod\u00eda faltar el grupo adicto al <em>selfie<\/em> que se fotografiaba con ellas acompa\u00f1ado de la familia ante la evidencia de que no se sabe por qu\u00e9 pero esto debe ser importante y yo no puedo dejar de inmortalizarlo con mi m\u00f3vil. Y es justo decir que alg\u00fan valiente tambi\u00e9n se paraba a leer las cartelas informativas de las piezas, que entiendo no acabar\u00e1n nunca de compensar su inquietud cultural ya que la informaci\u00f3n es m\u00e1s bien escasa. Es importante recordar que los paneles informativos disponen de c\u00f3digos QR desde donde descargarse audiogu\u00edas con algo m\u00e1s de informaci\u00f3n.<\/p>\n<p>Las dudas sobre la efectividad de este tipo de proyectos aumentan en mi cabeza cuando la conclusi\u00f3n de la mayor\u00eda se resume en: \u201cBueno, son bonitas\u201d. Los pelos como escarpias se me ponen cuando una vuelve a encontrar al p\u00fablico ante la ya tan manida frase de \u201cSi es bello el arte se explica s\u00f3lo\u201d.\u00a0 La belleza es un concepto tan relativo como complejo y no niego que puede ser un escenario de an\u00e1lisis importante en una obra de arte, pero si nuestra relaci\u00f3n con una pieza se limita a la est\u00e9tica de la belleza no estaremos hablando de arte social ni estaremos estableciendo nexos de uni\u00f3n entre la ciudad y el habitante. En definitiva, no estaremos activando el entorno urbano desde el arte, tan s\u00f3lo lo estaremos ocupando.<\/p>\n<figure id=\"attachment_454\" aria-describedby=\"caption-attachment-454\" style=\"width: 220px\" class=\"wp-caption alignleft\"><a href=\"http:\/\/blogs.noticiasdenavarra.com\/estonoesunblog\/files\/2015\/11\/AIZKORBE.jpg\"><img loading=\"lazy\" decoding=\"async\" class=\"size-full wp-image-454\" src=\"http:\/\/blogs.noticiasdenavarra.com\/estonoesunblog\/files\/2015\/11\/AIZKORBE.jpg\" alt=\"Faustino Aizkorbe. Esfera partida, 1997.\" width=\"220\" height=\"252\" \/><\/a><figcaption id=\"caption-attachment-454\" class=\"wp-caption-text\">Faustino Aizkorbe. Esfera partida, 1997.<\/figcaption><\/figure>\n<p>A principios de los a\u00f1os cincuenta el arquitecto suizo-franc\u00e9s Le Corbusier afirmaba que era posible proyectar \u201cun solo edificio para todos los pa\u00edses y climas\u201d. Esta afirmaci\u00f3n, dif\u00edcil de sostener desde el mundo de la arquitectura, parece haberse hecho eco entre las muestras expositivas y es este un punto en el que de nuevo me surgen dudas. Cada ciudad tiene un desarrollo urban\u00edstico, una arquitectura y una utilizaci\u00f3n de espacios que pueden tener mucho en com\u00fan con otras ciudades pero que poseen\u00a0a\u00a0la vez\u00a0su propia personalidad marcada por el clima y la cultura de cada zona.<\/p>\n<figure id=\"attachment_456\" aria-describedby=\"caption-attachment-456\" style=\"width: 253px\" class=\"wp-caption alignleft\"><a href=\"http:\/\/blogs.noticiasdenavarra.com\/estonoesunblog\/files\/2015\/11\/ANDA.jpg\"><img loading=\"lazy\" decoding=\"async\" class=\" wp-image-456\" src=\"http:\/\/blogs.noticiasdenavarra.com\/estonoesunblog\/files\/2015\/11\/ANDA.jpg\" alt=\"Jos\u00e9 Ram\u00f3n Anda. Argi, izpia eta oreka. Un punto de luz en equilibrio, 2003. \" width=\"253\" height=\"380\" \/><\/a><figcaption id=\"caption-attachment-456\" class=\"wp-caption-text\">Jos\u00e9 Ram\u00f3n Anda. Argi, izpia eta oreka. Un punto de luz en equilibrio, 2003.<\/figcaption><\/figure>\n<p>A esto hay que a\u00f1adir el hecho de que todas las ciudades poseen un patrimonio de escultura p\u00fablica que nos habla de su historia y de la relaci\u00f3n de esta con el arte. Por todo ello, exponer una serie de esculturas en un entorno urbano no deber\u00eda consistir s\u00f3lo en buscar el lugar m\u00e1s bello de la ciudad sino en estudiar previamente el patrimonio de la misma para generar di\u00e1logos entre distintas obras ayudando al viandante a valorar y comprender mejor lo que su ciudad posee.<\/p>\n<p>Un ejemplo claro de la reflexi\u00f3n que ahora comparto con vosotros es el hecho de que Pamplona es la ciudad con m\u00e1s obra monumental de Jorge Oteiza (1908-2003). La ciudad posee seis esculturas del artista vasco (casi el mismo n\u00famero de piezas presentes en la susodicha exposici\u00f3n) que no s\u00f3lo comparte con el brit\u00e1nico una misma generaci\u00f3n sino que en varias ocasiones admiti\u00f3 la gran influencia de Moore en sus primeros trabajos. En la obra de Oteiza hay di\u00e1logos con el espacio, el vac\u00edo y la luz, pero tambi\u00e9n hay narraciones que hablan de la vida y la muerte, del desasosiego de la inmigraci\u00f3n, de la amistad o de la maternidad. Temas todos ellos que tambi\u00e9n encontramos en las entra\u00f1as de Moore, hombre pasional y apasionado, y que\u00a0 estoy segura de que hubiese estado encantado de enlazar sus miradas con el vasco. Al artista oriotarra acompa\u00f1an en la ciudad grandes escultres de la talla de Vicente Larrea, Jos\u00e9 Ram\u00f3n Anda, Nestor Basterretxea o Jes\u00fas Eslava, entre otros.<\/p>\n<div id='gallery-1' class='gallery galleryid-453 gallery-columns-2 gallery-size-medium'><figure class='gallery-item'>\n\t\t\t<div class='gallery-icon landscape'>\n\t\t\t\t<a href='https:\/\/blogs.noticiasdenavarra.com\/estonoesunblog\/2015\/11\/06\/paseando-entre-esculturas\/ketari-20100612101216\/'><img loading=\"lazy\" decoding=\"async\" width=\"580\" height=\"435\" src=\"https:\/\/blogs.noticiasdenavarra.com\/estonoesunblog\/files\/2015\/11\/ketari-20100612101216-580x435.jpg\" class=\"attachment-medium size-medium\" alt=\"\" aria-describedby=\"gallery-1-461\" srcset=\"https:\/\/blogs.noticiasdenavarra.com\/estonoesunblog\/files\/2015\/11\/ketari-20100612101216-580x435.jpg 580w, https:\/\/blogs.noticiasdenavarra.com\/estonoesunblog\/files\/2015\/11\/ketari-20100612101216.jpg 640w\" sizes=\"auto, (max-width: 580px) 100vw, 580px\" \/><\/a>\n\t\t\t<\/div>\n\t\t\t\t<figcaption class='wp-caption-text gallery-caption' id='gallery-1-461'>\n\t\t\t\tJorge Oteiza. Unidad, Triple y Liviana, 1950.\n\t\t\t\t<\/figcaption><\/figure><figure class='gallery-item'>\n\t\t\t<div class='gallery-icon landscape'>\n\t\t\t\t<a href='https:\/\/blogs.noticiasdenavarra.com\/estonoesunblog\/2015\/11\/06\/paseando-entre-esculturas\/img-20151104-wa0000\/'><img loading=\"lazy\" decoding=\"async\" width=\"580\" height=\"435\" src=\"https:\/\/blogs.noticiasdenavarra.com\/estonoesunblog\/files\/2015\/11\/IMG-20151104-WA0000-580x435.jpg\" class=\"attachment-medium size-medium\" alt=\"\" aria-describedby=\"gallery-1-458\" srcset=\"https:\/\/blogs.noticiasdenavarra.com\/estonoesunblog\/files\/2015\/11\/IMG-20151104-WA0000-580x435.jpg 580w, https:\/\/blogs.noticiasdenavarra.com\/estonoesunblog\/files\/2015\/11\/IMG-20151104-WA0000-940x705.jpg 940w, https:\/\/blogs.noticiasdenavarra.com\/estonoesunblog\/files\/2015\/11\/IMG-20151104-WA0000.jpg 1600w\" sizes=\"auto, (max-width: 580px) 100vw, 580px\" \/><\/a>\n\t\t\t<\/div>\n\t\t\t\t<figcaption class='wp-caption-text gallery-caption' id='gallery-1-458'>\n\t\t\t\tHenry Moore. Gran figura de pie: filo de cuchillo, 1976.\n\t\t\t\t<\/figcaption><\/figure>\n\t\t<\/div>\n\n<p>El arquitecto navarro S\u00e1enz de O\u00edza, amigo tambi\u00e9n de Oteiza preguntaba: \u201c\u00bfLos edificios son para estar o son para recorrer?\u201d. Si los esfuerzos econ\u00f3micos y personales, tanto de entidades privadas como p\u00fablicas, ante una exposici\u00f3n de este tipo se limitan a colocar las esculturas en un hermoso espacio ajenas estas al resto del arte que habita la ciudad podremos afirmar que las esculturas est\u00e1n pero no son. Podremos \u201cestar\u201d con ellas pero nunca \u201crecorrerlas\u201d. Si queremos que el arte expuesto en la calle suponga una experiencia distinta a la de esos museos en los que las obras \u201cdescansan\u201d ajenas a la vida como si de un mausoleo se tratase (imagino que a este tipo de museos se refiere la frase utilizada por la entidad para invitar a ver la muestra) debemos esforzaros para que\u00a0estas convivan con la ciudad y lo que ella posee. No se trata de pasear entre esculturas sino de pasear con ellas sintiendo que no son objetos de reclamo ante un escaparate sino pedacitos de sensaciones y sentimientos que hacen de nuestras propias sensaciones y sentimientos algo especial.<\/p>\n<p>Es de justicia recordar que el Ayuntamiento de Pamplona ha organizado 13 visitas guiadas para acercar la obra de Henry Moore al p\u00fablico no especializado. Puede ser un buen momento para reflexionar entre todos sobre estos temas. Nos\u00a0ayudar\u00e1\u00a0ante tan\u00a0firme objetivo la fant\u00e1stica <a href=\"http:\/\/esculturas.pamplona.es\/verpagina.asp?idpag=2&amp;idioma=1\">Gu\u00eda de Escultura Urbana en Pamplona<\/a>\u00a0que edit\u00f3 el ayuntamiento de la ciudad en 2010.<\/p>\n<p><em><strong>*@aitziberurtasun<\/strong><\/em><\/p>\n","protected":false},"excerpt":{"rendered":"<p>&nbsp; El pasado 3 de noviembre La Obra Social La Caixa, en colaboraci\u00f3n con La Fundaci\u00f3n Henry Moore (1898-1986), inauguraba dentro de su programa Arte en la Calle una muestra compuesta por siete magn\u00edficas esculturas \u00a0del artista ingl\u00e9s. El Paseo Sarasate, una de las principales arterias de la ciudad y lugar de paso hacia el &hellip; <a href=\"https:\/\/blogs.noticiasdenavarra.com\/estonoesunblog\/2015\/11\/06\/paseando-entre-esculturas\/\" class=\"more-link\">Sigue leyendo <span class=\"screen-reader-text\">PASEANDO ENTRE ESCULTURAS<\/span><\/a><\/p>\n","protected":false},"author":83,"featured_media":0,"comment_status":"open","ping_status":"open","sticky":false,"template":"","format":"standard","meta":{"footnotes":""},"categories":[4],"tags":[3520,3523,3571,3573,1491,1490,3525],"class_list":["post-453","post","type-post","status-publish","format-standard","hentry","category-sin-categoria","tag-arte","tag-artecontemporaneo","tag-escultura","tag-henry-moore","tag-iruna","tag-pamplona","tag-sociedad"],"_links":{"self":[{"href":"https:\/\/blogs.noticiasdenavarra.com\/estonoesunblog\/wp-json\/wp\/v2\/posts\/453","targetHints":{"allow":["GET"]}}],"collection":[{"href":"https:\/\/blogs.noticiasdenavarra.com\/estonoesunblog\/wp-json\/wp\/v2\/posts"}],"about":[{"href":"https:\/\/blogs.noticiasdenavarra.com\/estonoesunblog\/wp-json\/wp\/v2\/types\/post"}],"author":[{"embeddable":true,"href":"https:\/\/blogs.noticiasdenavarra.com\/estonoesunblog\/wp-json\/wp\/v2\/users\/83"}],"replies":[{"embeddable":true,"href":"https:\/\/blogs.noticiasdenavarra.com\/estonoesunblog\/wp-json\/wp\/v2\/comments?post=453"}],"version-history":[{"count":7,"href":"https:\/\/blogs.noticiasdenavarra.com\/estonoesunblog\/wp-json\/wp\/v2\/posts\/453\/revisions"}],"predecessor-version":[{"id":468,"href":"https:\/\/blogs.noticiasdenavarra.com\/estonoesunblog\/wp-json\/wp\/v2\/posts\/453\/revisions\/468"}],"wp:attachment":[{"href":"https:\/\/blogs.noticiasdenavarra.com\/estonoesunblog\/wp-json\/wp\/v2\/media?parent=453"}],"wp:term":[{"taxonomy":"category","embeddable":true,"href":"https:\/\/blogs.noticiasdenavarra.com\/estonoesunblog\/wp-json\/wp\/v2\/categories?post=453"},{"taxonomy":"post_tag","embeddable":true,"href":"https:\/\/blogs.noticiasdenavarra.com\/estonoesunblog\/wp-json\/wp\/v2\/tags?post=453"}],"curies":[{"name":"wp","href":"https:\/\/api.w.org\/{rel}","templated":true}]}}