{"id":438,"date":"2015-10-16T14:10:39","date_gmt":"2015-10-16T13:10:39","guid":{"rendered":"http:\/\/blogs.noticiasdenavarra.com\/estonoesunblog\/?p=438"},"modified":"2015-10-16T18:39:29","modified_gmt":"2015-10-16T17:39:29","slug":"la-experimentacion-como-busqueda-de-preguntas","status":"publish","type":"post","link":"https:\/\/blogs.noticiasdenavarra.com\/estonoesunblog\/2015\/10\/16\/la-experimentacion-como-busqueda-de-preguntas\/","title":{"rendered":"LA EXPERIMENTACI\u00d3N COMO BUSQUEDA DE PREGUNTAS"},"content":{"rendered":"<p><strong>\u201cPor cada cient\u00edfico y artista que surge, hay una centena de expertos y funcionarios tratando de asesinarle\u201d.<\/strong><\/p>\n<p><strong>Jos\u00e9 Antonio Sistiaga<\/strong><\/p>\n<figure id=\"attachment_444\" aria-describedby=\"caption-attachment-444\" style=\"width: 244px\" class=\"wp-caption alignleft\"><a href=\"http:\/\/blogs.noticiasdenavarra.com\/estonoesunblog\/files\/2015\/10\/prueba-813x1024.jpg\"><img loading=\"lazy\" decoding=\"async\" class=\" wp-image-444\" src=\"http:\/\/blogs.noticiasdenavarra.com\/estonoesunblog\/files\/2015\/10\/prueba-813x1024-580x731.jpg\" alt=\"Celuloide pintado a mano por Jos\u00e9 Antonio Sistiaga.\" width=\"244\" height=\"307\" srcset=\"https:\/\/blogs.noticiasdenavarra.com\/estonoesunblog\/files\/2015\/10\/prueba-813x1024-580x731.jpg 580w, https:\/\/blogs.noticiasdenavarra.com\/estonoesunblog\/files\/2015\/10\/prueba-813x1024.jpg 813w\" sizes=\"auto, (max-width: 244px) 100vw, 244px\" \/><\/a><figcaption id=\"caption-attachment-444\" class=\"wp-caption-text\">Celuloide pintado a mano por Jos\u00e9 Antonio Sistiaga.<\/figcaption><\/figure>\n<p>Innovaci\u00f3n, creatividad y experimentaci\u00f3n son t\u00e9rminos que est\u00e1n en boca de todos los que de una manera directa o indirecta nos dedicamos al mundo del arte. Sin embargo, hay una diferencia entre algunos de ellos y es que no todo el mundo es capaz de innovar o crear pero todos y cada uno de nosotros tenemos la capacidad de experimentar.<\/p>\n<p>Joseph Beuys afirmaba con rotundidad que &lt;&lt;El hombre est\u00e1 solo realmente vivo cuando se da cuenta de que es un ser creativo y art\u00edstico. Exijo una implicaci\u00f3n del arte en todos los reinos de la vida. De momento el arte es ense\u00f1ado como un campo especial que demanda la creaci\u00f3n de documentos en forma de obras de arte. Por eso, yo abogo por una implicaci\u00f3n est\u00e9tica de la ciencia, la econom\u00eda, la pol\u00edtica, la religi\u00f3n, de toda esfera de la actividad humana. Incluso la acci\u00f3n de pelar una patata puede ser una obra de arte si es un acto consciente. &gt;&gt; Las palabras del artista alem\u00e1n esconden una realidad de la que no conseguimos escapar: seguimos pensando que la creatividad est\u00e1 hecha para aquel que quiere o necesita producir arte, y que s\u00f3lo que el que quiere o necesita producir arte tiene que experimentar.<\/p>\n<p>Experimentar, en este mundo de oficinas, grandes almacenes, modas dictadas a golpe de suplemento semanal y vacaciones de playa y chiringuito significa ni m\u00e1s ni menos que ser raro. La m\u00fasica experimental solo les gusta a los raros. Son los raros los que ven cine experimental. Y coronan la cumbre de \u201clos raros\u201d aquellos que leen poes\u00eda experimental. \u00bfEs eso cierto? Evidentemente no, porque si as\u00ed lo fuese el concepto de experimentaci\u00f3n ser\u00eda demasiado f\u00e1cil de acotar. M\u00e1s all\u00e1 de los gustos culturales que cada uno pueda tener, la experimentaci\u00f3n no define \u00a0la acci\u00f3n de situarse en la periferia ejerciendo de personaje extra\u00f1o\u00a0 sino que representa el escenario desde el que buscar y generar nuevas preguntas. Y solo el que (se) pregunta consigue mantenerse vivo. Preguntar y cuestionar, tanto a los dem\u00e1s como a uno mismo, es un gesto de valent\u00eda e inteligencia que nos permite eliminar la apat\u00eda de nuestras vidas. No se puede crecer sin preguntar. No se puede avanzar sin preguntarse.<\/p>\n<figure id=\"attachment_439\" aria-describedby=\"caption-attachment-439\" style=\"width: 352px\" class=\"wp-caption alignleft\"><a href=\"http:\/\/blogs.noticiasdenavarra.com\/estonoesunblog\/files\/2015\/10\/IMG_0263.jpg\"><img loading=\"lazy\" decoding=\"async\" class=\" wp-image-439\" src=\"http:\/\/blogs.noticiasdenavarra.com\/estonoesunblog\/files\/2015\/10\/IMG_0263-580x435.jpg\" alt=\"Performance El espacio del arte.\" width=\"352\" height=\"264\" srcset=\"https:\/\/blogs.noticiasdenavarra.com\/estonoesunblog\/files\/2015\/10\/IMG_0263-580x435.jpg 580w, https:\/\/blogs.noticiasdenavarra.com\/estonoesunblog\/files\/2015\/10\/IMG_0263-940x705.jpg 940w\" sizes=\"auto, (max-width: 352px) 100vw, 352px\" \/><\/a><figcaption id=\"caption-attachment-439\" class=\"wp-caption-text\">Performance El espacio del arte.<\/figcaption><\/figure>\n<p>La pasada semana, con objeto de reflexionar sobre este complejo tema, organic\u00e9 un curso en el Museo Oteiza al que di por t\u00edtulo \u201cLa experimentaci\u00f3n como herramienta pedag\u00f3gica\u201d. El escenario no pod\u00eda ser mejor ya que en un mismo espacio se encuentran expuestos en estos momentos dos de los mejores ejemplos de experimentaci\u00f3n art\u00edstica en el arte contempor\u00e1neo. Por un lado, Jorge Oteiza desde la colecci\u00f3n permanente del museo, y por otro, Jos\u00e9 Antonio Sistiaga como parte de la actual exposici\u00f3n temporal del mismo. El primero, como bien sab\u00e9is, hizo de su trabajo una b\u00fasqueda permanente no s\u00f3lo desde la construcci\u00f3n de ese universo interminable de formas llamado <em>Laboratorio Experimental<\/em> sino tambi\u00e9n desde la valent\u00eda de acercarse a lenguajes tan diversos como la arquitectura, la poes\u00eda o el cine. El segundo, representa uno de los m\u00e1s interesantes exponentes del cine experimental gracias a sus pel\u00edculas pintadas que comienza a realizar en los a\u00f1os 60 y que le llevan a producir piezas de una apabullante belleza.<\/p>\n<figure id=\"attachment_440\" aria-describedby=\"caption-attachment-440\" style=\"width: 400px\" class=\"wp-caption alignleft\"><a href=\"http:\/\/blogs.noticiasdenavarra.com\/estonoesunblog\/files\/2015\/10\/18164.jpg\"><img loading=\"lazy\" decoding=\"async\" class=\"size-full wp-image-440\" src=\"http:\/\/blogs.noticiasdenavarra.com\/estonoesunblog\/files\/2015\/10\/18164.jpg\" alt=\"Laboratorio experiemental de Jorge Oteiza. Instalaci\u00f3n en casa del artista, mediados de los ochenta.\" width=\"400\" height=\"118\" \/><\/a><figcaption id=\"caption-attachment-440\" class=\"wp-caption-text\">Laboratorio experiemental de Jorge Oteiza. Instalaci\u00f3n en casa del artista, mediados de los ochenta.<\/figcaption><\/figure>\n<p>En ambos casos, encontramos tambi\u00e9n un notable inter\u00e9s por el campo de la educaci\u00f3n est\u00e9tica que llevar\u00e1 a los dos artistas a realizar distintos proyectos dentro de la pedagog\u00eda de expresi\u00f3n libre basada en metodolog\u00edas abiertas tanto en t\u00e9cnicas como en lenguajes. Esta libertad es la que se toma como punto de partida para activar distintos ejercicios a lo largo de los tres d\u00edas de curso uniendo experiencias de gente muy diversa: maestros, profesores de Educaci\u00f3n Primaria, Secundaria o Universitaria, profesores de idiomas, educadores de museos, arquitectos, artistas o, incluso, arteterapeutas.<\/p>\n<div id='gallery-1' class='gallery galleryid-438 gallery-columns-2 gallery-size-medium'><figure class='gallery-item'>\n\t\t\t<div class='gallery-icon landscape'>\n\t\t\t\t<a href='https:\/\/blogs.noticiasdenavarra.com\/estonoesunblog\/img-0341\/'><img loading=\"lazy\" decoding=\"async\" width=\"580\" height=\"435\" src=\"https:\/\/blogs.noticiasdenavarra.com\/estonoesunblog\/files\/2015\/10\/IMG_0341-580x435.jpg\" class=\"attachment-medium size-medium\" alt=\"\" aria-describedby=\"gallery-1-401\" srcset=\"https:\/\/blogs.noticiasdenavarra.com\/estonoesunblog\/files\/2015\/10\/IMG_0341-580x435.jpg 580w, https:\/\/blogs.noticiasdenavarra.com\/estonoesunblog\/files\/2015\/10\/IMG_0341-940x705.jpg 940w\" sizes=\"auto, (max-width: 580px) 100vw, 580px\" \/><\/a>\n\t\t\t<\/div>\n\t\t\t\t<figcaption class='wp-caption-text gallery-caption' id='gallery-1-401'>\n\t\t\t\tLa pintura gestual desde el agua.\n\t\t\t\t<\/figcaption><\/figure><figure class='gallery-item'>\n\t\t\t<div class='gallery-icon landscape'>\n\t\t\t\t<a href='https:\/\/blogs.noticiasdenavarra.com\/estonoesunblog\/img-0335\/'><img loading=\"lazy\" decoding=\"async\" width=\"580\" height=\"435\" src=\"https:\/\/blogs.noticiasdenavarra.com\/estonoesunblog\/files\/2015\/10\/IMG_0335-580x435.jpg\" class=\"attachment-medium size-medium\" alt=\"\" srcset=\"https:\/\/blogs.noticiasdenavarra.com\/estonoesunblog\/files\/2015\/10\/IMG_0335-580x435.jpg 580w, https:\/\/blogs.noticiasdenavarra.com\/estonoesunblog\/files\/2015\/10\/IMG_0335-940x705.jpg 940w\" sizes=\"auto, (max-width: 580px) 100vw, 580px\" \/><\/a>\n\t\t\t<\/div><\/figure>\n\t\t<\/div>\n\n<p>El fil\u00f3sofo Henry Lef\u00e9bvre dec\u00eda: \u201cSi unimos la acci\u00f3n a la reflexi\u00f3n, sin que ninguna de ellas preceda a la otra, todos nuestros actos ser\u00e1n actos de creaci\u00f3n\u201d. Podemos pensar que la creatividad surge de una acci\u00f3n experimental espont\u00e1nea nunca de un ejercicio intelectual o meditado. Esto es tan cierto como falso ya que si bien es verdad que la experimentaci\u00f3n requiere de cierto escenario de espontaneidad, sorpresa e incluso torpeza, no lo es menos el hecho de que lo experimental tambi\u00e9n puede entrenarse. Desarrollar una actitud creativa abierta supone todo un largo camino de ensayos que nos llevar\u00e1 a errar y a acertar por partes iguales. Lo intentaremos y acertaremos. Lo intentaremos y nos equivocaremos. Y as\u00ed una y otra vez hasta darnos cuenta de que experimentar puede ser para nosotros una herramienta tan natural como hablar, leer o correr.<\/p>\n<figure id=\"attachment_413\" aria-describedby=\"caption-attachment-413\" style=\"width: 281px\" class=\"wp-caption alignleft\"><a href=\"http:\/\/blogs.noticiasdenavarra.com\/estonoesunblog\/files\/2015\/10\/IMG_0251.jpg\"><img loading=\"lazy\" decoding=\"async\" class=\" wp-image-413\" src=\"http:\/\/blogs.noticiasdenavarra.com\/estonoesunblog\/files\/2015\/10\/IMG_0251-580x435.jpg\" alt=\"Acci\u00f3n experimental de reestructuraci\u00f3n de c\u00f3digos de lectura.\" width=\"281\" height=\"211\" srcset=\"https:\/\/blogs.noticiasdenavarra.com\/estonoesunblog\/files\/2015\/10\/IMG_0251-580x435.jpg 580w, https:\/\/blogs.noticiasdenavarra.com\/estonoesunblog\/files\/2015\/10\/IMG_0251-940x705.jpg 940w\" sizes=\"auto, (max-width: 281px) 100vw, 281px\" \/><\/a><figcaption id=\"caption-attachment-413\" class=\"wp-caption-text\">Acci\u00f3n experimental de reestructuraci\u00f3n de c\u00f3digos de lectura.<\/figcaption><\/figure>\n<p>Uno de los elementos m\u00e1s importantes de lo experiencial es el escenario donde se desarrolla la acci\u00f3n. Experimentar\u00a0 supone romper normas no como signo de anarqu\u00eda sino como forma de buscar nuevos caminos para vivir en\/desde nuestro entorno vital. La norma b\u00e1sica de un museo suele ser siempre esa m\u00e1xima de ver sin tocar, observar sin hablar, y mirar desde lo mental nunca desde lo corporal. El grupo fue invitado a romper esas reglas realizando distintos ejercicios como recorrer descalzos las salas de exposici\u00f3n, observar las piezas con los ojos semitapados o analizar las obras con las manos atadas. Acciones sencillas que demostraron que hemos perdido la capacidad de leer desde lo corporal centr\u00e1ndonos en vivir el arte solo desde lo que \u201csiente\u201d nuestra cabeza.<\/p>\n<figure id=\"attachment_409\" aria-describedby=\"caption-attachment-409\" style=\"width: 292px\" class=\"wp-caption alignleft\"><a href=\"http:\/\/blogs.noticiasdenavarra.com\/estonoesunblog\/files\/2015\/10\/IMG_0415.jpg\"><img loading=\"lazy\" decoding=\"async\" class=\" wp-image-409\" src=\"http:\/\/blogs.noticiasdenavarra.com\/estonoesunblog\/files\/2015\/10\/IMG_0415-580x435.jpg\" alt=\"Acci\u00f3n sonora.\" width=\"292\" height=\"219\" srcset=\"https:\/\/blogs.noticiasdenavarra.com\/estonoesunblog\/files\/2015\/10\/IMG_0415-580x435.jpg 580w, https:\/\/blogs.noticiasdenavarra.com\/estonoesunblog\/files\/2015\/10\/IMG_0415-940x705.jpg 940w\" sizes=\"auto, (max-width: 292px) 100vw, 292px\" \/><\/a><figcaption id=\"caption-attachment-409\" class=\"wp-caption-text\">Acci\u00f3n sonora.<\/figcaption><\/figure>\n<p>El sonido es otro de los elementos de conflicto en un museo y en muchas ocasiones las salas se convierten en un concierto improvisado en el que el auxiliar de seguridad se pasa el d\u00eda chistando en una dura batalla para conseguir bajar el volumen del visitante. Nos cuesta estar en silencio y como consecuencia nos cuesta valorarlo. Una de las acciones m\u00e1s hermosas que realizamos consisti\u00f3 en transmitirnos al o\u00eddo un poema de Oteiza a trav\u00e9s de tubos de cart\u00f3n de diferentes tama\u00f1os. La forma en que cada uno modulaba su voz al acercarse al otro, el timbre de esa misma voz, la sonoridad y el ritmo nos ayudaron a observar el espacio desde otra intensidad llegando a sentir c\u00f3mo nuestra mirada tambi\u00e9n pod\u00eda ver las obras desde el o\u00eddo y no solo desde la vista. Una vez finalizado el ejercicio volvimos al silencio inicial y nos dimos cuenta, como bien dec\u00eda Cage, que el silencio no existe, ni siquiera en un museo.<\/p>\n<figure id=\"attachment_407\" aria-describedby=\"caption-attachment-407\" style=\"width: 331px\" class=\"wp-caption alignleft\"><a href=\"http:\/\/blogs.noticiasdenavarra.com\/estonoesunblog\/files\/2015\/10\/IMG_0402.jpg\"><img loading=\"lazy\" decoding=\"async\" class=\" wp-image-407\" src=\"http:\/\/blogs.noticiasdenavarra.com\/estonoesunblog\/files\/2015\/10\/IMG_0402-580x435.jpg\" alt=\"Acci\u00f3n sonora.\" width=\"331\" height=\"248\" srcset=\"https:\/\/blogs.noticiasdenavarra.com\/estonoesunblog\/files\/2015\/10\/IMG_0402-580x435.jpg 580w, https:\/\/blogs.noticiasdenavarra.com\/estonoesunblog\/files\/2015\/10\/IMG_0402-940x705.jpg 940w\" sizes=\"auto, (max-width: 331px) 100vw, 331px\" \/><\/a><figcaption id=\"caption-attachment-407\" class=\"wp-caption-text\">Acci\u00f3n sonora.<\/figcaption><\/figure>\n<p>&nbsp;<\/p>\n<p>&nbsp;<\/p>\n<p>&nbsp;<\/p>\n<p>&nbsp;<\/p>\n<p>&nbsp;<\/p>\n<p>&nbsp;<\/p>\n<p>En cualquier museo, y no digamos ya en un museo de escultura, la necesidad de tocar puede llegar a ser angustiosa. Podemos pensar que esa necesidad es puramente f\u00edsica pero existe en el fondo una triste obsesi\u00f3n por tocar el original ya que eso parece dar m\u00e1s valor a nuestra escapada cultural. Contaba a los asistentes c\u00f3mo un profesor de la Facultad de Historia del Arte nos hizo a lo largo del curso realizar diversos ejercicios de dibujo con l\u00e1piz, cera o pastel tan solo para sentir la materia, de la que luego tendr\u00edamos que escribir, en nuestras propias manos. Muchos se quejaban argumentando que no se hab\u00edan matriculado en Bellas Artes y que no ten\u00edan por qu\u00e9 saber dibujar. A lo que el profesor con infinita paciencia respond\u00eda: \u201cS\u00f3lo si aprend\u00e9is a sentir ser\u00e9is capaces de escribir\u201d.<\/p>\n<figure id=\"attachment_399\" aria-describedby=\"caption-attachment-399\" style=\"width: 393px\" class=\"wp-caption alignleft\"><a href=\"http:\/\/blogs.noticiasdenavarra.com\/estonoesunblog\/files\/2015\/10\/IMG_0299.jpg\"><img loading=\"lazy\" decoding=\"async\" class=\" wp-image-399\" src=\"http:\/\/blogs.noticiasdenavarra.com\/estonoesunblog\/files\/2015\/10\/IMG_0299-580x435.jpg\" alt=\"Acci\u00f3n t\u00e1ctil.\" width=\"393\" height=\"295\" srcset=\"https:\/\/blogs.noticiasdenavarra.com\/estonoesunblog\/files\/2015\/10\/IMG_0299-580x435.jpg 580w, https:\/\/blogs.noticiasdenavarra.com\/estonoesunblog\/files\/2015\/10\/IMG_0299-940x705.jpg 940w\" sizes=\"auto, (max-width: 393px) 100vw, 393px\" \/><\/a><figcaption id=\"caption-attachment-399\" class=\"wp-caption-text\">Acci\u00f3n t\u00e1ctil.<\/figcaption><\/figure>\n<p>En este sentido analizamos la importancia de buscar otros caminos de acercamiento a la obra que a menudo quedan bloqueados por la normativa y excesivo celo de los museos a conservar su patrimonio. Es cierto que en la mayor\u00eda de los casos no podemos ni podremos tocar las piezas pero acariciar algunos de los materiales con los que est\u00e1n hechas, romperlos, o incluso sentirlos en distintas partes de nuestro cuerpo pueden sin duda ampliar nuestra mirada.<\/p>\n<figure id=\"attachment_406\" aria-describedby=\"caption-attachment-406\" style=\"width: 200px\" class=\"wp-caption alignleft\"><a href=\"http:\/\/blogs.noticiasdenavarra.com\/estonoesunblog\/files\/2015\/10\/IMG_0368.jpg\"><img loading=\"lazy\" decoding=\"async\" class=\" wp-image-406\" src=\"http:\/\/blogs.noticiasdenavarra.com\/estonoesunblog\/files\/2015\/10\/IMG_0368-580x435.jpg\" alt=\"Acci\u00f3n cuerpo-materia.\" width=\"200\" height=\"150\" srcset=\"https:\/\/blogs.noticiasdenavarra.com\/estonoesunblog\/files\/2015\/10\/IMG_0368-580x435.jpg 580w, https:\/\/blogs.noticiasdenavarra.com\/estonoesunblog\/files\/2015\/10\/IMG_0368-940x705.jpg 940w\" sizes=\"auto, (max-width: 200px) 100vw, 200px\" \/><\/a><figcaption id=\"caption-attachment-406\" class=\"wp-caption-text\">Acci\u00f3n cuerpo-materia.<\/figcaption><\/figure>\n<p>Uno de los ejercicios clave del curso, dentro de esa b\u00fasqueda de cercan\u00eda hac\u00eda el material expuesto, fue la acci\u00f3n realizada con tizas (objeto ya m\u00edtico en la producci\u00f3n escult\u00f3rica de Oteiza) y martillos. El grupo rodeaba una mesa sobre la que se hab\u00edan colocado dos parejas de martillos de distinto peso. La norma era directa y sencilla: \u201ctienes que romper la tiza de un solo golpe\u201d. Ante una misma demanda y un escueto escenario de acci\u00f3n los resultados fueron multiplic\u00e1ndose de una manera sorprendente. Algunos ni siquiera utilizaron el martillo, algo que parec\u00eda evidente en un principio. La pregunta nos hac\u00eda recordar que esta puede ir acompa\u00f1ada de interminables respuestas, pero que esas respuestas no son mas que nuevas preguntas.<\/p>\n<div id='gallery-2' class='gallery galleryid-438 gallery-columns-3 gallery-size-thumbnail'><figure class='gallery-item'>\n\t\t\t<div class='gallery-icon landscape'>\n\t\t\t\t<a href='https:\/\/blogs.noticiasdenavarra.com\/estonoesunblog\/img-0362\/'><img loading=\"lazy\" decoding=\"async\" width=\"150\" height=\"150\" src=\"https:\/\/blogs.noticiasdenavarra.com\/estonoesunblog\/files\/2015\/10\/IMG_0362-150x150.jpg\" class=\"attachment-thumbnail size-thumbnail\" alt=\"\" \/><\/a>\n\t\t\t<\/div><\/figure><figure class='gallery-item'>\n\t\t\t<div class='gallery-icon landscape'>\n\t\t\t\t<a href='https:\/\/blogs.noticiasdenavarra.com\/estonoesunblog\/img-0371\/'><img loading=\"lazy\" decoding=\"async\" width=\"150\" height=\"150\" src=\"https:\/\/blogs.noticiasdenavarra.com\/estonoesunblog\/files\/2015\/10\/IMG_0371-150x150.jpg\" class=\"attachment-thumbnail size-thumbnail\" alt=\"\" \/><\/a>\n\t\t\t<\/div><\/figure><figure class='gallery-item'>\n\t\t\t<div class='gallery-icon landscape'>\n\t\t\t\t<a href='https:\/\/blogs.noticiasdenavarra.com\/estonoesunblog\/img-0366\/'><img loading=\"lazy\" decoding=\"async\" width=\"150\" height=\"150\" src=\"https:\/\/blogs.noticiasdenavarra.com\/estonoesunblog\/files\/2015\/10\/IMG_0366-150x150.jpg\" class=\"attachment-thumbnail size-thumbnail\" alt=\"\" \/><\/a>\n\t\t\t<\/div><\/figure><figure class='gallery-item'>\n\t\t\t<div class='gallery-icon landscape'>\n\t\t\t\t<a href='https:\/\/blogs.noticiasdenavarra.com\/estonoesunblog\/img-0357\/'><img loading=\"lazy\" decoding=\"async\" width=\"150\" height=\"150\" src=\"https:\/\/blogs.noticiasdenavarra.com\/estonoesunblog\/files\/2015\/10\/IMG_0357-150x150.jpg\" class=\"attachment-thumbnail size-thumbnail\" alt=\"\" \/><\/a>\n\t\t\t<\/div><\/figure><figure class='gallery-item'>\n\t\t\t<div class='gallery-icon landscape'>\n\t\t\t\t<a href='https:\/\/blogs.noticiasdenavarra.com\/estonoesunblog\/img-0354\/'><img loading=\"lazy\" decoding=\"async\" width=\"150\" height=\"150\" src=\"https:\/\/blogs.noticiasdenavarra.com\/estonoesunblog\/files\/2015\/10\/IMG_0354-150x150.jpg\" class=\"attachment-thumbnail size-thumbnail\" alt=\"\" \/><\/a>\n\t\t\t<\/div><\/figure><figure class='gallery-item'>\n\t\t\t<div class='gallery-icon landscape'>\n\t\t\t\t<a href='https:\/\/blogs.noticiasdenavarra.com\/estonoesunblog\/img-0353\/'><img loading=\"lazy\" decoding=\"async\" width=\"150\" height=\"150\" src=\"https:\/\/blogs.noticiasdenavarra.com\/estonoesunblog\/files\/2015\/10\/IMG_0353-150x150.jpg\" class=\"attachment-thumbnail size-thumbnail\" alt=\"\" \/><\/a>\n\t\t\t<\/div><\/figure>\n\t\t<\/div>\n\n<p>El \u00faltimo d\u00eda, tras pasar por otros muchos ejercicios de car\u00e1cter abierto como pintar con agua, describir piezas sin poder verlas o transformar la arquitectura del museo en un poema colectivo, decid\u00ed que era importante que cada participante hiciese de ese museo su museo. Es decir, que con independencia de la instituci\u00f3n y de mi propia persona que como representante de la misma en el curso siempre queda delimitada, se posicionase frente al arte all\u00ed expuesto. Para ello, en una acci\u00f3n r\u00e1pida de poco m\u00e1s de diez minutos, les ped\u00ed que realizasen un <em>selfie<\/em> en el que no se distinguiesen sus rostros. Los resultados fueron tan variados como sorprendentes y certificaron el hecho de que solo cuando hemos vivido un lugar desde experiencias diversas y enriquecedoras somos capaces de activar nuestra imaginaci\u00f3n y nuestra creatividad. Las palabras de Lef\u00e9bvre adquir\u00edan as\u00ed un rotundo sentido ya que la acci\u00f3n (fotografiarse en el museo) unida a la reflexi\u00f3n ( varios d\u00edas hablando y trabajando sobre una misma obra), sin que una precediese a la otra, desvelaron una gran capacidad de creatividad en cada componente del grupo.<\/p>\n<div id='gallery-3' class='gallery galleryid-438 gallery-columns-5 gallery-size-thumbnail'><figure class='gallery-item'>\n\t\t\t<div class='gallery-icon portrait'>\n\t\t\t\t<a href='https:\/\/blogs.noticiasdenavarra.com\/estonoesunblog\/img-20151011-wa0012\/'><img loading=\"lazy\" decoding=\"async\" width=\"150\" height=\"150\" src=\"https:\/\/blogs.noticiasdenavarra.com\/estonoesunblog\/files\/2015\/10\/IMG-20151011-WA0012-150x150.jpg\" class=\"attachment-thumbnail size-thumbnail\" alt=\"\" \/><\/a>\n\t\t\t<\/div><\/figure><figure class='gallery-item'>\n\t\t\t<div class='gallery-icon landscape'>\n\t\t\t\t<a href='https:\/\/blogs.noticiasdenavarra.com\/estonoesunblog\/img-20151011-wa0011\/'><img loading=\"lazy\" decoding=\"async\" width=\"150\" height=\"150\" src=\"https:\/\/blogs.noticiasdenavarra.com\/estonoesunblog\/files\/2015\/10\/IMG-20151011-WA0011-150x150.jpg\" class=\"attachment-thumbnail size-thumbnail\" alt=\"\" \/><\/a>\n\t\t\t<\/div><\/figure><figure class='gallery-item'>\n\t\t\t<div class='gallery-icon landscape'>\n\t\t\t\t<a href='https:\/\/blogs.noticiasdenavarra.com\/estonoesunblog\/img-20151011-wa0010\/'><img loading=\"lazy\" decoding=\"async\" width=\"150\" height=\"150\" src=\"https:\/\/blogs.noticiasdenavarra.com\/estonoesunblog\/files\/2015\/10\/IMG-20151011-WA0010-150x150.jpg\" class=\"attachment-thumbnail size-thumbnail\" alt=\"\" \/><\/a>\n\t\t\t<\/div><\/figure><figure class='gallery-item'>\n\t\t\t<div class='gallery-icon portrait'>\n\t\t\t\t<a href='https:\/\/blogs.noticiasdenavarra.com\/estonoesunblog\/img-20151011-wa0009\/'><img loading=\"lazy\" decoding=\"async\" width=\"150\" height=\"150\" src=\"https:\/\/blogs.noticiasdenavarra.com\/estonoesunblog\/files\/2015\/10\/IMG-20151011-WA0009-150x150.jpg\" class=\"attachment-thumbnail size-thumbnail\" alt=\"\" \/><\/a>\n\t\t\t<\/div><\/figure><figure class='gallery-item'>\n\t\t\t<div class='gallery-icon landscape'>\n\t\t\t\t<a href='https:\/\/blogs.noticiasdenavarra.com\/estonoesunblog\/img-20151011-wa0007\/'><img loading=\"lazy\" decoding=\"async\" width=\"150\" height=\"150\" src=\"https:\/\/blogs.noticiasdenavarra.com\/estonoesunblog\/files\/2015\/10\/IMG-20151011-WA0007-150x150.jpg\" class=\"attachment-thumbnail size-thumbnail\" alt=\"\" \/><\/a>\n\t\t\t<\/div><\/figure><figure class='gallery-item'>\n\t\t\t<div class='gallery-icon portrait'>\n\t\t\t\t<a href='https:\/\/blogs.noticiasdenavarra.com\/estonoesunblog\/img-20151011-wa0006\/'><img loading=\"lazy\" decoding=\"async\" width=\"150\" height=\"150\" src=\"https:\/\/blogs.noticiasdenavarra.com\/estonoesunblog\/files\/2015\/10\/IMG-20151011-WA0006-150x150.jpg\" class=\"attachment-thumbnail size-thumbnail\" alt=\"\" \/><\/a>\n\t\t\t<\/div><\/figure><figure class='gallery-item'>\n\t\t\t<div class='gallery-icon portrait'>\n\t\t\t\t<a href='https:\/\/blogs.noticiasdenavarra.com\/estonoesunblog\/img-20151011-wa0005\/'><img loading=\"lazy\" decoding=\"async\" width=\"150\" height=\"150\" src=\"https:\/\/blogs.noticiasdenavarra.com\/estonoesunblog\/files\/2015\/10\/IMG-20151011-WA0005-150x150.jpg\" class=\"attachment-thumbnail size-thumbnail\" alt=\"\" \/><\/a>\n\t\t\t<\/div><\/figure><figure class='gallery-item'>\n\t\t\t<div class='gallery-icon landscape'>\n\t\t\t\t<a href='https:\/\/blogs.noticiasdenavarra.com\/estonoesunblog\/img-20151011-wa0004-2\/'><img loading=\"lazy\" decoding=\"async\" width=\"150\" height=\"150\" src=\"https:\/\/blogs.noticiasdenavarra.com\/estonoesunblog\/files\/2015\/10\/IMG-20151011-WA00041-150x150.jpg\" class=\"attachment-thumbnail size-thumbnail\" alt=\"\" \/><\/a>\n\t\t\t<\/div><\/figure><figure class='gallery-item'>\n\t\t\t<div class='gallery-icon landscape'>\n\t\t\t\t<a href='https:\/\/blogs.noticiasdenavarra.com\/estonoesunblog\/img-20151011-wa0003\/'><img loading=\"lazy\" decoding=\"async\" width=\"150\" height=\"150\" src=\"https:\/\/blogs.noticiasdenavarra.com\/estonoesunblog\/files\/2015\/10\/IMG-20151011-WA0003-150x150.jpg\" class=\"attachment-thumbnail size-thumbnail\" alt=\"\" \/><\/a>\n\t\t\t<\/div><\/figure><figure class='gallery-item'>\n\t\t\t<div class='gallery-icon portrait'>\n\t\t\t\t<a href='https:\/\/blogs.noticiasdenavarra.com\/estonoesunblog\/img-20151011-wa0002-2\/'><img loading=\"lazy\" decoding=\"async\" width=\"150\" height=\"150\" src=\"https:\/\/blogs.noticiasdenavarra.com\/estonoesunblog\/files\/2015\/10\/IMG-20151011-WA00021-150x150.jpg\" class=\"attachment-thumbnail size-thumbnail\" alt=\"\" \/><\/a>\n\t\t\t<\/div><\/figure><figure class='gallery-item'>\n\t\t\t<div class='gallery-icon portrait'>\n\t\t\t\t<a href='https:\/\/blogs.noticiasdenavarra.com\/estonoesunblog\/img-20151011-wa0001-2\/'><img loading=\"lazy\" decoding=\"async\" width=\"150\" height=\"150\" src=\"https:\/\/blogs.noticiasdenavarra.com\/estonoesunblog\/files\/2015\/10\/IMG-20151011-WA00011-150x150.jpg\" class=\"attachment-thumbnail size-thumbnail\" alt=\"\" \/><\/a>\n\t\t\t<\/div><\/figure><figure class='gallery-item'>\n\t\t\t<div class='gallery-icon portrait'>\n\t\t\t\t<a href='https:\/\/blogs.noticiasdenavarra.com\/estonoesunblog\/img-20151011-wa0000-2\/'><img loading=\"lazy\" decoding=\"async\" width=\"150\" height=\"150\" src=\"https:\/\/blogs.noticiasdenavarra.com\/estonoesunblog\/files\/2015\/10\/IMG-20151011-WA00001-150x150.jpg\" class=\"attachment-thumbnail size-thumbnail\" alt=\"\" \/><\/a>\n\t\t\t<\/div><\/figure><figure class='gallery-item'>\n\t\t\t<div class='gallery-icon landscape'>\n\t\t\t\t<a href='https:\/\/blogs.noticiasdenavarra.com\/estonoesunblog\/cam001531-2\/'><img loading=\"lazy\" decoding=\"async\" width=\"150\" height=\"150\" src=\"https:\/\/blogs.noticiasdenavarra.com\/estonoesunblog\/files\/2015\/10\/CAM0015311-150x150.jpg\" class=\"attachment-thumbnail size-thumbnail\" alt=\"\" \/><\/a>\n\t\t\t<\/div><\/figure><figure class='gallery-item'>\n\t\t\t<div class='gallery-icon landscape'>\n\t\t\t\t<a href='https:\/\/blogs.noticiasdenavarra.com\/estonoesunblog\/20151011-110124-2\/'><img loading=\"lazy\" decoding=\"async\" width=\"150\" height=\"150\" src=\"https:\/\/blogs.noticiasdenavarra.com\/estonoesunblog\/files\/2015\/10\/20151011_1101241-150x150.jpg\" class=\"attachment-thumbnail size-thumbnail\" alt=\"\" \/><\/a>\n\t\t\t<\/div><\/figure><figure class='gallery-item'>\n\t\t\t<div class='gallery-icon landscape'>\n\t\t\t\t<a href='https:\/\/blogs.noticiasdenavarra.com\/estonoesunblog\/20151011-110120-2\/'><img loading=\"lazy\" decoding=\"async\" width=\"150\" height=\"150\" src=\"https:\/\/blogs.noticiasdenavarra.com\/estonoesunblog\/files\/2015\/10\/20151011_1101201-150x150.jpg\" class=\"attachment-thumbnail size-thumbnail\" alt=\"\" \/><\/a>\n\t\t\t<\/div><\/figure>\n\t\t<\/div>\n\n<p>Los procesos que brevemente he compartido con vosotros en este post fueron en ocasiones acompa\u00f1ados de expresiones que no pueden dejar de preocuparme. Frases como : \u201cEste edificio es tan hermoso que cualquier actividad resulta maravillosa\u201d, \u201cTener la suerte de poder accionar en el museo a puertas cerradas es un lujo\u201d o \u201cEl entorno natural de este lugar ayuda a pensar con m\u00e1s libertad\u201d. Todas ellas son frases que agradezco y con las que estoy totalmente de acuerdo pero que en ocasiones pueden ejercer de trampa para justificar por qu\u00e9 en algunos lugares m\u00e1s directamente vinculados a \u201clo art\u00edstico\u201d nos dejamos llevar ante propuestas de metodolog\u00edas abiertas y no somos capaces de aplicar la experimentaci\u00f3n en nuestra cotidianidad. No hay nada que nos impida recorrer los pasillos de una escuela descalzos por unos minutos, podemos intentar explicar una obra de arte ante alumnos con los ojos tapados o todos somos capaces de escribir con tinta roja durante un d\u00eda y olvidarnos del bol\u00edgrafo negro. Min\u00fasculos ejercicios que tienen una importancia capital en nuestro desarrollo: sentirnos a nosotros mismos desde diferentes par\u00e1metros y cuestionar las normas para transformar la mirada en miradas. Solo as\u00ed conseguiremos que ning\u00fan experto ni funcionario asesine nuestra creatividad.<\/p>\n<p><em><strong>@aitziberurtasun<\/strong><\/em><\/p>\n<figure id=\"attachment_411\" aria-describedby=\"caption-attachment-411\" style=\"width: 476px\" class=\"wp-caption alignleft\"><a href=\"http:\/\/blogs.noticiasdenavarra.com\/estonoesunblog\/files\/2015\/10\/IMG_0438.jpg\"><img loading=\"lazy\" decoding=\"async\" class=\" wp-image-411\" src=\"http:\/\/blogs.noticiasdenavarra.com\/estonoesunblog\/files\/2015\/10\/IMG_0438-580x435.jpg\" alt=\"Acci\u00f3n po\u00e9tica como reinterpretaci\u00f3n de la arquitectura.\" width=\"476\" height=\"357\" srcset=\"https:\/\/blogs.noticiasdenavarra.com\/estonoesunblog\/files\/2015\/10\/IMG_0438-580x435.jpg 580w, https:\/\/blogs.noticiasdenavarra.com\/estonoesunblog\/files\/2015\/10\/IMG_0438-940x705.jpg 940w\" sizes=\"auto, (max-width: 476px) 100vw, 476px\" \/><\/a><figcaption id=\"caption-attachment-411\" class=\"wp-caption-text\">Acci\u00f3n po\u00e9tica como reinterpretaci\u00f3n de la arquitectura.<\/figcaption><\/figure>\n","protected":false},"excerpt":{"rendered":"<p>\u201cPor cada cient\u00edfico y artista que surge, hay una centena de expertos y funcionarios tratando de asesinarle\u201d. Jos\u00e9 Antonio Sistiaga Innovaci\u00f3n, creatividad y experimentaci\u00f3n son t\u00e9rminos que est\u00e1n en boca de todos los que de una manera directa o indirecta nos dedicamos al mundo del arte. Sin embargo, hay una diferencia entre algunos de ellos &hellip; <a href=\"https:\/\/blogs.noticiasdenavarra.com\/estonoesunblog\/2015\/10\/16\/la-experimentacion-como-busqueda-de-preguntas\/\" class=\"more-link\">Sigue leyendo <span class=\"screen-reader-text\">LA EXPERIMENTACI\u00d3N COMO BUSQUEDA DE PREGUNTAS<\/span><\/a><\/p>\n","protected":false},"author":83,"featured_media":0,"comment_status":"open","ping_status":"open","sticky":false,"template":"","format":"standard","meta":{"footnotes":""},"categories":[4],"tags":[3520,3543,3571,3570,3547,3531,3572],"class_list":["post-438","post","type-post","status-publish","format-standard","hentry","category-sin-categoria","tag-arte","tag-educacion","tag-escultura","tag-experimentacion","tag-performance","tag-pintura","tag-poesia"],"_links":{"self":[{"href":"https:\/\/blogs.noticiasdenavarra.com\/estonoesunblog\/wp-json\/wp\/v2\/posts\/438","targetHints":{"allow":["GET"]}}],"collection":[{"href":"https:\/\/blogs.noticiasdenavarra.com\/estonoesunblog\/wp-json\/wp\/v2\/posts"}],"about":[{"href":"https:\/\/blogs.noticiasdenavarra.com\/estonoesunblog\/wp-json\/wp\/v2\/types\/post"}],"author":[{"embeddable":true,"href":"https:\/\/blogs.noticiasdenavarra.com\/estonoesunblog\/wp-json\/wp\/v2\/users\/83"}],"replies":[{"embeddable":true,"href":"https:\/\/blogs.noticiasdenavarra.com\/estonoesunblog\/wp-json\/wp\/v2\/comments?post=438"}],"version-history":[{"count":9,"href":"https:\/\/blogs.noticiasdenavarra.com\/estonoesunblog\/wp-json\/wp\/v2\/posts\/438\/revisions"}],"predecessor-version":[{"id":451,"href":"https:\/\/blogs.noticiasdenavarra.com\/estonoesunblog\/wp-json\/wp\/v2\/posts\/438\/revisions\/451"}],"wp:attachment":[{"href":"https:\/\/blogs.noticiasdenavarra.com\/estonoesunblog\/wp-json\/wp\/v2\/media?parent=438"}],"wp:term":[{"taxonomy":"category","embeddable":true,"href":"https:\/\/blogs.noticiasdenavarra.com\/estonoesunblog\/wp-json\/wp\/v2\/categories?post=438"},{"taxonomy":"post_tag","embeddable":true,"href":"https:\/\/blogs.noticiasdenavarra.com\/estonoesunblog\/wp-json\/wp\/v2\/tags?post=438"}],"curies":[{"name":"wp","href":"https:\/\/api.w.org\/{rel}","templated":true}]}}