{"id":26,"date":"2014-12-05T07:41:30","date_gmt":"2014-12-05T07:41:30","guid":{"rendered":"http:\/\/blogs.noticiasdenavarra.com\/estonoesunblog\/?p=26"},"modified":"2014-12-05T11:23:53","modified_gmt":"2014-12-05T11:23:53","slug":"ceci-nest-pas-une-pipe","status":"publish","type":"post","link":"https:\/\/blogs.noticiasdenavarra.com\/estonoesunblog\/2014\/12\/05\/ceci-nest-pas-une-pipe\/","title":{"rendered":"CECI N&#8217;EST PAS UNE PIPE"},"content":{"rendered":"<p>En 1929, Ren\u00e9 Magritte realiza una serie de pinturas conocida como \u201cla tradici\u00f3n de las im\u00e1genes\u201d de la cual su pieza m\u00e1s famosa sea probablemente \u201cEsto no es una pipa\u201d. En ella desaf\u00eda al espectador a reflexionar sobre la importancia de la imagen respecto a nuestro c\u00f3digo real de lectura. En la composici\u00f3n vemos claramente una pipa pero Magritte nos dice que no puede decir que lo sea porque nos estar\u00eda mintiendo. La imagen no es un objeto sino la proyecci\u00f3n mental del mismo. Todo empieza y acaba en nuestra mente.<\/p>\n<p>Casi cien a\u00f1os despu\u00e9s, la mayor\u00eda de la gente sigue buscando en la obra de arte una relaci\u00f3n directa, clara y objetiva entre t\u00edtulo y obra. Una soluci\u00f3n al puzzle. Una verdad sin fisuras. Si la historia del arte ya ha asumido que el espectador funciona como vector de la obra y no como mero observador, \u00bfpor qu\u00e9 nos sigue costando tanto ser m\u00e1s libres, m\u00e1s abiertos y, sobre todo, m\u00e1s generosos en nuestra mirada? Porque seguimos sin comprender que el arte no es un escenario exclusivo del artista sino que constituye una forma de entender la vida, nuestro entorno y nuestras relaciones.<\/p>\n<figure id=\"attachment_19\" aria-describedby=\"caption-attachment-19\" style=\"width: 277px\" class=\"wp-caption alignleft\"><a href=\"http:\/\/blogs.noticiasdenavarra.com\/estonoesunblog\/files\/2014\/12\/Esto-no-es-una-pipa.jpg\"><img loading=\"lazy\" decoding=\"async\" class=\"wp-image-19\" src=\"http:\/\/blogs.noticiasdenavarra.com\/estonoesunblog\/files\/2014\/12\/Esto-no-es-una-pipa-580x405.jpg\" alt=\"Esto-no-es-una-pipa\" width=\"277\" height=\"196\" \/><\/a><figcaption id=\"caption-attachment-19\" class=\"wp-caption-text\">Ren\u00e9 Magritte. 1929. \u00d3leo sobre lienzo. Los Angeles Country Museum of Art.<\/figcaption><\/figure>\n<p style=\"text-align: left\">En el momento en que dejemos de limitar nuestras experiencias a frases tan alienantes como: \u00bfQui\u00e9n lo ha hecho?, \u00bfpor qu\u00e9?, \u00bfqu\u00e9 quer\u00eda decir con ello?, y pasemos a preguntarnos: \u00bfqu\u00e9 siento?, \u00bfen qu\u00e9 pienso al observar esto? o simplemente, \u00bfc\u00f3mo me encuentro ante esta obra?, nos habremos acercado un poquito m\u00e1s a la realidad del arte.<\/p>\n<p style=\"text-align: left\">Muchas veces me he preguntado por qu\u00e9 me dedico al arte. Y sobre todo por qu\u00e9 me relaciono con el arte de la manera en que lo hago. Todo en mi vida tiene un punto surrealista y creo que eso me hace m\u00e1s comprensiva. Cuando ten\u00eda tres a\u00f1os y empezaba la aventura de aprender a hablar mi relaci\u00f3n con el lenguaje ya era peculiar. Al peri\u00f3dico lo llamaba il pirioco, al paraguas la cuadrada, a los macarrones ladrones y, no me dig\u00e1is que esto no es no es puro Magritte, al triciclo el botijo.<\/p>\n<p style=\"text-align: left\">Con 6 a\u00f1os empezaba a descubrir el mundo. Recuerdo un viaje en tren Bilbao-Valencia en el que con mi peque\u00f1o dedito iba dibujando en el aire distintas cosas ( ante la mirada de incomprensi\u00f3n de mi pobre madre) y a la vez, me inventaba conversaciones entre los palos de los postes de electricidad que para mi ten\u00edan claramente forma de personas.<\/p>\n<p style=\"text-align: left\">Historia cumbre de mi ni\u00f1ez es ese d\u00eda en que, con nueve a\u00f1os, la profesora de pl\u00e1stica nos dice que ese mes vamos a aprender a dibujar con temperas por lo que tenemos que traer de casa un objeto que nos parezca especialmente bonito. Al d\u00eda siguiente, me presento orgullosa con un botell\u00edn de Heineken (puedo o\u00edr las risas de algunos desde aqu\u00ed). Puro Warhol. Lo s\u00e9.<\/p>\n<p style=\"text-align: left\">Ya en la universidad, mis excentricidades se perfeccionaron. La m\u00e1s sonada era mi forma de tomar apuntes. Ide\u00e9 una t\u00e9cnica por la que combinaba texto con dibujos varios que representaban palabras y expresiones. Lo mejor de todo es que ning\u00fan compa\u00f1ero me ped\u00eda nunca prestados los apuntes.<\/p>\n<p style=\"text-align: left\">Dicho esto, no pretendo contaros mis rarezas para justificar mi relaci\u00f3n con el arte sino para ayudaros a comprenderla. Sin necesidad de pintar, cantar o escribir especialmente bien mi vida siempre ha estado relacionada con el arte porque he vivido y vivo con imaginaci\u00f3n, creatividad y libertad. \u00bfAcaso no consiste en eso el arte?<\/p>\n<p style=\"text-align: left\">Me gustar\u00eda que este espacio sirva en un futuro para liberarnos de nuestros convencionalismos y sentir que el arte es de todos y sirve a todos. Recordando as\u00ed que de la misma forma que o\u00edr no es lo mismo que escuchar, tampoco ver es lo mismo que mirar. S\u00f3lo en el momento en que decidamos ampliar nuestra mirada hacia el arte empezaremos a comprenderlo y a sentirlo.<\/p>\n<p style=\"text-align: left\">Mirar significa imaginar. Mirar significa leer. Mirar significa recorrer. Mirar significa ver m\u00e1s all\u00e1. Mirar significa intervenir. Mirar significa no poder mirar. Mirar significa actuar. Mirar significa participar. Mirar significa lo que t\u00fa quieras que signifique.<\/p>\n<p style=\"text-align: left\">Espero poder compartir mis miradas en este peque\u00f1o espacio que como sab\u00e9is \u201cNo es un blog\u201d.<\/p>\n<p style=\"text-align: left\"><strong>*<em>@aitziberurtasun<\/em><\/strong><\/p>\n","protected":false},"excerpt":{"rendered":"<p>En 1929, Ren\u00e9 Magritte realiza una serie de pinturas conocida como \u201cla tradici\u00f3n de las im\u00e1genes\u201d de la cual su pieza m\u00e1s famosa sea probablemente \u201cEsto no es una pipa\u201d. En ella desaf\u00eda al espectador a reflexionar sobre la importancia de la imagen respecto a nuestro c\u00f3digo real de lectura. En la composici\u00f3n vemos claramente &hellip; <a href=\"https:\/\/blogs.noticiasdenavarra.com\/estonoesunblog\/2014\/12\/05\/ceci-nest-pas-une-pipe\/\" class=\"more-link\">Sigue leyendo <span class=\"screen-reader-text\">CECI N&#8217;EST PAS UNE PIPE<\/span><\/a><\/p>\n","protected":false},"author":83,"featured_media":0,"comment_status":"open","ping_status":"open","sticky":false,"template":"","format":"standard","meta":{"footnotes":""},"categories":[4],"tags":[3520,3523,3521,3522],"class_list":["post-26","post","type-post","status-publish","format-standard","hentry","category-sin-categoria","tag-arte","tag-artecontemporaneo","tag-creatividad","tag-cultura"],"_links":{"self":[{"href":"https:\/\/blogs.noticiasdenavarra.com\/estonoesunblog\/wp-json\/wp\/v2\/posts\/26","targetHints":{"allow":["GET"]}}],"collection":[{"href":"https:\/\/blogs.noticiasdenavarra.com\/estonoesunblog\/wp-json\/wp\/v2\/posts"}],"about":[{"href":"https:\/\/blogs.noticiasdenavarra.com\/estonoesunblog\/wp-json\/wp\/v2\/types\/post"}],"author":[{"embeddable":true,"href":"https:\/\/blogs.noticiasdenavarra.com\/estonoesunblog\/wp-json\/wp\/v2\/users\/83"}],"replies":[{"embeddable":true,"href":"https:\/\/blogs.noticiasdenavarra.com\/estonoesunblog\/wp-json\/wp\/v2\/comments?post=26"}],"version-history":[{"count":10,"href":"https:\/\/blogs.noticiasdenavarra.com\/estonoesunblog\/wp-json\/wp\/v2\/posts\/26\/revisions"}],"predecessor-version":[{"id":36,"href":"https:\/\/blogs.noticiasdenavarra.com\/estonoesunblog\/wp-json\/wp\/v2\/posts\/26\/revisions\/36"}],"wp:attachment":[{"href":"https:\/\/blogs.noticiasdenavarra.com\/estonoesunblog\/wp-json\/wp\/v2\/media?parent=26"}],"wp:term":[{"taxonomy":"category","embeddable":true,"href":"https:\/\/blogs.noticiasdenavarra.com\/estonoesunblog\/wp-json\/wp\/v2\/categories?post=26"},{"taxonomy":"post_tag","embeddable":true,"href":"https:\/\/blogs.noticiasdenavarra.com\/estonoesunblog\/wp-json\/wp\/v2\/tags?post=26"}],"curies":[{"name":"wp","href":"https:\/\/api.w.org\/{rel}","templated":true}]}}