{"id":237,"date":"2015-04-25T11:44:17","date_gmt":"2015-04-25T10:44:17","guid":{"rendered":"http:\/\/blogs.noticiasdenavarra.com\/estonoesunblog\/?p=237"},"modified":"2015-04-26T14:17:17","modified_gmt":"2015-04-26T13:17:17","slug":"inmoral-que-no-ilegal","status":"publish","type":"post","link":"https:\/\/blogs.noticiasdenavarra.com\/estonoesunblog\/2015\/04\/25\/inmoral-que-no-ilegal\/","title":{"rendered":"INMORAL QUE NO ILEGAL"},"content":{"rendered":"<p>El pasado 17 de abril algunos se levantaban, y otros se acostaban, con la sorprendente noticia de la detenci\u00f3n de Rodrigo Rato. Un ilustre se\u00f1or que ha paseado sus caras corbatas por los despachos del Gobierno en funciones, Bankia o el FMI. Y no crean que era de los que se quedaban en la planta baja. Era de los que ten\u00edan el despacho en la planta \u201cnoble\u201d. S\u00ed, de esos que si el d\u00eda le ven\u00eda apurado pod\u00eda olvidarse de coger el metro y llegar a trabajar en helic\u00f3ptero. Que para eso se construyen los helipuertos en las azoteas de los tejados importantes, \u00bfno? Los tejados humildes ya se sabe que sustituyen el \u2018aer\u00f3dromo\u2019 por una pr\u00e1ctica zona com\u00fan que permita colgar las s\u00e1banas y lencer\u00eda familiar. Cuesti\u00f3n de prioridades.<\/p>\n<p>Imagino que hay almas c\u00e1ndidas a las que la detenci\u00f3n les ha sorprendido y otras, entre las que me incluyo, a las que tan s\u00f3lo nos ha parecido un ejercicio de justicia acompa\u00f1ado, eso s\u00ed, de una puesta en escena un poco a lo Monty Python y con cierto tufillo electoralista. Sin embargo, lo m\u00e1s sorprendente, por dif\u00edcilmente defendible, es esa teor\u00eda por la que los integrantes de su partido (y me da igual que el se\u00f1or Rato tenga o no carnet, lo lleve o no al lado de la tarjeta del Corte Ingl\u00e9s o lo use como mondadientes. Ha formado y forma parte de ese partido guste o no) justifican sus acciones como hechos que han ocurrido en su esfera privada que no pol\u00edtica. Vamos que el se\u00f1or Rato era un ejemplar ministro por el d\u00eda y un chorizo digno de Mortadelo y Filem\u00f3n cuando el sol empezaba a esconderse por las calles de Madrid. O lo que es peor, que el se\u00f1or Rato ha podido comportarse de forma inmoral pero no tiene por qu\u00e9 haber sido ilegal.<\/p>\n<figure id=\"attachment_236\" aria-describedby=\"caption-attachment-236\" style=\"width: 249px\" class=\"wp-caption alignleft\"><a href=\"http:\/\/blogs.noticiasdenavarra.com\/estonoesunblog\/files\/2015\/04\/imagesK8HKO0H0.jpg\"><img loading=\"lazy\" decoding=\"async\" class=\" wp-image-236\" src=\"http:\/\/blogs.noticiasdenavarra.com\/estonoesunblog\/files\/2015\/04\/imagesK8HKO0H0.jpg\" alt=\"Los cambistas, c.1.548. Marinusvan Reymerswaele. Museo BBAA Bilbao.\" width=\"249\" height=\"324\" \/><\/a><figcaption id=\"caption-attachment-236\" class=\"wp-caption-text\"><em>Los cambistas<\/em>, \u00a0c.1.548. Marinusvan Reymerswaele. Museo BBAA Bilbao.<\/figcaption><\/figure>\n<p>Y estos d\u00edas pensaba que en este mundillo del arte las cosas se definen tambi\u00e9n desde una moneda de dos caras. A casi nadie le importa ser inmoral, lo importante es no cruzar la delgada l\u00ednea de lo ilegal. Los ejemplos son tantos como d\u00edas tiene el a\u00f1o. Pongamos que hablo de _____ (cada uno puede insertar en este espacio la ciudad en la que reside actualmente. La cosa no cambia mucho).<\/p>\n<p>Un maraviloso edificio en el centro de la ciudad que podr\u00eda ser reformado para usos sociales potenciando as\u00ed la actividad del barrio necesitado de una inyecci\u00f3n de positivismo pero que por la magia de la burocracia acaba transform\u00e1ndose en un museo privado. No es ilegal pero resulta inmoral.<\/p>\n<p>Una convocatoria para seleccionar los puestos directivos y t\u00e9cnicos del mismo tras la cual la mayor\u00eda de los seleccionados conocen a alguno de los promotores del proyecto. No es ilegal pero suena inmoral.<\/p>\n<p>Contrataci\u00f3n de los puestos auxilares para cuidar las salas o informar al visitante para lo que se seleccionar\u00e1 a gente enormemente preparada a la que se le pagar\u00e1n irrisorias cantidades por hora adem\u00e1s de hacerles firmar un contrato por el que se podr\u00e1 prescindir de ellos cuando la direcci\u00f3n lo desee ya que est\u00e1n realmente subcontratados. No es ilegal pero clama al cielo que es inmoral.<\/p>\n<p>Sacar pecho en el acto inaugural explicando que el \u00e1mbito educativo y social del museo es una prioridad para el nuevo centro que desea \u00a0formar parte directa de su comunidad para construir despu\u00e9s un departamento educativo en el que la acci\u00f3n pedag\u00f3gica quedar\u00e1 en manos de voluntarios que no s\u00f3lo no est\u00e1n preparados para tal actividad sino que evidentemente no ver\u00e1n nunca un euro. Si infravalorar la posibilidad de educar a sus futuros visitantes no es inmoral ya no s\u00e9 que puede serlo. Eso s\u00ed, tratar a los visitantes de est\u00fapidos integrales no tiene nada de ilegal.<\/p>\n<p>Dise\u00f1ar un programa expositivo anual en el que hay m\u00e1s artistas y comisarios amigos del director o directora que en la cena de Nochevieja de mi casa. Ilegal no es porque ayudar a tus amigos no tiene por qu\u00e9 serlo pero para todos aquellos que no consiguen comisariar ni exponer ni por casualidad a\u00fan siendo buenos profesionales suena lago inmoral.<\/p>\n<p>Cenas que cuestan m\u00e1s que el sueldo anual de un vigilante de sala, ediciones de lujo en papel que s\u00f3lo sirven para hacer regalos navide\u00f1os a alg\u00fan que otro, becarios cubriendo puestos de trabajo reales, horas extras que parecen hacerse por amor al arte, webs y cuentas sociales maquilladas y cargadas de mentiras, y tantas y tantas inmoralidades que no son ilegales\u2026<\/p>\n<p>No pondr\u00eda la mano en el fuego por otros pa\u00edses pero no me cabe ninguna duda de que \u00e9ste es un pa\u00eds de inmorales que caminan por la vida con el orgullo de haberse saltada la ilegalidad. El problema es que la inmoralidad engendra ilegalidad y en cualquier momento la moneda puede darse la vuelta. El \u00fanico consejo que puedo darles a todos ellos es que tengan al d\u00eda la revisi\u00f3n del helic\u00f3ptero porque nunca se sabe cuando hay que salir corriendo.<\/p>\n<p><em><strong>*@aitziberurtasun<\/strong><\/em><\/p>\n","protected":false},"excerpt":{"rendered":"<p>El pasado 17 de abril algunos se levantaban, y otros se acostaban, con la sorprendente noticia de la detenci\u00f3n de Rodrigo Rato. Un ilustre se\u00f1or que ha paseado sus caras corbatas por los despachos del Gobierno en funciones, Bankia o el FMI. Y no crean que era de los que se quedaban en la planta &hellip; <a href=\"https:\/\/blogs.noticiasdenavarra.com\/estonoesunblog\/2015\/04\/25\/inmoral-que-no-ilegal\/\" class=\"more-link\">Sigue leyendo <span class=\"screen-reader-text\">INMORAL QUE NO ILEGAL<\/span><\/a><\/p>\n","protected":false},"author":83,"featured_media":0,"comment_status":"open","ping_status":"open","sticky":false,"template":"","format":"standard","meta":{"footnotes":""},"categories":[4],"tags":[3520,3523,3522,3546,3526],"class_list":["post-237","post","type-post","status-publish","format-standard","hentry","category-sin-categoria","tag-arte","tag-artecontemporaneo","tag-cultura","tag-econonomia","tag-museos"],"_links":{"self":[{"href":"https:\/\/blogs.noticiasdenavarra.com\/estonoesunblog\/wp-json\/wp\/v2\/posts\/237","targetHints":{"allow":["GET"]}}],"collection":[{"href":"https:\/\/blogs.noticiasdenavarra.com\/estonoesunblog\/wp-json\/wp\/v2\/posts"}],"about":[{"href":"https:\/\/blogs.noticiasdenavarra.com\/estonoesunblog\/wp-json\/wp\/v2\/types\/post"}],"author":[{"embeddable":true,"href":"https:\/\/blogs.noticiasdenavarra.com\/estonoesunblog\/wp-json\/wp\/v2\/users\/83"}],"replies":[{"embeddable":true,"href":"https:\/\/blogs.noticiasdenavarra.com\/estonoesunblog\/wp-json\/wp\/v2\/comments?post=237"}],"version-history":[{"count":9,"href":"https:\/\/blogs.noticiasdenavarra.com\/estonoesunblog\/wp-json\/wp\/v2\/posts\/237\/revisions"}],"predecessor-version":[{"id":246,"href":"https:\/\/blogs.noticiasdenavarra.com\/estonoesunblog\/wp-json\/wp\/v2\/posts\/237\/revisions\/246"}],"wp:attachment":[{"href":"https:\/\/blogs.noticiasdenavarra.com\/estonoesunblog\/wp-json\/wp\/v2\/media?parent=237"}],"wp:term":[{"taxonomy":"category","embeddable":true,"href":"https:\/\/blogs.noticiasdenavarra.com\/estonoesunblog\/wp-json\/wp\/v2\/categories?post=237"},{"taxonomy":"post_tag","embeddable":true,"href":"https:\/\/blogs.noticiasdenavarra.com\/estonoesunblog\/wp-json\/wp\/v2\/tags?post=237"}],"curies":[{"name":"wp","href":"https:\/\/api.w.org\/{rel}","templated":true}]}}