{"id":225,"date":"2015-04-17T10:12:18","date_gmt":"2015-04-17T09:12:18","guid":{"rendered":"http:\/\/blogs.noticiasdenavarra.com\/estonoesunblog\/?p=225"},"modified":"2015-04-17T10:12:18","modified_gmt":"2015-04-17T09:12:18","slug":"entre-selfies-anda-el-juego","status":"publish","type":"post","link":"https:\/\/blogs.noticiasdenavarra.com\/estonoesunblog\/2015\/04\/17\/entre-selfies-anda-el-juego\/","title":{"rendered":"ENTRE SELFIES ANDA EL JUEGO"},"content":{"rendered":"<p>Aqu\u00ed estoy tranquilamente con mi pipa, mirando la lluvia caer y practicando mi ejercicio favorito: imaginar. Y pienso: \u201c\u00bfOs imagin\u00e1is lo que ser\u00eda escuchar alguna de las <em>Gymnop\u00e9dies <\/em>de Erik Satie o cualquier joya de Tom Petty con unos grandes tapones de cera en los o\u00eddos? \u00bfY qu\u00e9 me dec\u00eds de la posibilidad de saborear una buena copa de vino tinto a la que previamente se le han a\u00f1adido unas cebollitas en vinagre? \u00bfOs imagin\u00e1is entrando suavemente en el mar para disfrutar de un relajante ba\u00f1o y que alguien os coloque un kilo de piedras a la espalda? \u00bfOs imagin\u00e1is\u2026?\u201d<\/p>\n<p><a href=\"http:\/\/blogs.noticiasdenavarra.com\/estonoesunblog\/files\/2015\/04\/selfie-catedral-burgos.jpg\"><img loading=\"lazy\" decoding=\"async\" class=\"alignleft  wp-image-226\" src=\"http:\/\/blogs.noticiasdenavarra.com\/estonoesunblog\/files\/2015\/04\/selfie-catedral-burgos-580x584.jpg\" alt=\"selfie-catedral-burgos\" width=\"258\" height=\"260\" srcset=\"https:\/\/blogs.noticiasdenavarra.com\/estonoesunblog\/files\/2015\/04\/selfie-catedral-burgos-580x584.jpg 580w, https:\/\/blogs.noticiasdenavarra.com\/estonoesunblog\/files\/2015\/04\/selfie-catedral-burgos-150x150.jpg 150w, https:\/\/blogs.noticiasdenavarra.com\/estonoesunblog\/files\/2015\/04\/selfie-catedral-burgos.jpg 650w\" sizes=\"auto, (max-width: 258px) 100vw, 258px\" \/><\/a>Tranquilos. No me he vuelto loca (yo ya vengo loca de serie). Aunque no lo parezca todos estos supuestos tienen algo en com\u00fan: una buena materia prima (m\u00fasica, vino, mar)\u00a0 que puede regalarnos una gran experiencia, y un gesto surrealista (tapones, cebollitas y piedras) que la pueden arruinar. Pues esta es la sensaci\u00f3n que tengo cuando veo a un iluminado o iluminada hacerse un <em>selfie<\/em> delante de una obra de arte. La obra de arte est\u00e1, pero ellos ni la ven ni la ver\u00e1n. Sin embargo, la imagen empieza a ser ya tan habitual que da pavor y las variaciones son ilimitadas. Tenemos al aprendiz de yogui (y no me se\u00e1is brutos que me refiero al experto en yoga no al oso) que estira su cuello y el resto de su cuerpo en una indescriptible postura que permita a ese endemoniado artilugio llamado \u201cpalo de <em>selfie<\/em>\u201d \u00a0recoger, en un reducido espacio, la fachada de la Catedral de Burgos, la t\u00eda Enriqueta, el perro y el susodicho.<\/p>\n<p>Habitual tambi\u00e9n ese momento de confraternizaci\u00f3n que muchos grupos de amigos sufren al acercarse a las Meninas de Vel\u00e1zquez. Que total, si el cuadro en cuesti\u00f3n\u00a0 hace ya m\u00e1s de tres siglos que fue pintado pues tampoco hay que darse prisa por observarlo. Es mucho mejor darle la espalda y aprovechar la ocasi\u00f3n para inmortalizar el momento con tus amigas. As\u00ed, a lo <em>spice girls<\/em> culturales.<a href=\"http:\/\/blogs.noticiasdenavarra.com\/estonoesunblog\/files\/2015\/04\/B9316665529Z_1_20150325181303_000_GIAAAH4SK_1-0.jpg\"><img loading=\"lazy\" decoding=\"async\" class=\"alignleft  wp-image-227\" src=\"http:\/\/blogs.noticiasdenavarra.com\/estonoesunblog\/files\/2015\/04\/B9316665529Z_1_20150325181303_000_GIAAAH4SK_1-0-580x305.jpg\" alt=\"B9316665529Z_1_20150325181303_000_GIAAAH4SK_1-0\" width=\"528\" height=\"284\" \/><\/a><\/p>\n<p>Cl\u00e1sico tambi\u00e9n ese en el que un tipo s\u00f3lo ante la inmensidad de un Rothko se sienta en el banco de la sala y cuando crees que por fin hay alguien que se va a tomar su tiempo para disfrutar del arte saca su m\u00f3vil y cual m\u00edstico seguidor de las doctrinas de Fray Luis de Le\u00f3n empieza a poner posturitas hasta conseguir inmortalizar el \u00e1ngulo adecuado de su rostro (eso s\u00ed, sin olvidar el Rothko como persiana de fondo)<\/p>\n<p>Muchos de vosotros estar\u00e9is pensando que exagero ya que una se puede sacar una foto y seguir\u00a0 disfrutando despu\u00e9s del arte. \u00a1Angelitos! S\u00e9 que algunos de vosotros lo hac\u00e9is pero en gran parte de los casos el <em>selfie<\/em> en cuesti\u00f3n es tan s\u00f3lo el primer paso del sinsentido.<\/p>\n<p>Tras la foto (que casi nunca sale a la primera lo que supone ya un tiempo considerable de p\u00e9rdida) viene la parte m\u00e1s importante: contarlo. Empiezo por <em>Facebook<\/em> que es lo que m\u00e1s miran mis colegas del barrio y los amigos del pueblo. Sigo con <em>Twitter<\/em> que acompa\u00f1ar\u00e1 mi foto con un sensible comentario del tipo: \u201cla belleza de Rubens me deja sin palabras\u201d. La foto no me ha quedado demasiado art\u00edstica y adem\u00e1s se me nota la calva pero es que si no la subo a <em>Instagram<\/em> no soy nadie. Y cuando ya casi has acabado recuerdas que una parte de tu familia (a la que dicho sea de paso el arte le importa lo mismo que a Sergio Ramos la privatizaci\u00f3n de la escuela p\u00fablica) no tiene ning\u00fan perfil social por lo que hay que enviar la r\u00fabrica por <em>Whatsapp<\/em>.<\/p>\n<p><a href=\"http:\/\/blogs.noticiasdenavarra.com\/estonoesunblog\/files\/2015\/04\/museum-selfie-300x300.jpg\"><img loading=\"lazy\" decoding=\"async\" class=\"alignleft size-full wp-image-228\" src=\"http:\/\/blogs.noticiasdenavarra.com\/estonoesunblog\/files\/2015\/04\/museum-selfie-300x300.jpg\" alt=\"museum-selfie-300x300\" width=\"300\" height=\"300\" srcset=\"https:\/\/blogs.noticiasdenavarra.com\/estonoesunblog\/files\/2015\/04\/museum-selfie-300x300.jpg 300w, https:\/\/blogs.noticiasdenavarra.com\/estonoesunblog\/files\/2015\/04\/museum-selfie-300x300-150x150.jpg 150w\" sizes=\"auto, (max-width: 300px) 100vw, 300px\" \/><\/a>Y pensar\u00e9is ahora que si uno es habilidoso esto lo puedes hacer en cinco o diez minutos. \u00a1Ilusos! Tras compartir la gran foto en cuesti\u00f3n llega la tercera parte del sinsentido: las opiniones y comentarios de la gente que hacen que tu m\u00f3vil vibre como si tuviese cerca a la mism\u00edsima \u2018Maja desnuda\u2019. Y claro, ya se sabe que nuestros seguidores son lo primero por lo que si opinan hay que contestar. En ese momento, uno ya est\u00e1 perdido. Tan intensas pueden ser las conversaciones que ya nos da igual si estamos en el Louvre, en la Tate o en la cafeter\u00eda del barrio. Hablar, hablar, hablar\u2026 lo de mirar la obra si eso otro d\u00eda. Llegar\u00e1 un momento en el que cuando en la entrada se pregunte: &lt;&lt;Disculpe, \u00bfcu\u00e1nto tiempo se tarda aproximadamente en ver la colecci\u00f3n permanente? &gt;&gt; El auxiliar de sala responder\u00e1 amablemente: &lt;&lt;Pues unos cinco minutos en ver las obras y unos noventa en gestionar su imagen&gt;&gt;.<\/p>\n<p>La verdad es que las modas van y vienen pero tengo la sensaci\u00f3n de que esta es de largo recorrido. Algo triste porque la soluci\u00f3n tampoco es tan complicada. \u00bfOs explico c\u00f3mo lo hago yo?<\/p>\n<p>Una vez recogida mi entrada y el plano de sala correspondiente paso a dejar el abrigo en guardarrop\u00eda (la comodidad es esencial). Despu\u00e9s silencio mi m\u00f3vil y lo guardo en el bolso. Comienzo la visita y disfruto de cada obra con tiempo y tranquilidad. Al finalizar la visita, si hay alguna obra que me ha gustado especialmente, me acerco de nuevo y la fotograf\u00edo (a ella no a m\u00ed).<\/p>\n<p>Por \u00faltimo, salgo de la sala y recupero mi abrigo. Una vez fuera del museo, busco un bar de esos donde dan buen vino (sin cebollitas), donde se puede escuchar buena m\u00fasica (con suerte Tom Petty) y en el que reine la misma calma y silencio que cuando me ba\u00f1o en el mar. Y entonces, s\u00f3lo entonces, env\u00edo la foto a mis cuentas sociales. Las respuestas y conversaciones marcar\u00e1n el n\u00famero de vinos. Esa parte de la historia me la reservo.<\/p>\n<p><em><strong>*@aitziberurtasun<\/strong><\/em><\/p>\n<p>&nbsp;<\/p>\n","protected":false},"excerpt":{"rendered":"<p>Aqu\u00ed estoy tranquilamente con mi pipa, mirando la lluvia caer y practicando mi ejercicio favorito: imaginar. Y pienso: \u201c\u00bfOs imagin\u00e1is lo que ser\u00eda escuchar alguna de las Gymnop\u00e9dies de Erik Satie o cualquier joya de Tom Petty con unos grandes tapones de cera en los o\u00eddos? \u00bfY qu\u00e9 me dec\u00eds de la posibilidad de saborear &hellip; <a href=\"https:\/\/blogs.noticiasdenavarra.com\/estonoesunblog\/2015\/04\/17\/entre-selfies-anda-el-juego\/\" class=\"more-link\">Sigue leyendo <span class=\"screen-reader-text\">ENTRE SELFIES ANDA EL JUEGO<\/span><\/a><\/p>\n","protected":false},"author":83,"featured_media":228,"comment_status":"open","ping_status":"open","sticky":false,"template":"","format":"standard","meta":{"footnotes":""},"categories":[4],"tags":[3520,3523,3545,3526,3544],"class_list":["post-225","post","type-post","status-publish","format-standard","has-post-thumbnail","hentry","category-sin-categoria","tag-arte","tag-artecontemporaneo","tag-fotografia","tag-museos","tag-selfie"],"_links":{"self":[{"href":"https:\/\/blogs.noticiasdenavarra.com\/estonoesunblog\/wp-json\/wp\/v2\/posts\/225","targetHints":{"allow":["GET"]}}],"collection":[{"href":"https:\/\/blogs.noticiasdenavarra.com\/estonoesunblog\/wp-json\/wp\/v2\/posts"}],"about":[{"href":"https:\/\/blogs.noticiasdenavarra.com\/estonoesunblog\/wp-json\/wp\/v2\/types\/post"}],"author":[{"embeddable":true,"href":"https:\/\/blogs.noticiasdenavarra.com\/estonoesunblog\/wp-json\/wp\/v2\/users\/83"}],"replies":[{"embeddable":true,"href":"https:\/\/blogs.noticiasdenavarra.com\/estonoesunblog\/wp-json\/wp\/v2\/comments?post=225"}],"version-history":[{"count":4,"href":"https:\/\/blogs.noticiasdenavarra.com\/estonoesunblog\/wp-json\/wp\/v2\/posts\/225\/revisions"}],"predecessor-version":[{"id":233,"href":"https:\/\/blogs.noticiasdenavarra.com\/estonoesunblog\/wp-json\/wp\/v2\/posts\/225\/revisions\/233"}],"wp:featuredmedia":[{"embeddable":true,"href":"https:\/\/blogs.noticiasdenavarra.com\/estonoesunblog\/wp-json\/wp\/v2\/media\/228"}],"wp:attachment":[{"href":"https:\/\/blogs.noticiasdenavarra.com\/estonoesunblog\/wp-json\/wp\/v2\/media?parent=225"}],"wp:term":[{"taxonomy":"category","embeddable":true,"href":"https:\/\/blogs.noticiasdenavarra.com\/estonoesunblog\/wp-json\/wp\/v2\/categories?post=225"},{"taxonomy":"post_tag","embeddable":true,"href":"https:\/\/blogs.noticiasdenavarra.com\/estonoesunblog\/wp-json\/wp\/v2\/tags?post=225"}],"curies":[{"name":"wp","href":"https:\/\/api.w.org\/{rel}","templated":true}]}}