{"id":188,"date":"2015-03-13T12:05:16","date_gmt":"2015-03-13T11:05:16","guid":{"rendered":"http:\/\/blogs.noticiasdenavarra.com\/estonoesunblog\/?p=188"},"modified":"2015-03-13T12:11:42","modified_gmt":"2015-03-13T11:11:42","slug":"nadar-a-contracorriente","status":"publish","type":"post","link":"https:\/\/blogs.noticiasdenavarra.com\/estonoesunblog\/2015\/03\/13\/nadar-a-contracorriente\/","title":{"rendered":"NADAR A CONTRACORRIENTE"},"content":{"rendered":"<p><span style=\"color: #000000;font-family: Calibri;font-size: medium\">Esta semana\u00a0he cumplido\u00a0a\u00f1os. Algo que en principio no tiene por qu\u00e9 interesaros pero qu\u00e9 le voy a hacer, no puede interesaros todo lo que escribo. El caso es que llevo toda la semana repitiendo en voz alta las palabras que siempre dice mi amiga Nerea: &lt;&lt;Recuerda que nunca ser\u00e1s m\u00e1s joven que hoy&gt;&gt;. Una afirmaci\u00f3n abrumadoramente cierta pero que no es muy efectiva cuando los a\u00f1os se te van pegando a las costillas y el coraz\u00f3n te pesa cada d\u00eda m\u00e1s. Sin embargo, tengo que admitir que si hago balance de los a\u00f1os vividos hasta ahora no creo haberlo hecho tan mal. No me refiero a las cosas que he conseguido sino a la forma de conseguirlas. <\/span><\/p>\n<p><span style=\"color: #000000;font-family: Calibri;font-size: medium\"><a href=\"http:\/\/blogs.noticiasdenavarra.com\/estonoesunblog\/files\/2015\/03\/il_570xN_623331118_dauu.jpg\"><img loading=\"lazy\" decoding=\"async\" class=\"alignleft  wp-image-189\" src=\"http:\/\/blogs.noticiasdenavarra.com\/estonoesunblog\/files\/2015\/03\/il_570xN_623331118_dauu.jpg\" alt=\"il_570xN_623331118_dauu\" width=\"247\" height=\"187\" \/><\/a>Soy una piscis de manual. Intuitiva y perceptiva a partes iguales. Rom\u00e1ntica, so\u00f1adora e insoportablemente sensible. Trabajadora, creativa, valiente y perfeccionista. Intento vivir en la tierra pero me resulta m\u00e1s c\u00f3modo hacerlo en la luna. Me siento pez por encima de todo y es por ello que siempre nado a contracorriente.<\/span><\/p>\n<p><span style=\"color: #000000;font-family: Calibri;font-size: medium\">\u2018Nadar a contracorriente\u2019, una expresi\u00f3n muy hermosa pero que en este mundo del arte al que tengo la suerte de dedicarme se malinterpreta demasiado a menudo. La mayor parte de los que trabajamos en este escenario de \u2018lo art\u00edstico\u2019 somos un poco egoc\u00e9ntricos (bueno, algunos disparan la media), inseguros, sensibles, sentimentales y, a veces, hasta soberbios. Por ello, se desarrollan actitudes que podr\u00edamos definir como extravagantes y que parecen decir: yo nado a contracorriente porque me dedico al arte. \u00bfY en que se traduce esto? En directores de museos que toman a sus t\u00e9cnicos como s\u00fabditos de la corte, en t\u00e9cnicos que tratan a sus becarios como seres insignificantes, en comisarios vestidos de negro y con gafas de pasta que construyen sus discursos con el claro objetivo de no ser entendidos por nadie, en educadores con af\u00e1n de cambiar el mundo construyendo propuestas pedag\u00f3gicas grandilocuentes y cargadas de pedanter\u00eda o en galeristas que te abren la puerta seg\u00fan el precio de tu perfume. \u00a1C\u00f3mo se equivocan todos ellos! Mirar por encima del hombro repiti\u00e9ndose todos los d\u00edas que se es diferente al resto no te hace nadar a contracorriente sino hundirte s\u00f3lo (o acompa\u00f1ado de tus iguales) sin aportar nada al oc\u00e9ano.<\/span><\/p>\n<p><span style=\"color: #000000;font-family: Calibri;font-size: medium\">Nadar a contracorriente es admitir que el mundo del arte es tan complejo que nunca llegas a saberlo todo (ni siquiera lo suficiente). Admitir que el conocimiento no es piramidal y que a veces se aprende m\u00e1s de un artista sin nombre que de una estrella. Admitir que el director no es nada sin sus t\u00e9cnicos, que el comisario no es nada sin sus artistas, que los artistas no son nada sin el p\u00fablico y que, en definitiva, nadie somos nada sin los dem\u00e1s. Admitir que los que tenemos la suerte de ser sensibles y emocionarnos con el arte somos muy afortunados pero en ning\u00fan caso tenemos la potestad de despreciar a quien no siente con la misma intensidad que nosotros. Admitir que el acceso al arte no debe restringirse al museo, galer\u00edas o ferias sino que pertenece a toda la sociedad y es nuestra obligaci\u00f3n mover el trasero del ordenador para llevarlo a distintos escenarios sociales. <\/span><\/p>\n<p><span style=\"color: #000000;font-family: Calibri;font-size: medium\">Cuando los peces nadan a contracorriente aprovechan el microplacton que esta arrastra para alimentarse. Si trabajamos mir\u00e1ndonos al ombligo y escuchando \u00fanicamente a los que han conseguido posicionarse en primera l\u00ednea del arte perderemos mucho alimento. Nos habremos transformado en anor\u00e9xicos intelectuales. Cuando ve\u00e1is acordaros tambi\u00e9n de mirar. Cuando habl\u00e9is no olvid\u00e9is escuchar. Cuando nad\u00e9is intentad sentir el agua en vuestras escamas.<\/span><\/p>\n<p><em><strong>*@aitziberurtasun<\/strong><\/em><\/p>\n<p>&nbsp;<\/p>\n","protected":false},"excerpt":{"rendered":"<p>Esta semana\u00a0he cumplido\u00a0a\u00f1os. Algo que en principio no tiene por qu\u00e9 interesaros pero qu\u00e9 le voy a hacer, no puede interesaros todo lo que escribo. El caso es que llevo toda la semana repitiendo en voz alta las palabras que siempre dice mi amiga Nerea: &lt;&lt;Recuerda que nunca ser\u00e1s m\u00e1s joven que hoy&gt;&gt;. Una afirmaci\u00f3n &hellip; <a href=\"https:\/\/blogs.noticiasdenavarra.com\/estonoesunblog\/2015\/03\/13\/nadar-a-contracorriente\/\" class=\"more-link\">Sigue leyendo <span class=\"screen-reader-text\">NADAR A CONTRACORRIENTE<\/span><\/a><\/p>\n","protected":false},"author":83,"featured_media":0,"comment_status":"open","ping_status":"open","sticky":false,"template":"","format":"standard","meta":{"footnotes":""},"categories":[4],"tags":[],"class_list":["post-188","post","type-post","status-publish","format-standard","hentry","category-sin-categoria"],"_links":{"self":[{"href":"https:\/\/blogs.noticiasdenavarra.com\/estonoesunblog\/wp-json\/wp\/v2\/posts\/188","targetHints":{"allow":["GET"]}}],"collection":[{"href":"https:\/\/blogs.noticiasdenavarra.com\/estonoesunblog\/wp-json\/wp\/v2\/posts"}],"about":[{"href":"https:\/\/blogs.noticiasdenavarra.com\/estonoesunblog\/wp-json\/wp\/v2\/types\/post"}],"author":[{"embeddable":true,"href":"https:\/\/blogs.noticiasdenavarra.com\/estonoesunblog\/wp-json\/wp\/v2\/users\/83"}],"replies":[{"embeddable":true,"href":"https:\/\/blogs.noticiasdenavarra.com\/estonoesunblog\/wp-json\/wp\/v2\/comments?post=188"}],"version-history":[{"count":8,"href":"https:\/\/blogs.noticiasdenavarra.com\/estonoesunblog\/wp-json\/wp\/v2\/posts\/188\/revisions"}],"predecessor-version":[{"id":196,"href":"https:\/\/blogs.noticiasdenavarra.com\/estonoesunblog\/wp-json\/wp\/v2\/posts\/188\/revisions\/196"}],"wp:attachment":[{"href":"https:\/\/blogs.noticiasdenavarra.com\/estonoesunblog\/wp-json\/wp\/v2\/media?parent=188"}],"wp:term":[{"taxonomy":"category","embeddable":true,"href":"https:\/\/blogs.noticiasdenavarra.com\/estonoesunblog\/wp-json\/wp\/v2\/categories?post=188"},{"taxonomy":"post_tag","embeddable":true,"href":"https:\/\/blogs.noticiasdenavarra.com\/estonoesunblog\/wp-json\/wp\/v2\/tags?post=188"}],"curies":[{"name":"wp","href":"https:\/\/api.w.org\/{rel}","templated":true}]}}