{"id":181,"date":"2015-03-06T10:56:02","date_gmt":"2015-03-06T09:56:02","guid":{"rendered":"http:\/\/blogs.noticiasdenavarra.com\/estonoesunblog\/?p=181"},"modified":"2015-03-06T10:56:02","modified_gmt":"2015-03-06T09:56:02","slug":"medio-lleno-o-medio-vacio","status":"publish","type":"post","link":"https:\/\/blogs.noticiasdenavarra.com\/estonoesunblog\/2015\/03\/06\/medio-lleno-o-medio-vacio\/","title":{"rendered":"\u00bfMEDIO LLENO O MEDIO VAC\u00cdO?"},"content":{"rendered":"<p>Una vez al a\u00f1o se produce un curioso peregrinaje en el que gente ociosa, profesionales, pol\u00edticos con cara de no saber por d\u00f3nde les da el aire, compradores con alma y chequera, compradores\u00a0 con chequera por alma y estudiantes diversos se dirigen a Madrid para devorar lo que hace ya tiempo se conoce como \u201cla semana del arte\u201d<\/p>\n<p>Esos d\u00edas, la siempre acogedora capital se esmera por ofrecer las mejores exposiciones en museos, galer\u00edas y centros de arte pero las ni\u00f1as bonitas \u00a0de la semana son sin duda las ferias. Y como todo equipo que se precie tiene siempre una estrella que brilla sobre las dem\u00e1s, en este caso, la feria que\u00a0 est\u00e1 siempre en boca de todos es ARCO.<\/p>\n<p>ARCO es un territorio inmenso en el que se pueden encontrar piezas ya cl\u00e1sicas de T\u00e0pies, Anthony Caro, Barcel\u00f3 o Basquiat junto a j\u00f3venes autores desconocidos\u00a0 que aspiran a crear historia. Acuarelas frente a trozos de cart\u00f3n, video arte frente a fotograf\u00eda en blanco y negro, bronces frente a metacrilatos o simplemente objetos que nos recuerdan que el arte se ve pero tambi\u00e9n se piensa. En este \u00faltimo caso podr\u00edamos situar a la que se ha transformado ya en la\u201ctop star\u201d de la feria: el vaso con agua de Wilfredo Prieto.\u00a0 Esa pieza de la que todo el mundo habla, a veces, con vehemente defensa y otras, con evidente desprecio.<\/p>\n<figure id=\"attachment_180\" aria-describedby=\"caption-attachment-180\" style=\"width: 217px\" class=\"wp-caption alignleft\"><a href=\"http:\/\/blogs.noticiasdenavarra.com\/estonoesunblog\/files\/2015\/03\/untitled.png\"><img loading=\"lazy\" decoding=\"async\" class=\"wp-image-180 size-full\" src=\"http:\/\/blogs.noticiasdenavarra.com\/estonoesunblog\/files\/2015\/03\/untitled.png\" alt=\"Vaso de agua medio lleno, 2006. Wilfredo Prieto.\" width=\"217\" height=\"232\" \/><\/a><figcaption id=\"caption-attachment-180\" class=\"wp-caption-text\">Vaso de agua medio lleno, 2006. Wilfredo Prieto.<\/figcaption><\/figure>\n<p>El objeto en cuesti\u00f3n no es otra cosa que un vaso con agua que se expone sobre una repisa de madera en el stand de la Galer\u00eda Nogueras Blanchard. Desde la propia galer\u00eda se afanan en repetir que se trata de una pieza conceptual en la que el valor no reside en el objeto sino en el certificado de artista. Un artista que, no sabemos si con ayuda de la galer\u00eda o en un momento solitario de lucidez, s\u00ed que ha tenido capacidad para dar valor econ\u00f3mico a la misma. Ni m\u00e1s ni menos que 20.000\u20ac. Personalmente, creo que es un precio muy acertado. Ni tan bajo como para que el vaso no despierte inter\u00e9s y no se mueva de la repisa en toda la feria ni excesivamente alto como para perder a alg\u00fan exc\u00e9ntrico coleccionista.<\/p>\n<p>El artista\u00a0indica desde el t\u00edtulo de la propia obra que el vaso est\u00e1 \u201cmedio lleno\u201d lo que inconscientemente provoca en el espectador una sensaci\u00f3n m\u00e1s positiva e incluso optimista que el concepto de \u201cmedio vac\u00edo\u201d. \u00a0Sin embargo, y teniendo en cuenta que el objeto no tiene, seg\u00fan el autor, un verdadero valor, podr\u00edamos pensar que el agua ausente constituye un elemento m\u00e1s importante si cabe que la que llena el vaso. Cuenta el galerista que cuando ve que el agua se evapora \u00a0un poco por el ambiente de la feria vuelve a rellenar el vaso.\u00a0 \u00bfPor qu\u00e9? Me pregunto yo. Igual la ausencia es tan importante como la presencia.<\/p>\n<figure id=\"attachment_182\" aria-describedby=\"caption-attachment-182\" style=\"width: 183px\" class=\"wp-caption alignleft\"><a href=\"http:\/\/blogs.noticiasdenavarra.com\/estonoesunblog\/files\/2015\/03\/oteiza-unidad.png\"><img loading=\"lazy\" decoding=\"async\" class=\"wp-image-182 size-full\" src=\"http:\/\/blogs.noticiasdenavarra.com\/estonoesunblog\/files\/2015\/03\/oteiza-unidad.png\" alt=\"Unidead triple y liviana, 1950. Jorge Oteiza.\" width=\"183\" height=\"276\" \/><\/a><figcaption id=\"caption-attachment-182\" class=\"wp-caption-text\">Unidead triple y liviana, 1950. Jorge Oteiza.<\/figcaption><\/figure>\n<p>Estas reflexiones me traen a la cabeza la famosa \u201cUnidad triple y liviana\u201d de Jorge Oteiza. Una obra realizada en 1950 en la que el artista vasco reformula el concepto de espacio desde la resta. La unidad base de la escultura es el cilindro al cual Oteiza aplica varias mordidas que dan como resultado una nueva figura geom\u00e9trica: el hiperboloide. El artista explica este proceso poniendo como ejemplo una manzana. La manzana en cuesti\u00f3n, que tiene forma de esfera, es comida (mordida) desde sus laterales lo que da como resultado una nueva forma: el coraz\u00f3n o troncho de la manzana\u00a0 (el hiperboloide). La mayor parte de la gente, cuando observa ese coraz\u00f3n dice: &lt;&lt;Vaya, me he comido la fruta as\u00ed que aqu\u00ed ya no hay manzana, ya no hay nada&gt;&gt;. Y Oteiza, sabiamente, nos recuerda que eso no es cierto. Por supuesto que ya no hay manzana, pues nos la hemos comido, pero eso no quiere decir que ya no haya \u201cnada\u201d sino que al morder la manzana hemos creado un nuevo espacio que antes no exist\u00eda. El vac\u00edo como nueva presencia no como ausencia.<\/p>\n<p>\u00bfTendr\u00eda ese vaso el mismo valor si el galerista deja que el agua se evapore? Evidentemente s\u00ed porque el discurso sobre la pieza es tan d\u00e9bil como el l\u00edquido que la llena. Nos recuerdan \u00a0para dar mayor valor a la propuesta que Wilfredo Prieto es un artista que produce poco. Eso, en principio, no es bueno ni malo pero no hay que olvidar que para producir poco esto tiene que ser verdaderamente bueno. Intentar \u201cjugar\u201d a ser Duchamp, Morris o Yves Klein en 2015 suena poco serio. Suena poco creativo. Suena vac\u00edo. Pero vac\u00edo no como nueva presencia de una propuesta art\u00edstica innovadora y sugerente sino vacio como ausencia total.<\/p>\n<p>En una entrevista preguntan al responsable de la galer\u00eda:<\/p>\n<p>&lt;&lt;\u00bfSi yo pongo un vaso similar, lo lleno de la misma cantidad de agua y lo coloco en mi casa de manera semejante, tendr\u00eda un Wilfredo Prieto?&gt;&gt;<\/p>\n<p>&lt;&lt;No, ser\u00eda una copia&gt;&gt;.<\/p>\n<p>Sobra deciros que lo primero que hice al llegar de ARCO fue retirar el vaso medio lleno de agua que me hab\u00eda dejado antes de salir para Madrid en la repisa del ba\u00f1o. No vaya ser que me acusen de plagio.<\/p>\n<p>Y tras tranquilizarme me invadi\u00f3 el esp\u00edritu de Wilfredo y en un arranque de creatividad llene una copa de vino. Siendo consciente de que yo no tengo galerista, y en consecuencia nadie va a pagar 20.000\u20ac por mi haza\u00f1a conceptual, decid\u00ed beberme el vino a la salud de tantas grandes obras como vi en la feria y de las que no se ha hecho eco la prensa, a la salud de tantas y tantos artistas que nunca llegar\u00e1n a exponer en ARCO pero que de una manera u otra har\u00e1n historia para los que necesitamos el arte con alma en nuestras vidas, a la salud de todos esos\u00a0 profesionales que trabajan desde la segunda fila sin necesidad de llenar o vaciar vasos.<\/p>\n<p><em><strong>*@aitziberurtasun<\/strong><\/em><\/p>\n","protected":false},"excerpt":{"rendered":"<p>Una vez al a\u00f1o se produce un curioso peregrinaje en el que gente ociosa, profesionales, pol\u00edticos con cara de no saber por d\u00f3nde les da el aire, compradores con alma y chequera, compradores\u00a0 con chequera por alma y estudiantes diversos se dirigen a Madrid para devorar lo que hace ya tiempo se conoce como \u201cla &hellip; <a href=\"https:\/\/blogs.noticiasdenavarra.com\/estonoesunblog\/2015\/03\/06\/medio-lleno-o-medio-vacio\/\" class=\"more-link\">Sigue leyendo <span class=\"screen-reader-text\">\u00bfMEDIO LLENO O MEDIO VAC\u00cdO?<\/span><\/a><\/p>\n","protected":false},"author":83,"featured_media":0,"comment_status":"open","ping_status":"open","sticky":false,"template":"","format":"standard","meta":{"footnotes":""},"categories":[4],"tags":[3536,3520,3523,3537,3538],"class_list":["post-181","post","type-post","status-publish","format-standard","hentry","category-sin-categoria","tag-arco","tag-arte","tag-artecontemporaneo","tag-oteiza","tag-prieto"],"_links":{"self":[{"href":"https:\/\/blogs.noticiasdenavarra.com\/estonoesunblog\/wp-json\/wp\/v2\/posts\/181","targetHints":{"allow":["GET"]}}],"collection":[{"href":"https:\/\/blogs.noticiasdenavarra.com\/estonoesunblog\/wp-json\/wp\/v2\/posts"}],"about":[{"href":"https:\/\/blogs.noticiasdenavarra.com\/estonoesunblog\/wp-json\/wp\/v2\/types\/post"}],"author":[{"embeddable":true,"href":"https:\/\/blogs.noticiasdenavarra.com\/estonoesunblog\/wp-json\/wp\/v2\/users\/83"}],"replies":[{"embeddable":true,"href":"https:\/\/blogs.noticiasdenavarra.com\/estonoesunblog\/wp-json\/wp\/v2\/comments?post=181"}],"version-history":[{"count":3,"href":"https:\/\/blogs.noticiasdenavarra.com\/estonoesunblog\/wp-json\/wp\/v2\/posts\/181\/revisions"}],"predecessor-version":[{"id":185,"href":"https:\/\/blogs.noticiasdenavarra.com\/estonoesunblog\/wp-json\/wp\/v2\/posts\/181\/revisions\/185"}],"wp:attachment":[{"href":"https:\/\/blogs.noticiasdenavarra.com\/estonoesunblog\/wp-json\/wp\/v2\/media?parent=181"}],"wp:term":[{"taxonomy":"category","embeddable":true,"href":"https:\/\/blogs.noticiasdenavarra.com\/estonoesunblog\/wp-json\/wp\/v2\/categories?post=181"},{"taxonomy":"post_tag","embeddable":true,"href":"https:\/\/blogs.noticiasdenavarra.com\/estonoesunblog\/wp-json\/wp\/v2\/tags?post=181"}],"curies":[{"name":"wp","href":"https:\/\/api.w.org\/{rel}","templated":true}]}}