{"id":161,"date":"2015-02-13T11:52:50","date_gmt":"2015-02-13T10:52:50","guid":{"rendered":"http:\/\/blogs.noticiasdenavarra.com\/estonoesunblog\/?p=161"},"modified":"2015-02-13T15:04:04","modified_gmt":"2015-02-13T14:04:04","slug":"muy-poca-cosa-el-arte-como-forma-de-vida","status":"publish","type":"post","link":"https:\/\/blogs.noticiasdenavarra.com\/estonoesunblog\/2015\/02\/13\/muy-poca-cosa-el-arte-como-forma-de-vida\/","title":{"rendered":"&#8216;MUY POCA COSA&#8217; EL ARTE COMO FORMA DE VIDA"},"content":{"rendered":"<p>\u201cmorir es salir<\/p>\n<p>salir de aqu\u00ed<\/p>\n<p>pero ad\u00f3nde?<\/p>\n<p>caer y levantarte<\/p>\n<p>levantarte en el mismo agujero<\/p>\n<p>c\u00f3mo es que a\u00fan trato de levantarme?<\/p>\n<p>Vaso<\/p>\n<p>irrompible<\/p>\n<p>cuando<\/p>\n<p>el mismo vaso<\/p>\n<p>se ha roto<\/p>\n<p>varias veces\u201d<\/p>\n<p>Jorge Oteiza<\/p>\n<p>&nbsp;<\/p>\n<p>La vida es muy perra con demasiada frecuencia y negarlo es vivir fuera de ella. Se empe\u00f1a en apretarnos y apretarnos hasta dejarnos casi sin aliento. Nos pone a prueba sin previo aviso. Y nos arranca sin piedad todo lo que m\u00e1s queremos. Sin embargo, y aunque parezca una utop\u00eda, la felicidad de esa vida depende de nosotros en un porcentaje mayor del que podr\u00edamos imaginar. Caerse suele ser un acto involuntario pero levantarse puede depender \u00fanicamente de nuestra voluntad.<\/p>\n<p>A mi alrededor veo constantemente a gente valiente que lucha por superar las adversidades pero hoy os quiero contar uno de esos casos que te golpea el estomago. Una de esas lecciones de vida que hacen que te replantees tus quejas, lloros y demandas diarias. La conoc\u00ed hace un a\u00f1o\u2026<\/p>\n<figure id=\"attachment_163\" aria-describedby=\"caption-attachment-163\" style=\"width: 580px\" class=\"wp-caption alignleft\"><a href=\"http:\/\/blogs.noticiasdenavarra.com\/estonoesunblog\/files\/2015\/02\/P1230814.jpg\"><img loading=\"lazy\" decoding=\"async\" class=\"size-medium wp-image-163\" src=\"http:\/\/blogs.noticiasdenavarra.com\/estonoesunblog\/files\/2015\/02\/P1230814-580x275.jpg\" alt=\"Aitziber dibujando en el Museo Oteiza el cartel 'Muy poca cosa' que da t\u00edtulo al documental\" width=\"580\" height=\"275\" srcset=\"https:\/\/blogs.noticiasdenavarra.com\/estonoesunblog\/files\/2015\/02\/P1230814-580x275.jpg 580w, https:\/\/blogs.noticiasdenavarra.com\/estonoesunblog\/files\/2015\/02\/P1230814-940x446.jpg 940w\" sizes=\"auto, (max-width: 580px) 100vw, 580px\" \/><\/a><figcaption id=\"caption-attachment-163\" class=\"wp-caption-text\">Aitziber dibujando en el Museo Oteiza el cartel &#8216;Muy poca cosa&#8217; que da t\u00edtulo al documental<\/figcaption><\/figure>\n<p>Aitziber Aranburu es una mujer que lleva cay\u00e9ndose y levant\u00e1ndose 43 a\u00f1os seguidos, d\u00eda a d\u00eda, hora a hora. Naci\u00f3 siendo un ser\u00a0 fr\u00e1gil e hizo de esa fragilidad su campo de batalla. A los nueve meses el m\u00e9dico dijo a su madre que esa ni\u00f1a era \u2018muy poca cosa\u2019. Era casi imposible que superase el a\u00f1o de vida. Una afirmaci\u00f3n que ninguna madre puede asumir por lo que esta lucho con u\u00f1as y dientes por su peque\u00f1a aliment\u00e1ndole con una cucharilla hasta los siete a\u00f1os.<\/p>\n<p>Diagnosticada Sindrome Down y con una salud cada d\u00eda m\u00e1s deteriorada Aitziber no bajaba la guardia y empez\u00f3 a alimentarse de lo que a d\u00eda de hoy es su principal medicina: el arte. Su d\u00eda a d\u00eda se compone de peque\u00f1as rutinas como la comida, la siesta y alg\u00fan paseo. Se desplaza siempre en silla de ruedas y necesita estar conectada a una m\u00e1quina de ox\u00edgeno, pero cuando pinta o baila su cuerpo se llena de energ\u00eda y no necesita de ninguna ayuda. Se olvida de los tubos y\u00a0 de la silla y es feliz. Una felicidad que puede durar una hora o dos a lo sumo pero que son su verdadero motor.<\/p>\n<p>Hace aproximadamente un a\u00f1o Toni Sasal, de Enclave Audiovisuales, S.L @en_clave_av, se puso en contacto conmigo para explicarme que estaban preparando un documental sobre la vida de una mujer muy especial. Por aquel entonces yo ni siquiera hab\u00eda o\u00eddo hablar de Aitziber. La idea principal era reconstruir la historia de su vida utilizando su relaci\u00f3n con la danza y la pintura como hilo conductor. Mi labor consistir\u00eda en desarrollar una serie de actividades creativas desde las que analizar y recoger las reacciones de ella ante la experimentaci\u00f3n art\u00edstica. No tuve duda ni por un segundo de que esa colaboraci\u00f3n llegaba a mi vida como un regalo.<\/p>\n<p>Mi relaci\u00f3n directa con la danza es ya lejana por lo que propuse a Toni y Pablo Calatayud, director del documental, contar con la presencia de Oihane Andueza, maestra y bailarina, con la que ya hab\u00eda desarrollado alg\u00fan proyecto. Ella es una persona de una sensibilidad extrema y estaba segura, como as\u00ed ha sido, de que su presencia enriquecer\u00eda el proyecto.<\/p>\n<p>Las actividades de b\u00fasqueda y experimentaci\u00f3n se han desarrollado en distintos lugares de Pamplona como Civican, Civivox, Museo Oteiza o incluso su propia casa. Tanto Oihane como yo ten\u00edamos claro que era necesario trabajar desde metodolog\u00edas abiertas que empujasen a Aitziber a ir un poco m\u00e1s all\u00e1. Su relaci\u00f3n con la pintura es excesivamente r\u00edgida ya que pinta normalmente sobre plantillas fijas. Y respecto a la danza debe siempre adaptarse a la coreograf\u00eda fijada previamente para el grupo. Por todo ello, el objetivo ha sido desde un primer momento romper esos esquemas preestablecidos y ver c\u00f3mo reacciona ante preguntas abiertas. No es mi intenci\u00f3n desvelar el contenido del documental sino trasladaros las sensaciones y vivencias que dichas sesiones me han producido.<\/p>\n<figure id=\"attachment_168\" aria-describedby=\"caption-attachment-168\" style=\"width: 434px\" class=\"wp-caption alignleft\"><a href=\"http:\/\/blogs.noticiasdenavarra.com\/estonoesunblog\/files\/2015\/02\/P1210889.jpg\"><img loading=\"lazy\" decoding=\"async\" class=\"wp-image-168 \" src=\"http:\/\/blogs.noticiasdenavarra.com\/estonoesunblog\/files\/2015\/02\/P1210889-580x435.jpg\" alt=\"P1210889\" width=\"434\" height=\"325\" srcset=\"https:\/\/blogs.noticiasdenavarra.com\/estonoesunblog\/files\/2015\/02\/P1210889-580x435.jpg 580w, https:\/\/blogs.noticiasdenavarra.com\/estonoesunblog\/files\/2015\/02\/P1210889-940x705.jpg 940w\" sizes=\"auto, (max-width: 434px) 100vw, 434px\" \/><\/a><figcaption id=\"caption-attachment-168\" class=\"wp-caption-text\">Sesi\u00f3n de trabajo en Civican Pamplona<\/figcaption><\/figure>\n<p>La primera sesi\u00f3n comenz\u00f3 con un breve encuentro en el que aprovechando la coincidencia de nuestros nombres trabajamos sobre la letra A y la identidad.<\/p>\n<p>\u201c\u00bfSabes c\u00f3mo me llamo?\u201d- le pregunt\u00e9.<\/p>\n<p>\u201cNo\u201d, me dijo sin demasiada curiosidad.<\/p>\n<p>\u201cMe llamo Aitziber\u201d.<\/p>\n<p>\u201cNo, yo me llamo Aitziber\u201d, dijo un poco enfadada.<\/p>\n<p>\u201cPero yo tambi\u00e9n\u201d.<\/p>\n<p>\u201cNo, Aitziber soy yo\u201d.<\/p>\n<p>En ese momento tuve claro ante quien estaba. Ella construye su d\u00eda a d\u00eda desde un enorme esfuerzo personal\u00a0 y no existe nadie que pueda venir a hacerle sombra. Ella debe ser la primera, la mejor, la m\u00e1s observada, la m\u00e1s querida, la m\u00e1s aplaudida, la m\u00e1s\u2026 Pero no os confund\u00e1is, no existe en su mirada ni un \u00e1pice de altaner\u00eda. Ella siempre ser\u00e1 la primera porque es su forma de sobrevivir. Desde entonces cuando la veo le pregunto: \u201c\u00bfQui\u00e9n es mejor artista, t\u00fa o yo?\u201d Y, con una p\u00edcara sonrisa siempre me responde: \u201cYo\u201d.<\/p>\n<figure id=\"attachment_167\" aria-describedby=\"caption-attachment-167\" style=\"width: 411px\" class=\"wp-caption alignleft\"><a href=\"http:\/\/blogs.noticiasdenavarra.com\/estonoesunblog\/files\/2015\/02\/P1220189.jpg\"><img loading=\"lazy\" decoding=\"async\" class=\" wp-image-167\" src=\"http:\/\/blogs.noticiasdenavarra.com\/estonoesunblog\/files\/2015\/02\/P1220189-580x350.jpg\" alt=\"Pintando con papel en Civican Pamplona\" width=\"411\" height=\"248\" srcset=\"https:\/\/blogs.noticiasdenavarra.com\/estonoesunblog\/files\/2015\/02\/P1220189-580x350.jpg 580w, https:\/\/blogs.noticiasdenavarra.com\/estonoesunblog\/files\/2015\/02\/P1220189-940x567.jpg 940w, https:\/\/blogs.noticiasdenavarra.com\/estonoesunblog\/files\/2015\/02\/P1220189.jpg 1981w\" sizes=\"auto, (max-width: 411px) 100vw, 411px\" \/><\/a><figcaption id=\"caption-attachment-167\" class=\"wp-caption-text\">Pintando con papel en Civican Pamplona<\/figcaption><\/figure>\n<p>Las sesiones de pintura han tenido como eje central dos caminos de b\u00fasqueda. Por un lado, romper con los materiales y formatos cl\u00e1sicos. Y por otro, establecer relaciones sentimentales con el color. En el primer caso, los resultados han sido muy interesantes. Como ella pinta siempre con pincel, hacerle dibujar con papel, corchos, trapos o tizas ha enriquecido notablemente su conexi\u00f3n con el arte. La primera vez que le pedimos pintar sobre una pared no dejaba de controlar su mano para realizar dibujos peque\u00f1os y ordenados pero entonces empezaba a olvidarse de todo y la bailarina que lleva dentro comenzaba a mover su mano por todo el mural. Verla pintar y bailar, siempre concentrada y siempre en silencio, al mismo tiempo, resulta maravilloso.<\/p>\n<p>Respecto al segundo caso, la relaci\u00f3n con el color, sus respuestas han sido una verdadera lecci\u00f3n. Le gustan todos los colores y aunque le resulta complicado mezclarlos cuando le descubres un nuevo tono casi siempre sonr\u00ede.<\/p>\n<p>\u201c\u00bfTe gusta este nuevo color que he inventado?\u201d<\/p>\n<p>\u201c\u00a1Me encanta!\u201d<\/p>\n<p>\u2018Me encanta\u2019 es su frase estrella. Nunca dice \u2018s\u00ed\u2019,\u00a0 \u2018me gusta\u2019, \u2018bastante\u2019, etc. Ella no tiene t\u00e9rmino medio. Las cosas no le gustan o le encantan. Y entre las que no le gustan esta el negro.<\/p>\n<p>Cuando le propuse relacionar el color negro con alguna persona que le cayese mal o que no le gustase me dijo: \u201cA m\u00ed me gusta todo el mundo\u201d. Sabia respuesta de alguien que no tiene tiempo que perder en peleas absurdas.<\/p>\n<figure id=\"attachment_166\" aria-describedby=\"caption-attachment-166\" style=\"width: 308px\" class=\"wp-caption alignleft\"><a href=\"http:\/\/blogs.noticiasdenavarra.com\/estonoesunblog\/files\/2015\/02\/P1230454.jpg\"><img loading=\"lazy\" decoding=\"async\" class=\" wp-image-166\" src=\"http:\/\/blogs.noticiasdenavarra.com\/estonoesunblog\/files\/2015\/02\/P1230454-580x773.jpg\" alt=\"Trasladando sensaciones al cuerpo con Oihane Andueza en Civivox Mendillorri\" width=\"308\" height=\"411\" srcset=\"https:\/\/blogs.noticiasdenavarra.com\/estonoesunblog\/files\/2015\/02\/P1230454-580x773.jpg 580w, https:\/\/blogs.noticiasdenavarra.com\/estonoesunblog\/files\/2015\/02\/P1230454-940x1253.jpg 940w\" sizes=\"auto, (max-width: 308px) 100vw, 308px\" \/><\/a><figcaption id=\"caption-attachment-166\" class=\"wp-caption-text\">Trasladando sensaciones al cuerpo con Oihane Andueza en Civivox Mendillorri<\/figcaption><\/figure>\n<p>Las sesiones de danza y expresi\u00f3n corporal han sido intensas y emotivas. Desde el cuerpo ha recreado movimientos relacionados con el nacimiento, el miedo, la alegr\u00eda o la amistad. Casi nunca se quejaba y segu\u00eda con atenci\u00f3n las lecciones de Oihane. Nadie sabe de d\u00f3nde saca la energ\u00eda suficiente para poder moverse durante una hora pero lo hace. Y despu\u00e9s de esforzarse y vivir cada movimiento de su cuerpo con esfuerzo pero tambi\u00e9n con la elegancia de quien se siente observada cae redonda sobre la silla como diciendo: Me caigo de nuevo pero lo hago para levantarme ma\u00f1ana.<\/p>\n<p>Aitziber me ha ense\u00f1ado que cuando alguien te dice que eres \u2018muy poca cosa\u2019 te est\u00e1 dando, sin saberlo, la oportunidad de demostrar que eres alguien especial. \u00a1Gracias!\u00a0 Espero ansiosa el estreno del documental al que seguro acudir\u00e1 Aitziber como una verdadera estrella y rodeada de esa maravillosa familia que cuida de ella con un cari\u00f1o indescriptible.<\/p>\n<p><strong><em>*@aitziberurtasun<\/em><\/strong><\/p>\n<figure id=\"attachment_162\" aria-describedby=\"caption-attachment-162\" style=\"width: 351px\" class=\"wp-caption alignleft\"><a href=\"http:\/\/blogs.noticiasdenavarra.com\/estonoesunblog\/files\/2015\/02\/P1230943.jpg\"><img loading=\"lazy\" decoding=\"async\" class=\" wp-image-162\" src=\"http:\/\/blogs.noticiasdenavarra.com\/estonoesunblog\/files\/2015\/02\/P1230943-580x436.jpg\" alt=\"C\u00e1rtel del documental dibujado por Aitziber en el Museo Oteiza\" width=\"351\" height=\"264\" srcset=\"https:\/\/blogs.noticiasdenavarra.com\/estonoesunblog\/files\/2015\/02\/P1230943-580x436.jpg 580w, https:\/\/blogs.noticiasdenavarra.com\/estonoesunblog\/files\/2015\/02\/P1230943-940x707.jpg 940w\" sizes=\"auto, (max-width: 351px) 100vw, 351px\" \/><\/a><figcaption id=\"caption-attachment-162\" class=\"wp-caption-text\">C\u00e1rtel del documental dibujado por Aitziber en el Museo Oteiza<\/figcaption><\/figure>\n","protected":false},"excerpt":{"rendered":"<p>\u201cmorir es salir salir de aqu\u00ed pero ad\u00f3nde? caer y levantarte levantarte en el mismo agujero c\u00f3mo es que a\u00fan trato de levantarme? Vaso irrompible cuando el mismo vaso se ha roto varias veces\u201d Jorge Oteiza &nbsp; La vida es muy perra con demasiada frecuencia y negarlo es vivir fuera de ella. Se empe\u00f1a en &hellip; <a href=\"https:\/\/blogs.noticiasdenavarra.com\/estonoesunblog\/2015\/02\/13\/muy-poca-cosa-el-arte-como-forma-de-vida\/\" class=\"more-link\">Sigue leyendo <span class=\"screen-reader-text\">&#8216;MUY POCA COSA&#8217; EL ARTE COMO FORMA DE VIDA<\/span><\/a><\/p>\n","protected":false},"author":83,"featured_media":0,"comment_status":"open","ping_status":"open","sticky":false,"template":"","format":"standard","meta":{"footnotes":""},"categories":[4],"tags":[3520,3533,3532,3534,3535,3531],"class_list":["post-161","post","type-post","status-publish","format-standard","hentry","category-sin-categoria","tag-arte","tag-arteterapia","tag-danza","tag-inclusionsocial","tag-museo","tag-pintura"],"_links":{"self":[{"href":"https:\/\/blogs.noticiasdenavarra.com\/estonoesunblog\/wp-json\/wp\/v2\/posts\/161","targetHints":{"allow":["GET"]}}],"collection":[{"href":"https:\/\/blogs.noticiasdenavarra.com\/estonoesunblog\/wp-json\/wp\/v2\/posts"}],"about":[{"href":"https:\/\/blogs.noticiasdenavarra.com\/estonoesunblog\/wp-json\/wp\/v2\/types\/post"}],"author":[{"embeddable":true,"href":"https:\/\/blogs.noticiasdenavarra.com\/estonoesunblog\/wp-json\/wp\/v2\/users\/83"}],"replies":[{"embeddable":true,"href":"https:\/\/blogs.noticiasdenavarra.com\/estonoesunblog\/wp-json\/wp\/v2\/comments?post=161"}],"version-history":[{"count":3,"href":"https:\/\/blogs.noticiasdenavarra.com\/estonoesunblog\/wp-json\/wp\/v2\/posts\/161\/revisions"}],"predecessor-version":[{"id":173,"href":"https:\/\/blogs.noticiasdenavarra.com\/estonoesunblog\/wp-json\/wp\/v2\/posts\/161\/revisions\/173"}],"wp:attachment":[{"href":"https:\/\/blogs.noticiasdenavarra.com\/estonoesunblog\/wp-json\/wp\/v2\/media?parent=161"}],"wp:term":[{"taxonomy":"category","embeddable":true,"href":"https:\/\/blogs.noticiasdenavarra.com\/estonoesunblog\/wp-json\/wp\/v2\/categories?post=161"},{"taxonomy":"post_tag","embeddable":true,"href":"https:\/\/blogs.noticiasdenavarra.com\/estonoesunblog\/wp-json\/wp\/v2\/tags?post=161"}],"curies":[{"name":"wp","href":"https:\/\/api.w.org\/{rel}","templated":true}]}}