{"id":156,"date":"2015-02-06T12:30:40","date_gmt":"2015-02-06T11:30:40","guid":{"rendered":"http:\/\/blogs.noticiasdenavarra.com\/estonoesunblog\/?p=156"},"modified":"2015-02-06T12:30:40","modified_gmt":"2015-02-06T11:30:40","slug":"yo-tambien-trabajo-en-tu-museo","status":"publish","type":"post","link":"https:\/\/blogs.noticiasdenavarra.com\/estonoesunblog\/2015\/02\/06\/yo-tambien-trabajo-en-tu-museo\/","title":{"rendered":"YO TAMBI\u00c9N TRABAJO EN TU MUSEO"},"content":{"rendered":"<p>&nbsp;<\/p>\n<p>La\u00a0 semana pasada el Centro-Museo de Arte Contempor\u00e1neo, Artium, inauguraba una interesante muestra del artista navarro afincado en Valencia Ferm\u00edn Jim\u00e9nez Landa. La exposici\u00f3n, que podr\u00e1 verse en el museo hasta el pr\u00f3ximo 30 de mayo, lleva por t\u00edtulo \u2018Turno de noche\u2019. En ella podemos encontrar una decena de obras que observan el mundo seg\u00fan palabras de su autor \u201cdesde un punto de vista equidistante entre lo absurdo y lo sensato, lo familiar y lo iconoclasta, lo emp\u00edrico y lo inverificable\u00bb. Y precisamente de inverificable podr\u00edamos definir la pieza que da nombre a la muestra.<\/p>\n<figure id=\"attachment_157\" aria-describedby=\"caption-attachment-157\" style=\"width: 331px\" class=\"wp-caption alignleft\"><a href=\"http:\/\/blogs.noticiasdenavarra.com\/estonoesunblog\/files\/2015\/02\/turno-de-noche.png\"><img loading=\"lazy\" decoding=\"async\" class=\" wp-image-157\" src=\"http:\/\/blogs.noticiasdenavarra.com\/estonoesunblog\/files\/2015\/02\/turno-de-noche.png\" alt=\"'Turno de noche', instalaci\u00f3n de Ferm\u00edn Jim\u00e9nez en Artium.\" width=\"331\" height=\"248\" \/><\/a><figcaption id=\"caption-attachment-157\" class=\"wp-caption-text\">&#8216;Turno de noche&#8217;, instalaci\u00f3n de Ferm\u00edn Jim\u00e9nez en Artium.<\/figcaption><\/figure>\n<p>\u00b4Turno de noche\u2019 presenta una instalaci\u00f3n compuesta por decenas de estrellas blancas que han sido pegadas al techo de la sala Norte y que se activan \u00fanicamente en la oscuridad. No cre\u00e1is que, como ocurre en muchas ocasiones, la sala se mantiene a oscuras para que el espectador pueda observar la obra en todo momento sino que curiosamente tan s\u00f3lo las personas que tengan acceso al centro en los momentos en que se apaguen las luces del mismo podr\u00e1n descubrirla. Efectivamente, tan s\u00f3lo el personal t\u00e9cnico, de limpieza y de seguridad la disfrutar\u00e1.<\/p>\n<p>La propuesta resulta muy sugerente ya que deja fuera de juego al visitante del museo pero permite que trabajadores, invisibles en la mayor parte de ocasiones a los ojos de todos, entren a jugar la partida de la experimentaci\u00f3n art\u00edstica. Cu\u00e1ntas veces, y cada vez m\u00e1s, hablamos de la sociabilizaci\u00f3n del museo. Se nos llena la boca explicando lo importante que es romper las barreras f\u00edsicas del mismo y salir a la calle a desarrollar proyectos con distintos colectivos. Todo eso est\u00e1 muy bien. Es necesario. Y m\u00e1s a\u00fan, en estos momentos lo considero una obligaci\u00f3n pol\u00edtica y social porque el museo es de todos, incluso de los que no pueden acercarse hasta \u00e9l. Sin embargo, en este proceso de democratizaci\u00f3n del arte y del uso y disfrute del museo como bien de todos siempre olvidamos al personal auxiliar del mismo. A ese que est\u00e1 a la sombra y que no vemos, porque no miramos, pero que \u00a0hace que todo funcione con normalidad.<\/p>\n<p>El pasado domingo, aprovechando mi estancia en Madrid, decid\u00ed visitar las muestras temporales del Museo Nacional de Arte Reina Sof\u00eda. Al entrar en la primera sala pregunt\u00e9, por pura educaci\u00f3n, si pod\u00eda sacar fotos de alguna pieza con el m\u00f3vil. La auxiliar de sala me contesto de mala manera y sin apenas mirarme a la cara. Su actitud no s\u00f3lo me molest\u00f3 sino que hizo que empezase la visita con mala gana.<\/p>\n<p>No obstante, pasado ya un tiempo y m\u00e1s calmada me puse a observar el rostro de esas mujeres y hombres que custodian las obras y no encontr\u00e9 en su mirada a gente prepotente, maleducada o desagradable sino a gente triste, hastiada y sencillamente desmoralizada. Sentados en una silla (sin ni siquiera un libro o revista en la mano porque entiendo que lo tienen prohibido) algunos observaban el horizonte, otros caminaban con la cabeza baja observ\u00e1ndose los zapatos y algunos dormitaban. Supongo que estar\u00e9is pensando: \u201cBueno, es lo que tienen los trabajos mon\u00f3tonos y alienantes\u201d. Estoy de acuerdo pero creo tambi\u00e9n que por encima del evidente factor del aburrimiento y la desmotivaci\u00f3n existe otro hecho en el que nunca pensamos y es que el personal auxiliar del museo no se siente parte del mismo.<\/p>\n<p>Desde este escenario me ven\u00eda a la cabeza la obra de Ferm\u00edn Jim\u00e9nez que os describ\u00eda al inicio de este texto. Una oportunidad de ofrecer a ese personal cuasi invisible una experiencia \u00fanica que le haga sentirse especial y en parte tambi\u00e9n espectador. Que le haga sentir que tiene voz y mirada. No importa que la relaci\u00f3n laboral que vincula a estos trabajadores con el museo tenga car\u00e1cter funcionarial o sean trabajadores contratados desde un servicio externalizado, desde el momento en que cruzan las puertas del mismo son parte directa del museo.<\/p>\n<p>Poca o ninguna capacidad tenemos los t\u00e9cnicos de las instituciones, los artistas o los comisarios de mejorar econ\u00f3mica y laboralmente sus condiciones pero en nuestras manos est\u00e1 la posibilidad de mejorar su estado an\u00edmico y activar en ellos la motivaci\u00f3n. Si todos los que trabajamos en el mundo del arte tenemos claro que este tiene la capacidad de transformarnos, de hacernos sentir mejor e incluso de ayudarnos a crecer desde las preguntas y reflexiones que genera en nosotros, \u00bfpor qu\u00e9 negamos esa posibilidad a este tipo de trabajadoras y trabajadores?<\/p>\n<p>Las opciones pueden ser muchas y diversas. Algunas m\u00e1s costosas y complejas y otras que s\u00f3lo requieren de buena voluntad. La primera, la hemos visto hoy con la propuesta art\u00edstica de Jim\u00e9nez pero debemos ir m\u00e1s all\u00e1. Organizar visitas internas para explicar las muestras al personal de seguridad, limpieza, mantenimiento, etc. Organizar en momentos puntuales talleres familiares para relacionarnos socialmente y no s\u00f3lo laboralmente. Regalar invitaciones para que puedan disfrutar del museo con su entorno cercano fuera del horario de trabajo. Facilitarles cat\u00e1logos y material sobre las obras para que puedan leer sobre ellas y comprenderlas mejor. En fin, hacerles sentir que ese tambi\u00e9n es su museo.<\/p>\n<p>Todas estas opciones deben ser libres y voluntarias pero estoy segura de que muchas y muchos de esos trabajadores se sentir\u00e1n agradecidos por ello y les ayudar\u00e1 a que las horas no se hagan tan largas. Seguir\u00e1n realizando un trabajo duro, mon\u00f3tono, pesado y aburrido con el que apenas llegan a fin de mes pero de vez en cuando sentir\u00e1n que ese museo es tambi\u00e9n un poco suyo e inconscientemente sonreir\u00e1n\u00a0 m\u00e1s. La verdad, creo que se lo debemos al menos por no gritarnos a la cara y desde el enfado: <strong>\u201cPerdona, pero yo tambi\u00e9n trabajo en TU museo.\u201d<\/strong><\/p>\n<p><em><strong>*@aitziberurtasun<\/strong><\/em><\/p>\n","protected":false},"excerpt":{"rendered":"<p>&nbsp; La\u00a0 semana pasada el Centro-Museo de Arte Contempor\u00e1neo, Artium, inauguraba una interesante muestra del artista navarro afincado en Valencia Ferm\u00edn Jim\u00e9nez Landa. La exposici\u00f3n, que podr\u00e1 verse en el museo hasta el pr\u00f3ximo 30 de mayo, lleva por t\u00edtulo \u2018Turno de noche\u2019. En ella podemos encontrar una decena de obras que observan el mundo &hellip; <a href=\"https:\/\/blogs.noticiasdenavarra.com\/estonoesunblog\/2015\/02\/06\/yo-tambien-trabajo-en-tu-museo\/\" class=\"more-link\">Sigue leyendo <span class=\"screen-reader-text\">YO TAMBI\u00c9N TRABAJO EN TU MUSEO<\/span><\/a><\/p>\n","protected":false},"author":83,"featured_media":0,"comment_status":"open","ping_status":"open","sticky":false,"template":"","format":"standard","meta":{"footnotes":""},"categories":[4],"tags":[],"class_list":["post-156","post","type-post","status-publish","format-standard","hentry","category-sin-categoria"],"_links":{"self":[{"href":"https:\/\/blogs.noticiasdenavarra.com\/estonoesunblog\/wp-json\/wp\/v2\/posts\/156","targetHints":{"allow":["GET"]}}],"collection":[{"href":"https:\/\/blogs.noticiasdenavarra.com\/estonoesunblog\/wp-json\/wp\/v2\/posts"}],"about":[{"href":"https:\/\/blogs.noticiasdenavarra.com\/estonoesunblog\/wp-json\/wp\/v2\/types\/post"}],"author":[{"embeddable":true,"href":"https:\/\/blogs.noticiasdenavarra.com\/estonoesunblog\/wp-json\/wp\/v2\/users\/83"}],"replies":[{"embeddable":true,"href":"https:\/\/blogs.noticiasdenavarra.com\/estonoesunblog\/wp-json\/wp\/v2\/comments?post=156"}],"version-history":[{"count":2,"href":"https:\/\/blogs.noticiasdenavarra.com\/estonoesunblog\/wp-json\/wp\/v2\/posts\/156\/revisions"}],"predecessor-version":[{"id":159,"href":"https:\/\/blogs.noticiasdenavarra.com\/estonoesunblog\/wp-json\/wp\/v2\/posts\/156\/revisions\/159"}],"wp:attachment":[{"href":"https:\/\/blogs.noticiasdenavarra.com\/estonoesunblog\/wp-json\/wp\/v2\/media?parent=156"}],"wp:term":[{"taxonomy":"category","embeddable":true,"href":"https:\/\/blogs.noticiasdenavarra.com\/estonoesunblog\/wp-json\/wp\/v2\/categories?post=156"},{"taxonomy":"post_tag","embeddable":true,"href":"https:\/\/blogs.noticiasdenavarra.com\/estonoesunblog\/wp-json\/wp\/v2\/tags?post=156"}],"curies":[{"name":"wp","href":"https:\/\/api.w.org\/{rel}","templated":true}]}}