{"id":7,"date":"2008-09-08T08:31:50","date_gmt":"2008-09-08T08:31:50","guid":{"rendered":""},"modified":"-0001-11-30T00:00:00","modified_gmt":"-0001-11-29T23:00:00","slug":"agradecimientos-y-respuestas","status":"publish","type":"post","link":"https:\/\/blogs.noticiasdenavarra.com\/en-torno-al-psicoanalisis\/2008\/09\/08\/agradecimientos-y-respuestas\/","title":{"rendered":"Agradecimientos y respuestas"},"content":{"rendered":"<p>En primer lugar gracias a MARCO por su bienvenida. Tambi\u00e9n quiero agradecer a TEMBLOR  su inter\u00e9s al plantear preguntas que pueden interesar, no solamente a el, ya que son cuestiones que se hacen con frecuencia aquellos que van a iniciar el trabajo de un psicoan\u00e1lisis.  <\/p>\n<p>      Las primeras preguntas recibidas  que plantea TEMBLOR son quiz\u00e1 demasiadas para contestarlas de una vez.  Veamos un par de ellas \u201c\u00bfQu\u00e9 podemos esperar del psicoan\u00e1lisis para estar mejor?\u201d \u201c\u00bfEs verdad que dura tanto?\u201d <\/p>\n<p>       Los significantes con los que fuimos nombrados quedaron grabados en nuestro cuerpo y nos producen efectos. Las m\u00e1s de las veces est\u00e1n impl\u00edcitos en nuestro hacer diario. Los escenificamos sin darnos cuenta. Otras veces los consideramos como nuestro car\u00e1cter, nuestro \u201cmodo se ser\u201d Pero siempre nos producen efectos, efectos de afecto, por Ej, el afecto de la angustia. <\/p>\n<p>       Podemos esperar poner esos significantes en palabras, esclarecerlos, aislarlos, y con ello tomar una cierta distancia. Pongamos un ejemplo un poco facil\u00f3n pero que nos sirva para entendernos. Un chico presenta un gran sufrimiento, tiene ataques de ansiedad cuando los compa\u00f1eros se marchan y se queda solo\u2026..al ir describiendo su conducta se va perfilando c\u00f3mo \u00e9l siempre est\u00e1 haciendo bromas, que caen bien\u2026.pero con m\u00e1s tiempo se va perfilando tambi\u00e9n c\u00f3mo tiene una compulsi\u00f3n a ello, no puede parar de hacer bromas\u2026 y c\u00f3mo cuando le ofenden tambi\u00e9n utiliza la broma para responder\u2026..Vemos que el significante que lo identifica y al que llamaremos S1, es: \u201cSoy bromista\u201d \u2026.Podemos esperar de un an\u00e1lisis que deje de estar aplastado bajo ese significante y pueda llegar a nombrarse como \u201cSoy bromista, pero algunas veces no estoy para bromas\u201d\u2026. Algo de lo que  marc\u00f3 nuestro ser,  siempre  va a quedar. Pero no olvidemos  en el animal humano, el ser  es falta-en-ser. Eso permitir\u00e1 estar mejor sin duda alguna.<\/p>\n<p>       La duraci\u00f3n es imprevisible. Hoy en la Asociaci\u00f3n Mundial de Psicoan\u00e1lisis se habla de ciclos. Cuando alguien se encuentra bien y no quiere continuar podr\u00edamos decir que ha realizado un ciclo. Puede bastarle para toda la vida, o no.  No es lo mismo para alguien que trabaja de analista. En ese caso debe llevar su an\u00e1lisis hasta el final.<\/p>\n","protected":false},"excerpt":{"rendered":"<p>En primer lugar gracias a MARCO por su bienvenida. Tambi\u00e9n quiero agradecer a TEMBLOR su inter\u00e9s al plantear preguntas que pueden interesar, no solamente a el, ya que son cuestiones que se hacen con frecuencia aquellos que van a iniciar el trabajo de un psicoan\u00e1lisis. Las primeras preguntas recibidas que plantea TEMBLOR son quiz\u00e1 demasiadas &hellip; <a href=\"https:\/\/blogs.noticiasdenavarra.com\/en-torno-al-psicoanalisis\/2008\/09\/08\/agradecimientos-y-respuestas\/\" class=\"more-link\">Sigue leyendo <span class=\"screen-reader-text\">Agradecimientos y respuestas<\/span><\/a><\/p>\n","protected":false},"author":20,"featured_media":0,"comment_status":"open","ping_status":"open","sticky":false,"template":"","format":"standard","meta":{"footnotes":""},"categories":[],"tags":[],"class_list":["post-7","post","type-post","status-publish","format-standard","hentry"],"_links":{"self":[{"href":"https:\/\/blogs.noticiasdenavarra.com\/en-torno-al-psicoanalisis\/wp-json\/wp\/v2\/posts\/7","targetHints":{"allow":["GET"]}}],"collection":[{"href":"https:\/\/blogs.noticiasdenavarra.com\/en-torno-al-psicoanalisis\/wp-json\/wp\/v2\/posts"}],"about":[{"href":"https:\/\/blogs.noticiasdenavarra.com\/en-torno-al-psicoanalisis\/wp-json\/wp\/v2\/types\/post"}],"author":[{"embeddable":true,"href":"https:\/\/blogs.noticiasdenavarra.com\/en-torno-al-psicoanalisis\/wp-json\/wp\/v2\/users\/20"}],"replies":[{"embeddable":true,"href":"https:\/\/blogs.noticiasdenavarra.com\/en-torno-al-psicoanalisis\/wp-json\/wp\/v2\/comments?post=7"}],"version-history":[{"count":0,"href":"https:\/\/blogs.noticiasdenavarra.com\/en-torno-al-psicoanalisis\/wp-json\/wp\/v2\/posts\/7\/revisions"}],"wp:attachment":[{"href":"https:\/\/blogs.noticiasdenavarra.com\/en-torno-al-psicoanalisis\/wp-json\/wp\/v2\/media?parent=7"}],"wp:term":[{"taxonomy":"category","embeddable":true,"href":"https:\/\/blogs.noticiasdenavarra.com\/en-torno-al-psicoanalisis\/wp-json\/wp\/v2\/categories?post=7"},{"taxonomy":"post_tag","embeddable":true,"href":"https:\/\/blogs.noticiasdenavarra.com\/en-torno-al-psicoanalisis\/wp-json\/wp\/v2\/tags?post=7"}],"curies":[{"name":"wp","href":"https:\/\/api.w.org\/{rel}","templated":true}]}}