{"id":63,"date":"2009-09-23T15:56:24","date_gmt":"2009-09-23T15:56:24","guid":{"rendered":""},"modified":"-0001-11-30T00:00:00","modified_gmt":"-0001-11-29T23:00:00","slug":"a-favor-de-la-subjetividad-reflexiones","status":"publish","type":"post","link":"https:\/\/blogs.noticiasdenavarra.com\/en-torno-al-psicoanalisis\/2009\/09\/23\/a-favor-de-la-subjetividad-reflexiones\/","title":{"rendered":"A  FAVOR  DE  LA  SUBJETIVIDAD_REFLEXIONES"},"content":{"rendered":"<p><strong>A  FAVOR  DE  LA  SUBJETIVIDAD<\/strong><\/p>\n<p>El d\u00eda 3 de Octubre, en Barcelona, tendr\u00e1 lugar presentaci\u00f3n de  la PLATAFORMA  PSICOANALISIS SIGLO XXI. Publicamos para Vds. el escrito anunciador de  la convocatoria.<\/p>\n<p>Desde su origen el psicoan\u00e1lisis ha estado atento a los avatares de cada \u00e9poca y a las formas sintom\u00e1ticas que toma el sufrimiento en cada una de ellas. El psicoan\u00e1lisis ha privilegiado  siempre la defensa de la subjetividad como algo irrenunciable, por tratarse de lo m\u00e1s valioso del ser humano con sus paradojas y sus contradicciones.<\/p>\n<p>Su pr\u00e1ctica y su teor\u00eda se han ido desarrollando a lo largo de m\u00e1s de cien a\u00f1os y han sido la base de formaci\u00f3n de muchas generaciones de profesionales; psicoanalistas, psic\u00f3logos y psiquiatras, sin olvidar la funci\u00f3n clave que ha tenido en la formaci\u00f3n complementaria de todos aquellos que hacen de su trabajo profesional una relaci\u00f3n asistencial como m\u00e9dicos, enfermeras, educadores, trabajadores sociales y maestros.<br \/>\nAdem\u00e1s de las conexiones del psicoan\u00e1lisis con el arte que  han sido constantes. <\/p>\n<p>Las aplicaciones terap\u00e9uticas del psicoan\u00e1lisis han permitido que hoy est\u00e9 presente en muchas instituciones p\u00fablicas y privadas<\/p>\n<p>No obstante, actualmente, desde fuertes prejuicios ideol\u00f3gicos sin rigor y con un amplio desconocimiento del alcance del m\u00e9todo y de la teor\u00eda psicoanal\u00edtica, se cuestiona su vigencia como pr\u00e1ctica anal\u00edtica en este siglo XXI.  Se pretende su desaparici\u00f3n de las instituciones p\u00fablicas y privadas. Dichos prejuicios no son ajenos a las servidumbres que esos grupos de opini\u00f3n tienen respecto a intereses econ\u00f3micos diversos.<\/p>\n<p>En el momento actual asistimos al devenir de una cl\u00ednica cada vez menos dialogante, m\u00e1s indiferente a las manifestaciones del padecimiento ps\u00edquico, aferrada a protocolos y abusos de medicaci\u00f3n <\/p>\n<p>Por ello:<\/p>\n<p>Manifestamos la defensa de un modelo asistencial donde la palabra sea un valor a promover y donde cada persona sea considerada en su particularidad. La defensa de la subjetividad implica la confianza en las invenciones y recursos que en cada persona se ponen en juego para tratar lo que en cada uno se revela como insoportable y extra\u00f1o, aunque sea lo m\u00e1s familiar. Confiar en el sujeto es confiar en su capacidad de elaborar respuestas a su malestar.<\/p>\n<p>Manifestamos nuestra repulsa al pensamiento y la pol\u00edtica imperante que hacen de la seguridad un metavalor con desprecio de las libertades y los  derechos. Con el pretexto de las buenas intenciones reducen al sujeto a un c\u00e1lculo de su rendimiento y que debe de ser adiestrado con t\u00e9cnicas imperativas asimilables a la domesticaci\u00f3n<\/p>\n<p>Manifestamos nuestro compromiso para contribuir al fortalecimiento de la inteligencia reflexiva, profunda y plural, dentro de la cual tenga cabida la visi\u00f3n, que desde   la observaci\u00f3n sicoanal\u00edtica, se puede aportar como teor\u00eda en si misma y como pr\u00e1ctica que tiene, como centro atenci\u00f3n, al sujeto. <\/p>\n<p>Esta plataforma se ofrece como un espacio abierto a todos aquellos que rechazan la reducci\u00f3n  actual del sujeto a un n\u00famero, a un informe, o a un funcionamiento programado y cosificado.<\/p>\n<p>Esta plataforma nace con la voluntad de ser un punto de encuentro y de intercambio entre profesionales,  artistas, escritores, responsables pol\u00edticos y ciudadanos de toda condici\u00f3n, para compartir y aportar reflexiones sobre las diversas formas contempor\u00e1neas del malestar en la civilizaci\u00f3n, y sobre las respuestas posibles<\/p>\n<p>Pueden mandar sus firmas de adhesi\u00f3n a: psicoanalisissigloxxi@gmail.com y a dialogosblog@terra.es <\/p>\n<p><strong>REFLEXIONES<\/strong><\/p>\n<p>Este manifiesto nos da una buena oportunidad para hacer algunas reflexiones  sobre la finalidad de este blog,  sobre su andadura, y sus posibles ampliaciones.<\/p>\n<p>Tambi\u00e9n es la ocasi\u00f3n de retomar una  de las  preguntas  planteadas  sobre  si  este blog podr\u00eda servir de puerta de acceso al \u00e1mbito de la ELP.  <\/p>\n<p>A poco m\u00e1s de un a\u00f1o de su publicaci\u00f3n el n\u00famero de lecturas que ha alcanzado es una grata  y esperanzadora sorpresa. Si bien es verdad que el nivel de participaci\u00f3n es reducido. <\/p>\n<p>Puesto que el blog se encuentra inserto en los blog del Diario de Noticias de Navarra  nos permitimos suponer que la mayor\u00eda de sus lecturas ser\u00e1n hechas por gentes de Navarra. Tambi\u00e9n deducimos que, dado que su lectura no es f\u00e1cil, quien lo lee tiene el suficiente  inter\u00e9s en el psicoan\u00e1lisis o al menos en  \u201cla inteligencia reflexiva\u201d como para hacer el esfuerzo de seguir los art\u00edculos. <\/p>\n<p>El psicoan\u00e1lisis  nos pide \u201cun esfuerzo m\u00e1s\u201d  del mismo modo que en la cura psicoanal\u00edtica, un esfuerzo m\u00e1s para hablar, un esfuerzo m\u00e1s para seguir. En este caso un esfuerzo m\u00e1s para hacer de este blog algo vivo, algo con la viveza suficiente para hacerse notar en la ciudad. <\/p>\n<p>Podemos hacerlo  a trav\u00e9s del env\u00edo de firmas de adhesi\u00f3n al manifiesto, por supuesto que si. Pero  tambi\u00e9n podemos hacerlo  haciendo de este blog una plataforma de sus opiniones, sus ideas, sus experiencias, sus reflexiones. Este nivel de participaci\u00f3n no afecta solamente a los que habitan en Navarra<\/p>\n<p>Nos gustar\u00eda tambi\u00e9n ir m\u00e1s lejos y poder hacer algo m\u00e1s  personal, alguna actividad dirigida a personas interesadas en  formarse en psicoan\u00e1lisis. En ese sentido, que pudiera servir de puerta de entrada al \u00e1mbito de la ELP. <\/p>\n<p>\u201cSalvemos la cl\u00ednica\u201d es la frase de Miller  que nos anima a no dejarnos anonadar por la fuerza del neurocognitivismo y de sus ide\u00f3logos. Para ello debemos esforzarnos.<br \/>\nNecesitamos pues, de vuestra colaboraci\u00f3n a todos los niveles. Escribirnos a la direcci\u00f3n \u2026.dialogosblog@terra.es\u2026Tambi\u00e9n pod\u00e9is hacerlo al propio blog ,  siguiendo las instrucciones correspondientes. <\/p>\n<p>Un esfuerzo m\u00e1s\u2026.para seguir marchando<\/p>\n","protected":false},"excerpt":{"rendered":"<p>A FAVOR DE LA SUBJETIVIDAD El d\u00eda 3 de Octubre, en Barcelona, tendr\u00e1 lugar presentaci\u00f3n de la PLATAFORMA PSICOANALISIS SIGLO XXI. Publicamos para Vds. el escrito anunciador de la convocatoria. Desde su origen el psicoan\u00e1lisis ha estado atento a los avatares de cada \u00e9poca y a las formas sintom\u00e1ticas que toma el sufrimiento en cada &hellip; <a href=\"https:\/\/blogs.noticiasdenavarra.com\/en-torno-al-psicoanalisis\/2009\/09\/23\/a-favor-de-la-subjetividad-reflexiones\/\" class=\"more-link\">Sigue leyendo <span class=\"screen-reader-text\">A  FAVOR  DE  LA  SUBJETIVIDAD_REFLEXIONES<\/span><\/a><\/p>\n","protected":false},"author":20,"featured_media":0,"comment_status":"open","ping_status":"open","sticky":false,"template":"","format":"standard","meta":{"footnotes":""},"categories":[],"tags":[],"class_list":["post-63","post","type-post","status-publish","format-standard","hentry"],"_links":{"self":[{"href":"https:\/\/blogs.noticiasdenavarra.com\/en-torno-al-psicoanalisis\/wp-json\/wp\/v2\/posts\/63","targetHints":{"allow":["GET"]}}],"collection":[{"href":"https:\/\/blogs.noticiasdenavarra.com\/en-torno-al-psicoanalisis\/wp-json\/wp\/v2\/posts"}],"about":[{"href":"https:\/\/blogs.noticiasdenavarra.com\/en-torno-al-psicoanalisis\/wp-json\/wp\/v2\/types\/post"}],"author":[{"embeddable":true,"href":"https:\/\/blogs.noticiasdenavarra.com\/en-torno-al-psicoanalisis\/wp-json\/wp\/v2\/users\/20"}],"replies":[{"embeddable":true,"href":"https:\/\/blogs.noticiasdenavarra.com\/en-torno-al-psicoanalisis\/wp-json\/wp\/v2\/comments?post=63"}],"version-history":[{"count":0,"href":"https:\/\/blogs.noticiasdenavarra.com\/en-torno-al-psicoanalisis\/wp-json\/wp\/v2\/posts\/63\/revisions"}],"wp:attachment":[{"href":"https:\/\/blogs.noticiasdenavarra.com\/en-torno-al-psicoanalisis\/wp-json\/wp\/v2\/media?parent=63"}],"wp:term":[{"taxonomy":"category","embeddable":true,"href":"https:\/\/blogs.noticiasdenavarra.com\/en-torno-al-psicoanalisis\/wp-json\/wp\/v2\/categories?post=63"},{"taxonomy":"post_tag","embeddable":true,"href":"https:\/\/blogs.noticiasdenavarra.com\/en-torno-al-psicoanalisis\/wp-json\/wp\/v2\/tags?post=63"}],"curies":[{"name":"wp","href":"https:\/\/api.w.org\/{rel}","templated":true}]}}