{"id":60,"date":"2009-07-13T09:03:57","date_gmt":"2009-07-13T09:03:57","guid":{"rendered":""},"modified":"-0001-11-30T00:00:00","modified_gmt":"-0001-11-29T23:00:00","slug":"afectosemocionessensaciones","status":"publish","type":"post","link":"https:\/\/blogs.noticiasdenavarra.com\/en-torno-al-psicoanalisis\/2009\/07\/13\/afectosemocionessensaciones\/","title":{"rendered":"AFECTOS\u2026EMOCIONES\u2026SENSACIONES"},"content":{"rendered":"<p>-Pero quiz\u00e1 las personas somos algo m\u00e1s que palabras encarnadas&#8230;.. el olor, el sexo, la risa y el llanto, la mirada, la m\u00fasica, el calor \u00bfPodr\u00eda hablarnos de ello? * <\/p>\n<p>Las cuestiones que Ud plantea  fueron objeciones que se le hicieron a Lacan en algunos momentos. Sobre todo, al Lacan de los Seminarios IV y V, al Lacan del significante. En estos momentos, gracias a J.M. Miller y algunos otros, tenemos una mejor panor\u00e1mica de su ense\u00f1anza. Tambi\u00e9n podemos estudiar  el \u201cpara quien\u201d hablaba en cada momento, y eso, nos permite contextualizar c\u00f3mo muchas de sus tesis primeras, eran  dirigidas a introducir, entre sus compa\u00f1eros de la I.P.A., nuevos puntos de vista.  <\/p>\n<p><em>La tesis de la primac\u00eda del significante,<\/em> pudo, durante alg\u00fan tiempo, dar la impresi\u00f3n de  que dejaba los afectos sin considerar. Pero pronto pas\u00f3 a hablar del significado como de una cadena pulsional a la que el significante impon\u00eda su primac\u00eda, dicho de otro modo, a la que el significante regulaba.  Durante un tiempo,  consider\u00f3 que era posible significantizar toda la pulsi\u00f3n en el curso de un an\u00e1lisis. En el transcurso de esos mismos an\u00e1lisis, y en su propia investigaci\u00f3n, se  le fue mostrando que hay un resto insignificantizable. A ese resto, lo nombr\u00f3 de diversos modos. Es lo que, al final, denomin\u00f3 el <em>s\u00edntoma<\/em>;  \u201c<em>un s\u00edntoma pasado por la experiencia anal\u00edtica\u201d<\/em>, pasado  por <em>la m\u00e1quina significante que es un an\u00e1lisis<\/em>.  Sinthoma con el cada cual tiene que poder hacer algo. <\/p>\n<p>Voy a tratar de responder a su pregunta:<\/p>\n<p>El hecho de que el sujeto humano sea, al mismo tiempo, el estudioso y el objeto a estudiar, implica serias dificultades a la hora de objetivar el estudio de nuestro aparato ps\u00edquico. Tenemos que  tener en cuenta, que cuando podemos pensar, es porque ya nuestro psiquismo est\u00e1 estructurado, es decir, que ya ha habido un ordenamiento de ese<em> impulso vital<\/em> del que debemos suponer que estaba al principio \u201cen bruto\u201d.  Podr\u00edamos llamarlo <em>\u201cuna energ\u00eda o excitaci\u00f3n que se descargar\u00eda en espasmos o en alaridos\u201d<br \/>\n<\/em><br \/>\n\u00bfDe qu\u00e9 disponemos como prueba para apoyar esta tesis? Tendr\u00edamos las psicosis infantiles muy graves, tambi\u00e9n, algunos cuadros infantiles de autismos y ciertos momentos de las psicosis mayores, ya muy deterioradas. Tambi\u00e9n, los sujetos que han  pasado por experiencias extremas de terror u otras sensaciones y a los que se les desestructur\u00f3 el psiquismo, de tal modo, que solo pueden hacer movimientos  y-o  dar aullidos.<\/p>\n<p><em>Freud llam\u00f3 pulsi\u00f3n a esa energ\u00eda vital,<\/em> y nos explic\u00f3, que para poder dar un largo paseo por la vida, esa excitaci\u00f3n tiene que poder convertirse en parcialidades. Y eso s\u00f3lo puede hacerse pasando por un proceso. Proceso, que solo se puede llevar a cabo con el cincel  de las palabras, palabras que provienen del Otro y que permiten, que vayamos distinguiendo y ordenando la pulsi\u00f3n en sensaciones.<\/p>\n<p>\u00bfC\u00f3mo se despliega en el tiempo- cuando no hay interferencias- ese proceso? Primero, concentr\u00e1ndose en ciertas zonas del cuerpo, luego, dirigi\u00e9ndose a la imagen  del yo, y m\u00e1s tarde, pudiendo dirigirse a los otros, a los que llamaremos objetos. <\/p>\n<p>Si podemos distinguir entre olor, sexo, risa, llanto, mirada, m\u00fasica, calor, es porque son reto\u00f1os de la pulsi\u00f3n. O dicho de otra manera, elaboraciones hechas con el material pulsional, <em>\u201clabrado\u201d  por las palabras. <\/em><\/p>\n<p> Las palabras son como cinceles que hacen del organismo un cuerpo. Un cuerpo  pulsional si, pero tambi\u00e9n un cuerpo capaz de sublimar y de convertir el alarido en m\u00fasica. Sin palabras no habr\u00eda m\u00fasica. <\/p>\n<p>Un cuerpo pulsional, pero que es capaz de mirar,  de estudiar lo mirado, y de sujetar  convenientemente  la gana de agarrar lo visto. Y lo mismo  lo olido, etc.<\/p>\n<p>La pulsi\u00f3n, para llegar a ser sexual, ha tenido que sufrir diversas canalizaciones, primero en el propio cuerpo, para llegar a ser genital, al menos en parte. Despu\u00e9s,  para pasar  a necesitar un partener con quien satisfacerse. Las canalizaciones y las reconversiones que se tienen que realizar son evidentes. <\/p>\n<p> Nos viene bien, para entender esto, un verso que dice: \u201cGracias a la vida que me ha dado tanto, me he dado la risa y me ha dado el llanto. Con ellos distingo, dicha de quebranto los dos materiales que forman mi canto\u201d <\/p>\n<p>Es decir, que si placer y displacer pueden llegar a ser distinguidos es porque las sensaciones pueden ser  catalogadas, y los cat\u00e1logos solo son posibles con palabras.<em> Podr\u00edamos decir, que somos carne pulsional labrada por las palabras, por el significante.<\/em><\/p>\n<p>Tengamos  tambi\u00e9n en cuenta, que no  toda la pulsi\u00f3n es susceptible de ser \u201clabrada\u201d por el significante. Algo  queda por fuera. Ese resto con el que convivimos y que empuja siempre, a veces, por caminos dif\u00edciles. Un \u201ceso\u201d con lo que trabaja en ocasiones el artista,  pero que  tampoco  es ajeno al significante, pues si est\u00e1 en el \u201cfuera\u201d, es porque la palabra marc\u00f3 un \u201cdentro\u201d. El \u201ceso\u201d de cada uno, que en un an\u00e1lisis permite. El \u00abeso\u00bb de cada uno, que en un an\u00e1lisis podemos conseguir que no nos haga (trop de mal) demasiado da\u00f1o<\/p>\n<p>Vamos a decirlo en t\u00e9rminos m\u00e1s t\u00e9cnicos. Ya Freud hac\u00eda ecuaciones en referencia a los<em> objetos pulsionales, por ejplo: heces=dinero.<\/em> Lacan, en el Seminario XI, habla de los<em> objetos a <\/em> como<em> objetos pulsionales; pecho, heces, mirada, voz. <\/em>Y en el Seminario XVII plantea, que <em>objetos pulsionales son todos los objetos<\/em>, m\u00e1s o menos elaborados, <em>que el ser humano fabrica.<\/em><\/p>\n<p><em>Engloba, todos ellos, en lo que llama el objeto a.<\/em> Es decir, que si retomamos la noci\u00f3n de Discurso podr\u00edamos explicarlo as\u00ed: A la pulsi\u00f3n en bruto, sin organizar, viene a organizarla. Se forma entonces una cadena&#8230; S1-S2.   En ese proceso de organizaci\u00f3n se producen tres cosas: <em>un sujeto barrado<\/em>, sujeto al lenguaje, es decir, representado por un \u201cYo soy\u2026\u201d nuca completo, con  <em>una falta en ser<\/em>. Se produce  <em>una p\u00e9rdida del goce bruto \u2013goce Otro-<\/em> y tambi\u00e9n,<em> una recuperaci\u00f3n de goce \u201cdomesticado\u201d<\/em> al que representamos con la letra<strong> a<\/strong><\/p>\n<p>Retomemos el ejplo de \u201cSoy gracioso\u201dque us\u00e1bamos en uno de nuestros art\u00edculos. Tendr\u00edamos: <strong>S1= Soy gracioso<\/strong>, puesto en relaci\u00f3n con <strong>S2 (cuando, c\u00f3mo, etc.)<\/strong> Lo que dar\u00eda como resultado<strong> un Sujeto barrado<\/strong>  <strong>\u201cSoy  gracioso, pero a veces no estoy para bromas\u201d<\/strong> Tambi\u00e9n,  como resultado, se producir\u00edan unos efectos de goce, eso que llamamos el <strong>objeto a. Vamos a llamarlo su ser de goce.<\/strong><\/p>\n<p>  En este sujeto podemos <strong>aventurar que su objeto a  tiene que ver con la voz.  <\/strong>Su dicha y su quebranto, su risa y su llanto, tendr\u00e1n  mucho que ver con el equilibrio que consiga para no \u201chacer gracia a toda costa\u201d.<\/p>\n<p>Cuando eso sucede el <strong>S1 y el objeto a<\/strong> <em>se hacen equivalentes<\/em>,  borrando la falta en ser, pero convirtiendo a ese sujeto en un ser de goce, sujeto  sacrificado al goce.<\/p>\n<p><img src=http:\/\/www2.noticiasdenavarra.com\/comunidad\/foros\/weblogs\/upload\/24\/19055332954a5ad8f369147.jpg \/><\/p>\n<p> Espero haber esclarecido algo de lo que planteaba su pregunta<\/p>\n<p>* Pregunta  a T. M. 7 julio 2009<\/p>\n","protected":false},"excerpt":{"rendered":"<p>-Pero quiz\u00e1 las personas somos algo m\u00e1s que palabras encarnadas&#8230;.. el olor, el sexo, la risa y el llanto, la mirada, la m\u00fasica, el calor \u00bfPodr\u00eda hablarnos de ello? * Las cuestiones que Ud plantea fueron objeciones que se le hicieron a Lacan en algunos momentos. Sobre todo, al Lacan de los Seminarios IV y &hellip; <a href=\"https:\/\/blogs.noticiasdenavarra.com\/en-torno-al-psicoanalisis\/2009\/07\/13\/afectosemocionessensaciones\/\" class=\"more-link\">Sigue leyendo <span class=\"screen-reader-text\">AFECTOS\u2026EMOCIONES\u2026SENSACIONES<\/span><\/a><\/p>\n","protected":false},"author":20,"featured_media":0,"comment_status":"open","ping_status":"open","sticky":false,"template":"","format":"standard","meta":{"footnotes":""},"categories":[],"tags":[],"class_list":["post-60","post","type-post","status-publish","format-standard","hentry"],"_links":{"self":[{"href":"https:\/\/blogs.noticiasdenavarra.com\/en-torno-al-psicoanalisis\/wp-json\/wp\/v2\/posts\/60","targetHints":{"allow":["GET"]}}],"collection":[{"href":"https:\/\/blogs.noticiasdenavarra.com\/en-torno-al-psicoanalisis\/wp-json\/wp\/v2\/posts"}],"about":[{"href":"https:\/\/blogs.noticiasdenavarra.com\/en-torno-al-psicoanalisis\/wp-json\/wp\/v2\/types\/post"}],"author":[{"embeddable":true,"href":"https:\/\/blogs.noticiasdenavarra.com\/en-torno-al-psicoanalisis\/wp-json\/wp\/v2\/users\/20"}],"replies":[{"embeddable":true,"href":"https:\/\/blogs.noticiasdenavarra.com\/en-torno-al-psicoanalisis\/wp-json\/wp\/v2\/comments?post=60"}],"version-history":[{"count":0,"href":"https:\/\/blogs.noticiasdenavarra.com\/en-torno-al-psicoanalisis\/wp-json\/wp\/v2\/posts\/60\/revisions"}],"wp:attachment":[{"href":"https:\/\/blogs.noticiasdenavarra.com\/en-torno-al-psicoanalisis\/wp-json\/wp\/v2\/media?parent=60"}],"wp:term":[{"taxonomy":"category","embeddable":true,"href":"https:\/\/blogs.noticiasdenavarra.com\/en-torno-al-psicoanalisis\/wp-json\/wp\/v2\/categories?post=60"},{"taxonomy":"post_tag","embeddable":true,"href":"https:\/\/blogs.noticiasdenavarra.com\/en-torno-al-psicoanalisis\/wp-json\/wp\/v2\/tags?post=60"}],"curies":[{"name":"wp","href":"https:\/\/api.w.org\/{rel}","templated":true}]}}