{"id":6,"date":"2008-09-06T15:58:06","date_gmt":"2008-09-06T15:58:06","guid":{"rendered":""},"modified":"-0001-11-30T00:00:00","modified_gmt":"-0001-11-29T23:00:00","slug":"curso-de-psicoanlisis","status":"publish","type":"post","link":"https:\/\/blogs.noticiasdenavarra.com\/en-torno-al-psicoanalisis\/2008\/09\/06\/curso-de-psicoanlisis\/","title":{"rendered":"CURSO DE PSICOAN\u00c1LISIS"},"content":{"rendered":"<p><strong>El APARATO PS\u00cdQUICO I <\/strong> <\/p>\n<p>                                                 <strong> INTRODUCCI\u00d3N<\/strong><\/p>\n<p>En este momento en que tanto se habla de la neurociencia, la neurociencia  cognitivista, la cual trata de redefinir todo el pensamiento aportado por  las Humanidades de todos los tiempos, puede resultar interesante volver a repasar las ense\u00f1anzas freudianas sobre el aparato ps\u00edquico. Queremos analizar, comparar, y  dialogar para formarnos un criterio propio. Llamaremos en nuestra ayuda a  psicoanalistas lectores de la obra de Freud; como Jacques Lacan y Allain Miller. Tambi\u00e9n acudiremos a soci\u00f3logos, fil\u00f3sofos, periodistas, etc., y a cualquiera de Uds. que desee aportar  nuevos puntos de vista con sus preguntas y sus opiniones. Vamos a comenzar por estudiar la concepci\u00f3n freudiana de la memoria. Trataremos de no ser demasiado exhaustivos y  dejaremos, que los m\u00e1s interesados, se remitan a los textos originales, o, planteen preguntas concretas en sus intervenciones. Nos proponemos presentar una lecci\u00f3n quincenal. Contaremos con la orientaci\u00f3n de psicoanalistas pertenecientes a la  Asociaci\u00f3n Mundial de Psicoan\u00e1lisis.<\/p>\n<p>Nota: Las palabras en <strong>\u201cnegrita\u201d <\/strong>contienen un concepto, que ser\u00e1 acompa\u00f1ado, cuando lo consideremos necesario, con una nota explicativa a pie  de p\u00e1gina.<\/p>\n<p>                                            _______________________<\/p>\n<p> <strong>LAS HUELLAS DE MEMORIA<\/strong><\/p>\n<p>En la concepci\u00f3n freudiana de la memoria, la cuesti\u00f3n fundamental, es la idea de la falta,  de inadecuaci\u00f3n. Su tesis (bien entendible por cierto) es que con nuestro aparato perceptivo tenemos acceso solamente, a representaciones de las cosas, a im\u00e1genes mentales. A estas percepciones les damos una significaci\u00f3n. Son representaciones de lo visto, lo o\u00eddo, lo tocado, lo olido, lo gustado. Representaciones, que almacenamos en nuestro aparato de memoria. Son hechos s\u00ed, pero significados e interpretados por nosotros de una forma inexacta. Interpretados, como <strong>placentero<\/strong> (bueno para mi); <strong>no-placentero<\/strong> (malo para mi)<\/p>\n<p> \tVeamos el proceso: Las percepciones de cada beb\u00e9 son significadas, esto es, pasadas a <strong>significantes<\/strong>. En  ese pasaje van a ser catalogadas. El primer nombre  que se les va a poner ser\u00e1: <strong>placentero; no-placentero. <\/strong>Otros matices, adquirir\u00e1n significado  a posteriori. <\/p>\n<p>           El tono, los modales, los cuidados y descuidos; es decir, todo lo que proviene de los cuidadores (lo que vamos a llamar b]Otro materno-social[\/b]) van a formar el primer sistema de  huellas de memoria que va a quedar  ordenado  en dos polos opuestos: <strong>placentero-no placentero.<\/strong>  \t<\/p>\n<p>Como podemos deducir, lo placentero no coincide necesariamente con lo que es bueno para el <strong>sujeto<\/strong>.  Mamar a todas horas, o, estar en brazos todo el tiempo nos impedir\u00eda desarrollarnos. Para crecer hay que perder. Lo placentero, (lo que Freud llamaba <strong>el principio de placer<\/strong>) prolongado, nos lleva a un displacer.  Pasado un cierto punto, todo placer gira al sufrimiento,. Eso es lo que Freud llama <strong>pulsi\u00f3n de muerte<\/strong>, es decir lo que va m\u00e1s all\u00e1 del principio de placer. <\/p>\n<p>              Todo exceso es un  problema. Lo podemos percibir en  la vida diaria: disfrutar de algo, llevado al extremo, produce sufrimiento. Se trate de lo que se trate. Hoy vemos, que la tendencia al exceso preside nuestro modo de vida. El hedonismo, como ideal de felicidad, se convierte en tiran\u00eda, en culpa. Nos culpamos de ser incapaces de conseguir esa \u201c<em>felicidad\u201d<\/em> Que nos venden como posible<\/p>\n<p>            Bauman, pensador actual ingl\u00e9s, plantea, que cualquier adicci\u00f3n es autodestructiva, ya que destruye la posibilidad de que el sujeto se encuentre satisfecho alguna vez.<\/p>\n<p>            Tenemos aqu\u00ed, la primera distorsi\u00f3n  producida en nuestro aparato ps\u00edquico: lo placentero, en exceso, no coincide con lo bueno para el sujeto. Esta distorsi\u00f3n es el origen b\u00e1sico de nuestra divisi\u00f3n existencial. De lo que vamos a llamar: nuestra <strong>divisi\u00f3n subjetiva. <\/strong>La introducci\u00f3n de un imposible.<\/p>\n<p>           El planteamiento que se hace desde el psicoan\u00e1lisis es bien diferente del que nos presenta el neurocognitivismo. Este \u00faltimo,  asegura poder modificar las cogniciones (huellas) err\u00f3neas, para instalarnos cogniciones acertadas. Prometen lo imposible. <\/p>\n<p>           El discurso de la ciencia, con su promesa de eliminar el sufrimiento humano, proporcion\u00e1ndole objetos producidos por la t\u00e9cnica, introduce en el sujeto una compulsi\u00f3n a librarse de la divisi\u00f3n arriba descrita. Esto desemboca en el objeto farmacol\u00f3gico generalizado, que nos propone la neurociencia. El discurso de la ciencia nos conduce a otros problemas de los que seguiremos hablando. <\/p>\n<p>Hasta la dentro de quince d\u00edas<\/p>\n<p>(Se responder\u00e1 a preguntas y comentarios) <\/p>\n<p>Bibliograf\u00eda:<br \/>\n&#8211; \u201cProyecto de psicolog\u00eda para neur\u00f3logos\u201d  Sigmun Freud , Ed. Amorrortu Obras completas, tomo I, Argentina, 1982<\/p>\n","protected":false},"excerpt":{"rendered":"<p>El APARATO PS\u00cdQUICO I INTRODUCCI\u00d3N En este momento en que tanto se habla de la neurociencia, la neurociencia cognitivista, la cual trata de redefinir todo el pensamiento aportado por las Humanidades de todos los tiempos, puede resultar interesante volver a repasar las ense\u00f1anzas freudianas sobre el aparato ps\u00edquico. Queremos analizar, comparar, y dialogar para formarnos &hellip; <a href=\"https:\/\/blogs.noticiasdenavarra.com\/en-torno-al-psicoanalisis\/2008\/09\/06\/curso-de-psicoanlisis\/\" class=\"more-link\">Sigue leyendo <span class=\"screen-reader-text\">CURSO DE PSICOAN\u00c1LISIS<\/span><\/a><\/p>\n","protected":false},"author":20,"featured_media":0,"comment_status":"open","ping_status":"open","sticky":false,"template":"","format":"standard","meta":{"footnotes":""},"categories":[],"tags":[],"class_list":["post-6","post","type-post","status-publish","format-standard","hentry"],"_links":{"self":[{"href":"https:\/\/blogs.noticiasdenavarra.com\/en-torno-al-psicoanalisis\/wp-json\/wp\/v2\/posts\/6","targetHints":{"allow":["GET"]}}],"collection":[{"href":"https:\/\/blogs.noticiasdenavarra.com\/en-torno-al-psicoanalisis\/wp-json\/wp\/v2\/posts"}],"about":[{"href":"https:\/\/blogs.noticiasdenavarra.com\/en-torno-al-psicoanalisis\/wp-json\/wp\/v2\/types\/post"}],"author":[{"embeddable":true,"href":"https:\/\/blogs.noticiasdenavarra.com\/en-torno-al-psicoanalisis\/wp-json\/wp\/v2\/users\/20"}],"replies":[{"embeddable":true,"href":"https:\/\/blogs.noticiasdenavarra.com\/en-torno-al-psicoanalisis\/wp-json\/wp\/v2\/comments?post=6"}],"version-history":[{"count":0,"href":"https:\/\/blogs.noticiasdenavarra.com\/en-torno-al-psicoanalisis\/wp-json\/wp\/v2\/posts\/6\/revisions"}],"wp:attachment":[{"href":"https:\/\/blogs.noticiasdenavarra.com\/en-torno-al-psicoanalisis\/wp-json\/wp\/v2\/media?parent=6"}],"wp:term":[{"taxonomy":"category","embeddable":true,"href":"https:\/\/blogs.noticiasdenavarra.com\/en-torno-al-psicoanalisis\/wp-json\/wp\/v2\/categories?post=6"},{"taxonomy":"post_tag","embeddable":true,"href":"https:\/\/blogs.noticiasdenavarra.com\/en-torno-al-psicoanalisis\/wp-json\/wp\/v2\/tags?post=6"}],"curies":[{"name":"wp","href":"https:\/\/api.w.org\/{rel}","templated":true}]}}