{"id":54,"date":"2009-04-11T10:36:26","date_gmt":"2009-04-11T10:36:26","guid":{"rendered":""},"modified":"-0001-11-30T00:00:00","modified_gmt":"-0001-11-29T23:00:00","slug":"socializacin","status":"publish","type":"post","link":"https:\/\/blogs.noticiasdenavarra.com\/en-torno-al-psicoanalisis\/2009\/04\/11\/socializacin\/","title":{"rendered":"SOCIALIZACI\u00d3N"},"content":{"rendered":"<p>SOCIALIZACI\u00d3N*<\/p>\n<p>Las Jornadas de la ELP que se celebrar\u00e1n en Julio en Barcelona tienen como tema \u201cCl\u00ednica y pragm\u00e1tica de la desinserci\u00f3n en psicoan\u00e1lisis\u201d Vamos a ir present\u00e1ndoles extractos de algunos de los trabajos que se est\u00e1n realizando en torno a ello. Comenzamos con el de Cristina Califano.<\/p>\n<p>Su trabajo parte de la frase de Miller: \u201cdigo pragm\u00e1tica mejor que tratamiento o cura porque ah\u00ed estamos en el orden del saber-hacer, del arregl\u00e1rselas con\u201d<\/p>\n<p>Pensar la supervivencia del psicoan\u00e1lisis en el siglo XXI supone estar a la altura del momento ante los avatares del mundo contempor\u00e1neo, pero preservando siempre la \u00e9tica del psicoan\u00e1lisis.<\/p>\n<p>Despu\u00e9s de hacer un peque\u00f1o recorrido por Peirce y James se detine en Rorty para destacar c\u00f3mo seg\u00fan este autor los humanos nos movemos en un universo de lenguaje, en las pr\u00e1cticas sociales que lo generan y en su concepto de utilidad: una acci\u00f3n es \u00fatil si sirve para crear un futuro mejor.<\/p>\n<p>Nos se\u00f1ala, que en los tiempos actuales, el significante \u00abpragmatismo\u00bb ha sufrido una banalizaci\u00f3n y va quedando subsumido bajo el ideal de \u00abutilitarismo\u00bb, en el que se obvian los l\u00edmites \u00e9ticos en pos del beneficio personal.<\/p>\n<p>Siguiendo a F. Jullien distingue despu\u00e9s, entre eficacia y eficiencia. La eficacia est\u00e1 en la base del pensamiento occidental. La manera griega de concebir la eficacia est\u00e1 basada en la modelizaci\u00f3n. Plat\u00f3n concibe primero una forma ideal que aspira a lo mejor y luego la voluntad, que se involucra para obtener esta forma ideal en la realidad. Es decir, la intervenci\u00f3n conjunta de dos facultades: el entendimiento y la voluntad. La eficacia, funda las terapias cognitivistas.<\/p>\n<p>Frente a este modelo podemos colocar el de la eficiencia, que est\u00e1 en la base del pensamiento chino. El no-actuar, que no es inmovilidad, renuncia o pasividad, sino \u201cno hacer nada pero que nada deje de hacerse\u201d Dejar que llegue el efecto, no buscarlo sino implicarlo. Es decir, promover el efecto como consecuencia de una acci\u00f3n indirecta.<\/p>\n<p>La pragm\u00e1tica anal\u00edtica estar\u00eda del lado de la eficiencia, en el sentido de que produce efectos como consecuencia de una acci\u00f3n indirecta. Al orientarnos por una pragm\u00e1tica con un sesgo de eficiencia, podremos colocarnos como interlocutores de los discursos de la modernidad y desde nuestra orientaci\u00f3n, acompa\u00f1ar a los sujetos en la b\u00fasqueda de una soluci\u00f3n al malestar. Pero sin olvidar que el goce y la pulsi\u00f3n siempre se presentan en oposici\u00f3n a cualquier idealismo que suponga que el sujeto quiere su propio bien. El goce no se deja domesticar, pero en la transferencia puede alcanzar una forma civilizada.<\/p>\n<p>El nuestro ser\u00eda un pragmatismo paradojal que no busca la supresi\u00f3n del s\u00edntoma, sino el como arregl\u00e1rselas con el goce incluido en el s\u00edntoma al final del an\u00e1lisis, pues sabemos que aquello de lo que se sufre, es aquello de lo que se goza.<\/p>\n<p>Cristina Califano tambi\u00e9n dice, que J. A. Miller nos invita a hacer el estudio tem\u00e1tico de las situaciones subjetivas de exclusi\u00f3n social. Nos interesa pues hacer uso de los significantes que se usan socialmente y pensarlos desde el discurso anal\u00edtico. Precariedad, errancia y aislamiento social son los significantes que representan a los sujetos que est\u00e1n al l\u00edmite y que no entran en el discurso del amo qued\u00e1ndose fuera del circuito productivo.<\/p>\n<p>J. A. Miller define nuestra \u00e9poca como la \u00e9poca del Otro que no existe. No hay un Otro que sirva de punto de anclaje al sujeto. Un Otro cuya funci\u00f3n ser\u00eda regular y orientar al ser hablante en sus experiencias. El psicoan\u00e1lisis como pr\u00e1ctica, es del orden social, es un lazo al Otro. El deseo de inserci\u00f3n es fundamental en el ser hablante. Es necesaria una inserci\u00f3n para producir un sujeto viviente.<\/p>\n<p>En la actualidad los sujetos humanos viven en una gran desprotecci\u00f3n. Desprotecci\u00f3n producida por la precariedad de los lazos sociales. Hay sujetos en los cuales el deseo de des-inserci\u00f3n puede llegar al suicidio social y vital. Hay un amplio abanico de rupturas con el Otro: rechazo del saber, pasajes al acto, adicciones etc.<\/p>\n<p>El trabajo del psicoan\u00e1lisis ser\u00e1 acoger la precariedad simb\u00f3lica de estos sujetos. Tomar el s\u00edntoma que se han construido como un v\u00ednculo social, como una producci\u00f3n particular que les permite un lazo social, aunque sea precario. No como algo a eliminar de entrada. Es necesario primero acoger la dimensi\u00f3n del goce que el s\u00edntoma conlleva, para cifrarlo, para acotarlo bajo transferencia.<\/p>\n<p>M\u00e1s que una cl\u00ednica de la inserci\u00f3n ser\u00eda una cl\u00ednica de la separaci\u00f3n del goce en el que cada sujeto est\u00e1 inmerso. Es una cl\u00ednica de las suplencias que pueda acoger el modo con que cada sujeto acepta un cierto v\u00ednculo con el Otro.<\/p>\n<p>Cuando decimos \u201ccl\u00ednica y pragm\u00e1tica de la desinserci\u00f3n\u201d decimos dos cosas: entender cuales son los modos en que cada sujeto establece su lazo al Otro, y acompa\u00f1ar al sujeto a construirse procedimientos de remedio, invenciones para hacer con lo que hay de la mejor manera posible.<\/p>\n<p>* Cristina Califano es miembro de la ELP<\/p>\n","protected":false},"excerpt":{"rendered":"<p>SOCIALIZACI\u00d3N* Las Jornadas de la ELP que se celebrar\u00e1n en Julio en Barcelona tienen como tema \u201cCl\u00ednica y pragm\u00e1tica de la desinserci\u00f3n en psicoan\u00e1lisis\u201d Vamos a ir present\u00e1ndoles extractos de algunos de los trabajos que se est\u00e1n realizando en torno a ello. Comenzamos con el de Cristina Califano. Su trabajo parte de la frase de &hellip; <a href=\"https:\/\/blogs.noticiasdenavarra.com\/en-torno-al-psicoanalisis\/2009\/04\/11\/socializacin\/\" class=\"more-link\">Sigue leyendo <span class=\"screen-reader-text\">SOCIALIZACI\u00d3N<\/span><\/a><\/p>\n","protected":false},"author":20,"featured_media":0,"comment_status":"open","ping_status":"open","sticky":false,"template":"","format":"standard","meta":{"footnotes":""},"categories":[],"tags":[],"class_list":["post-54","post","type-post","status-publish","format-standard","hentry"],"_links":{"self":[{"href":"https:\/\/blogs.noticiasdenavarra.com\/en-torno-al-psicoanalisis\/wp-json\/wp\/v2\/posts\/54","targetHints":{"allow":["GET"]}}],"collection":[{"href":"https:\/\/blogs.noticiasdenavarra.com\/en-torno-al-psicoanalisis\/wp-json\/wp\/v2\/posts"}],"about":[{"href":"https:\/\/blogs.noticiasdenavarra.com\/en-torno-al-psicoanalisis\/wp-json\/wp\/v2\/types\/post"}],"author":[{"embeddable":true,"href":"https:\/\/blogs.noticiasdenavarra.com\/en-torno-al-psicoanalisis\/wp-json\/wp\/v2\/users\/20"}],"replies":[{"embeddable":true,"href":"https:\/\/blogs.noticiasdenavarra.com\/en-torno-al-psicoanalisis\/wp-json\/wp\/v2\/comments?post=54"}],"version-history":[{"count":0,"href":"https:\/\/blogs.noticiasdenavarra.com\/en-torno-al-psicoanalisis\/wp-json\/wp\/v2\/posts\/54\/revisions"}],"wp:attachment":[{"href":"https:\/\/blogs.noticiasdenavarra.com\/en-torno-al-psicoanalisis\/wp-json\/wp\/v2\/media?parent=54"}],"wp:term":[{"taxonomy":"category","embeddable":true,"href":"https:\/\/blogs.noticiasdenavarra.com\/en-torno-al-psicoanalisis\/wp-json\/wp\/v2\/categories?post=54"},{"taxonomy":"post_tag","embeddable":true,"href":"https:\/\/blogs.noticiasdenavarra.com\/en-torno-al-psicoanalisis\/wp-json\/wp\/v2\/tags?post=54"}],"curies":[{"name":"wp","href":"https:\/\/api.w.org\/{rel}","templated":true}]}}