{"id":3,"date":"2008-09-04T12:41:34","date_gmt":"2008-09-04T12:41:34","guid":{"rendered":""},"modified":"-0001-11-30T00:00:00","modified_gmt":"-0001-11-29T23:00:00","slug":"agradecimientos","status":"publish","type":"post","link":"https:\/\/blogs.noticiasdenavarra.com\/en-torno-al-psicoanalisis\/2008\/09\/04\/agradecimientos\/","title":{"rendered":"Agradecimientos"},"content":{"rendered":"<p>En primer lugar gracias a MARCOS por su bienvenida. Tambi\u00e9n quiero agradecer a TEMBLOR  su inter\u00e9s al plantear preguntas que pueden interesar, no solamente a el, ya que son cuestiones que se hacen con frecuencia aquellos que van a iniciar el trabajo de un psicoan\u00e1lisis.  <\/p>\n<p> \t Estamos en un momento en el que  o\u00edmos hablar del neurocognitivismo  como de un m\u00e9todo \u201ccient\u00edfico\u201d que va a permitir redefinir todo el bagaje cultural del pensamiento humano. Es necesario pues, retomar a Freud y volver a repasar las ense\u00f1anzas freudianas sobre el aparato ps\u00edquico. Para ello habr\u00e1 que pedir ayuda a psicoanalistas lectores de Freud  como Jacques Lacan y Allain Miller, y otros  Tambi\u00e9n a soci\u00f3logos, fil\u00f3sofos, periodistas etc., y a quien de Uds. desee participar aportando nuevos puntos de vista con sus preguntas y opiniones. Inquietan las posiciones totalitarias y en este caso la corriente que quiere hacer del neurocognitivismo la Terapia Oficial del Estado. Pero tambi\u00e9n  inquieta la extensi\u00f3n del simplismo con el cual se aborda algo tan complejo como es un sujeto humano. Espero no ser la \u00fanica entre los visitantes del Foro de Diario Noticias, y espero que Uds. me ayuden con su participaci\u00f3n. <\/p>\n<p> \tLas primeras preguntas recibidas por son quiz\u00e1 demasiadas para contestarlas de una vez.  Veamos un par de ellas \u201c\u00bfQu\u00e9 podemos esperar del psicoan\u00e1lisis para estar mejor?\u201d \u201c\u00bfEs verdad que dura tanto?\u201d <\/p>\n<p> \t Los significantes con los que fuimos nombrados quedaron grabados en nuestro cuerpo y nos producen efectos. Las m\u00e1s de las veces est\u00e1n impl\u00edcitos en nuestro hacer diario. Los escenificamos sin darnos cuenta. Otras veces los consideramos como nuestro car\u00e1cter, nuestro \u201cmodo se ser\u201d Pero siempre nos producen efectos, efectos de afecto, por Ej, el afecto de la angustia. <\/p>\n<p> \tPodemos esperar poner esos significantes en palabras, esclarecerlos, aislarlos, y con ello tomar una cierta distancia. Pongamos un ejemplo un poco facil\u00f3n pero que nos sirva para entendernos. Un chico presenta un gran sufrimiento, tiene ataques de ansiedad cuando los compa\u00f1eros se marchan y se queda solo\u2026..al ir describiendo su conducta se va perfilando c\u00f3mo \u00e9l siempre est\u00e1 haciendo bromas, que caen bien\u2026.pero con m\u00e1s tiempo se va perfilando tambi\u00e9n c\u00f3mo tiene una compulsi\u00f3n a ello, no puede parar de hacer bromas\u2026 y c\u00f3mo cuando le ofenden tambi\u00e9n utiliza la broma para responder\u2026..Vemos que el significante que lo identifica y al que llamaremos S1, es: \u201cSoy bromista\u201d \u2026.Podemos esperar de un an\u00e1lisis que deje de estar aplastado bajo ese significante y pueda llegar a nombrarse como \u201cSoy bromista, pero algunas veces no estoy para bromas\u201d\u2026. Algo de lo que  marc\u00f3 nuestro ser,  siempre  va a quedar. Pero no olvidemos  en el animal humano, el ser  es falta-en-ser. Eso permitir\u00e1 estar mejor sin duda alguna.<\/p>\n<p> \tLa duraci\u00f3n es imprevisible. Hoy en la Asociaci\u00f3n Mundial de Psicoan\u00e1lisis se habla de ciclos. Cuando alguien se encuentra bien y no quiere continuar podr\u00edamos decir que ha realizado un ciclo. Puede bastarle para toda la vida, o no.  No es lo mismo para alguien que trabaja de analista. En ese caso debe llevar su an\u00e1lisis hasta el final.<\/p>\n","protected":false},"excerpt":{"rendered":"<p>En primer lugar gracias a MARCOS por su bienvenida. Tambi\u00e9n quiero agradecer a TEMBLOR su inter\u00e9s al plantear preguntas que pueden interesar, no solamente a el, ya que son cuestiones que se hacen con frecuencia aquellos que van a iniciar el trabajo de un psicoan\u00e1lisis. Estamos en un momento en el que o\u00edmos hablar del &hellip; <a href=\"https:\/\/blogs.noticiasdenavarra.com\/en-torno-al-psicoanalisis\/2008\/09\/04\/agradecimientos\/\" class=\"more-link\">Sigue leyendo <span class=\"screen-reader-text\">Agradecimientos<\/span><\/a><\/p>\n","protected":false},"author":20,"featured_media":0,"comment_status":"open","ping_status":"open","sticky":false,"template":"","format":"standard","meta":{"footnotes":""},"categories":[],"tags":[],"class_list":["post-3","post","type-post","status-publish","format-standard","hentry"],"_links":{"self":[{"href":"https:\/\/blogs.noticiasdenavarra.com\/en-torno-al-psicoanalisis\/wp-json\/wp\/v2\/posts\/3","targetHints":{"allow":["GET"]}}],"collection":[{"href":"https:\/\/blogs.noticiasdenavarra.com\/en-torno-al-psicoanalisis\/wp-json\/wp\/v2\/posts"}],"about":[{"href":"https:\/\/blogs.noticiasdenavarra.com\/en-torno-al-psicoanalisis\/wp-json\/wp\/v2\/types\/post"}],"author":[{"embeddable":true,"href":"https:\/\/blogs.noticiasdenavarra.com\/en-torno-al-psicoanalisis\/wp-json\/wp\/v2\/users\/20"}],"replies":[{"embeddable":true,"href":"https:\/\/blogs.noticiasdenavarra.com\/en-torno-al-psicoanalisis\/wp-json\/wp\/v2\/comments?post=3"}],"version-history":[{"count":0,"href":"https:\/\/blogs.noticiasdenavarra.com\/en-torno-al-psicoanalisis\/wp-json\/wp\/v2\/posts\/3\/revisions"}],"wp:attachment":[{"href":"https:\/\/blogs.noticiasdenavarra.com\/en-torno-al-psicoanalisis\/wp-json\/wp\/v2\/media?parent=3"}],"wp:term":[{"taxonomy":"category","embeddable":true,"href":"https:\/\/blogs.noticiasdenavarra.com\/en-torno-al-psicoanalisis\/wp-json\/wp\/v2\/categories?post=3"},{"taxonomy":"post_tag","embeddable":true,"href":"https:\/\/blogs.noticiasdenavarra.com\/en-torno-al-psicoanalisis\/wp-json\/wp\/v2\/tags?post=3"}],"curies":[{"name":"wp","href":"https:\/\/api.w.org\/{rel}","templated":true}]}}