{"id":18,"date":"2008-10-01T22:31:02","date_gmt":"2008-10-01T22:31:02","guid":{"rendered":""},"modified":"-0001-11-30T00:00:00","modified_gmt":"-0001-11-29T23:00:00","slug":"el-nio-del-pijama-de-rayas-2","status":"publish","type":"post","link":"https:\/\/blogs.noticiasdenavarra.com\/en-torno-al-psicoanalisis\/2008\/10\/01\/el-nio-del-pijama-de-rayas-2\/","title":{"rendered":"EL NI\u00d1O DEL PIJAMA DE RAYAS 2"},"content":{"rendered":"<p>Extracto del art\u00edculo \u201cEl ni\u00f1o del pijama de rayas\u201d aparecido en el. \u201cDiario Palentino\u201d el 24-7-2008 de F. Martin Aduriz<\/p>\n<p>El libro de John Boyne cuenta mucho m\u00e1s de lo que dice\u2026La l\u00f3gica infantil nunca es la l\u00f3gica del adulto. Lleva por otros laberintos, procesa la informaci\u00f3n con otro v\u00e9rtigo, y cuesta a veces entrar en el diccionario particular de un ni\u00f1o, en especial si ha sufrido un trauma y por ello se parapeta detr\u00e1s de complejas barreras.<\/p>\n<p>Bruno, el ni\u00f1o protagonista habla como si fuera el representante de toda la humanidad desconcertada. Habla con la ingenuidad de quien no puede tan siquiera digerir que haya sujetos humanos capaces de lo peor, habla con la bondad natural de lo que Rousseau se empe\u00f1\u00f3 en demostrar que era el previo de cualquier ni\u00f1o. <\/p>\n<p>El momento culminante es el instante de encuentro de Bruno con su otro especular, el ni\u00f1o polaco Samuel, ambos nacidos el mismo d\u00eda para provocar en el lector la identidad en la diferencia. Son las representaciones de dos mundos conocidos; el de los amos y los esclavos <\/p>\n<p>En la historia de la humanidad ha sucedido tantas veces el horror, la aniquilaci\u00f3n del diferente, la lucha por puro prestigio de la que habla Hegel, como para pensar que existe ese empuje pulsional mort\u00edfero en la constituci\u00f3n del sujeto que habla.<\/p>\n<p>Hay que recordar siempre que ese goce del mal es tan potente como para que estemos suficientemente advertidos. No debemos olvidarlo. Hay que contar con \u00e9l y estar siempre prestos a no derrochar esfuerzos para ahogar ese impulso mort\u00edfero.<\/p>\n<p>Libros como este explican ese punto. Punto negado por los que piensan que los malos siempre son los otros y no se han percatado de que cualquier  ser humano puede ser un furias en sus peque\u00f1o \u00e1mbito de dominio. Libros como \u00e9ste explican que toda la humanidad muere cuando hay cr\u00edmenes de masas, los unos y los otros, amos y esclavos.<\/p>\n<p>F. Martin Aduriz es Miembro de la ELP<br \/>\n[b]<\/p>\n","protected":false},"excerpt":{"rendered":"<p>Extracto del art\u00edculo \u201cEl ni\u00f1o del pijama de rayas\u201d aparecido en el. \u201cDiario Palentino\u201d el 24-7-2008 de F. Martin Aduriz El libro de John Boyne cuenta mucho m\u00e1s de lo que dice\u2026La l\u00f3gica infantil nunca es la l\u00f3gica del adulto. Lleva por otros laberintos, procesa la informaci\u00f3n con otro v\u00e9rtigo, y cuesta a veces entrar &hellip; <a href=\"https:\/\/blogs.noticiasdenavarra.com\/en-torno-al-psicoanalisis\/2008\/10\/01\/el-nio-del-pijama-de-rayas-2\/\" class=\"more-link\">Sigue leyendo <span class=\"screen-reader-text\">EL NI\u00d1O DEL PIJAMA DE RAYAS 2<\/span><\/a><\/p>\n","protected":false},"author":20,"featured_media":0,"comment_status":"open","ping_status":"open","sticky":false,"template":"","format":"standard","meta":{"footnotes":""},"categories":[],"tags":[],"class_list":["post-18","post","type-post","status-publish","format-standard","hentry"],"_links":{"self":[{"href":"https:\/\/blogs.noticiasdenavarra.com\/en-torno-al-psicoanalisis\/wp-json\/wp\/v2\/posts\/18","targetHints":{"allow":["GET"]}}],"collection":[{"href":"https:\/\/blogs.noticiasdenavarra.com\/en-torno-al-psicoanalisis\/wp-json\/wp\/v2\/posts"}],"about":[{"href":"https:\/\/blogs.noticiasdenavarra.com\/en-torno-al-psicoanalisis\/wp-json\/wp\/v2\/types\/post"}],"author":[{"embeddable":true,"href":"https:\/\/blogs.noticiasdenavarra.com\/en-torno-al-psicoanalisis\/wp-json\/wp\/v2\/users\/20"}],"replies":[{"embeddable":true,"href":"https:\/\/blogs.noticiasdenavarra.com\/en-torno-al-psicoanalisis\/wp-json\/wp\/v2\/comments?post=18"}],"version-history":[{"count":0,"href":"https:\/\/blogs.noticiasdenavarra.com\/en-torno-al-psicoanalisis\/wp-json\/wp\/v2\/posts\/18\/revisions"}],"wp:attachment":[{"href":"https:\/\/blogs.noticiasdenavarra.com\/en-torno-al-psicoanalisis\/wp-json\/wp\/v2\/media?parent=18"}],"wp:term":[{"taxonomy":"category","embeddable":true,"href":"https:\/\/blogs.noticiasdenavarra.com\/en-torno-al-psicoanalisis\/wp-json\/wp\/v2\/categories?post=18"},{"taxonomy":"post_tag","embeddable":true,"href":"https:\/\/blogs.noticiasdenavarra.com\/en-torno-al-psicoanalisis\/wp-json\/wp\/v2\/tags?post=18"}],"curies":[{"name":"wp","href":"https:\/\/api.w.org\/{rel}","templated":true}]}}