{"id":68,"date":"2006-07-30T14:31:09","date_gmt":"2006-07-30T14:31:09","guid":{"rendered":""},"modified":"-0001-11-30T00:00:00","modified_gmt":"-0001-11-29T23:00:00","slug":"libre-como-el-mar","status":"publish","type":"post","link":"https:\/\/blogs.noticiasdenavarra.com\/emision-imposible\/2006\/07\/30\/libre-como-el-mar\/","title":{"rendered":"Libre como el mar"},"content":{"rendered":"<p><img class=\"alignleft\" src=http:\/\/servicios.lasprovincias.es\/valencia\/pg060704\/prensa\/fotos\/200607\/04\/9314364.jpg \/> PUESTOS a elegir entre <em>OT<\/em> y <em>El coro de la c\u00e1rcel<\/em> me quedo con este \u00faltimo. Y eso que hay varios peros que ponerle a este <em>reality<\/em>. Hacerles cantar la canci\u00f3n de <em>Libre<\/em> de Nino Bravo es una de las mayores maldades que se ha visto nunca en televisi\u00f3n. Ver al grupo de presos desga\u00f1itarse diciendo entre muros: <em>libre como el sol de la ma\u00f1ana<\/em>, eso no tiene nombre. Sin embargo, el programa es amable; no crea mayores expectativas y transcurre con la normalidad de las cosas habituales. En eso le gana por goleada a <em>OT<\/em>, donde los presentadores parecen obligados por contrato a que cada uno de sus momentos sea algo estelar y \u00fanico. Y ya me dir\u00e1n qu\u00e9 momentos estelares nos va a describir Jes\u00fas V\u00e1zquez si viene de exprimirle hasta la \u00faltima gota a <em>La isla de los famosos<\/em>. <strong>La vida, sin embargo, se parece m\u00e1s a los momentos recogidos por las c\u00e1maras en la c\u00e1rcel del Dueso<\/strong>, detr\u00e1s de cuyos muros uno puede ver el Cant\u00e1brico y llama la atenci\u00f3n lo perversa que tiene que ser la mente que les hace cantar: <em>libre como el mar<\/em>. Con todo, la labor social salta a la vista y se ve reforzada por la voz que relata los sucesos de la c\u00e1rcel. Nada m\u00e1s y nada menos que Jos\u00e9 Mediavilla: un profesional que ya ha hecho historia gracias a sus importantes trabajos como actor de doblaje, ya que adem\u00e1s de ser la voz habitual de Morgan Freeman, Michael Clarke Duncan y James Earl Jones, dobl\u00f3 a Ian McKellen en <em>El Se\u00f1or de los Anillos<\/em>. As\u00ed que, pase lo que pase dentro de los paredes de El Dueso, canten como canten los presos, venga el familiar que venga a verlos despu\u00e9s de haberlos dejado olvidados durante mil a\u00f1os, ah\u00ed est\u00e1 la voz de Gandalf para cont\u00e1rnoslo. Una vez sentida la impresi\u00f3n de vivir en la c\u00e1rcel uno entiende menos la man\u00eda de esos concursantes voluntarios a encerrarse como si todo en la vida fuera un juego.<\/p>\n","protected":false},"excerpt":{"rendered":"<p>PUESTOS a elegir entre OT y El coro de la c\u00e1rcel me quedo con este \u00faltimo. Y eso que hay varios peros que ponerle a este reality. Hacerles cantar la canci\u00f3n de Libre de Nino Bravo es una de las mayores maldades que se ha visto nunca en televisi\u00f3n. Ver al grupo de presos desga\u00f1itarse &hellip; <a href=\"https:\/\/blogs.noticiasdenavarra.com\/emision-imposible\/2006\/07\/30\/libre-como-el-mar\/\" class=\"more-link\">Sigue leyendo <span class=\"screen-reader-text\">Libre como el mar<\/span><\/a><\/p>\n","protected":false},"author":3,"featured_media":0,"comment_status":"open","ping_status":"open","sticky":false,"template":"","format":"standard","meta":{"footnotes":""},"categories":[],"tags":[],"class_list":["post-68","post","type-post","status-publish","format-standard","hentry"],"_links":{"self":[{"href":"https:\/\/blogs.noticiasdenavarra.com\/emision-imposible\/wp-json\/wp\/v2\/posts\/68","targetHints":{"allow":["GET"]}}],"collection":[{"href":"https:\/\/blogs.noticiasdenavarra.com\/emision-imposible\/wp-json\/wp\/v2\/posts"}],"about":[{"href":"https:\/\/blogs.noticiasdenavarra.com\/emision-imposible\/wp-json\/wp\/v2\/types\/post"}],"author":[{"embeddable":true,"href":"https:\/\/blogs.noticiasdenavarra.com\/emision-imposible\/wp-json\/wp\/v2\/users\/3"}],"replies":[{"embeddable":true,"href":"https:\/\/blogs.noticiasdenavarra.com\/emision-imposible\/wp-json\/wp\/v2\/comments?post=68"}],"version-history":[{"count":0,"href":"https:\/\/blogs.noticiasdenavarra.com\/emision-imposible\/wp-json\/wp\/v2\/posts\/68\/revisions"}],"wp:attachment":[{"href":"https:\/\/blogs.noticiasdenavarra.com\/emision-imposible\/wp-json\/wp\/v2\/media?parent=68"}],"wp:term":[{"taxonomy":"category","embeddable":true,"href":"https:\/\/blogs.noticiasdenavarra.com\/emision-imposible\/wp-json\/wp\/v2\/categories?post=68"},{"taxonomy":"post_tag","embeddable":true,"href":"https:\/\/blogs.noticiasdenavarra.com\/emision-imposible\/wp-json\/wp\/v2\/tags?post=68"}],"curies":[{"name":"wp","href":"https:\/\/api.w.org\/{rel}","templated":true}]}}