{"id":608,"date":"2012-02-28T11:00:42","date_gmt":"2012-02-28T10:00:42","guid":{"rendered":"http:\/\/blogs.noticiasdenavarra.com\/emision-imposible\/?p=608"},"modified":"2012-02-28T11:00:42","modified_gmt":"2012-02-28T10:00:42","slug":"mas-cine-y-menos-barrio","status":"publish","type":"post","link":"https:\/\/blogs.noticiasdenavarra.com\/emision-imposible\/2012\/02\/28\/mas-cine-y-menos-barrio\/","title":{"rendered":"M\u00e1s cine y menos barrio"},"content":{"rendered":"<p><a href=\"http:\/\/blogs.noticiasdenavarra.com\/emision-imposible\/files\/2012\/02\/cine-de-barrio.png\"><img loading=\"lazy\" decoding=\"async\" class=\"alignleft size-full wp-image-609\" src=\"http:\/\/blogs.noticiasdenavarra.com\/emision-imposible\/files\/2012\/02\/cine-de-barrio.png\" alt=\"\" width=\"139\" height=\"78\" \/><\/a>DENTRO de una semana podremos volver a encontrarnos con <em>Twin Peaks<\/em> una serie cuya emisi\u00f3n del primer cap\u00edtulo dej\u00f3 estupefactos a buena  parte de los espectadores. Despu\u00e9s de m\u00e1s de veinte a\u00f1os vuelve a la Fox  el caso el relato audiovisual de David Lynch sobre el asesinato de  Laura Palmer y la m\u00fasica hipn\u00f3tica Badalamendi. Pura nostalgia porque  seguramente los que la volvamos a ver no sintamos la misma emoci\u00f3n y a  los nuevos no les parecer\u00e1 el no va m\u00e1s despu\u00e9s de experiencias tan  fuertes como <em>Perdidos<\/em> por ejemplo y adem\u00e1s en plena moda de  vampiros, lic\u00e1ntropos u muertos vivientes, Los espectadores  evolucionamos sin darnos cuenta. Eso no quiere decir que todo lo que  suene a antiguo pierda valor. El lunes a las nueve de la noche con su  consecuente repetici\u00f3n el martes al mediod\u00eda pudimos ver en <em>Documentales culturales<\/em> un reportaje sobre el cine hecho durante la guerra civil. Nos trajo una  realidad oculta en las cinematecas y la mala memoria que caracteriza a  los responsables de estos archivos de la misma manera que desde TVE no  se alcanza a valorar, o sacar a la luz, el potencial del archivo que  poseen. El documental nos present\u00f3 varios t\u00edtulos que si hicieron  mientras el conflicto se extend\u00eda a cada rinc\u00f3n. Emocionante documento.  Comprobar la calidad y la entereza con la que fueron realizados mientras  a la sociedad le arrebataban la libertad fue una experiencia muy  fuerte. Despu\u00e9s de m\u00e1s de tres d\u00e9cadas con libertad absoluta para haber  puesto en valor, como se dice ahora, este material y haberlo expuesto en  televisi\u00f3n, resulta que seguimos con la f\u00f3rmula de <em>Cine de Barrio<\/em> revisando lo ya visto porque ha tenido varias reposiciones. No se trata  ahora de ignorar a Paco Mart\u00ednez Soria si no de apartarlo un poco para  hacer justicia con los que llevan 70 a\u00f1os marginados. \u00bfO esperan a que  no quede nadie vivo?.<\/p>\n","protected":false},"excerpt":{"rendered":"<p>DENTRO de una semana podremos volver a encontrarnos con Twin Peaks una serie cuya emisi\u00f3n del primer cap\u00edtulo dej\u00f3 estupefactos a buena parte de los espectadores. Despu\u00e9s de m\u00e1s de veinte a\u00f1os vuelve a la Fox el caso el relato audiovisual de David Lynch sobre el asesinato de Laura Palmer y la m\u00fasica hipn\u00f3tica Badalamendi. &hellip; <a href=\"https:\/\/blogs.noticiasdenavarra.com\/emision-imposible\/2012\/02\/28\/mas-cine-y-menos-barrio\/\" class=\"more-link\">Sigue leyendo <span class=\"screen-reader-text\">M\u00e1s cine y menos barrio<\/span><\/a><\/p>\n","protected":false},"author":3,"featured_media":0,"comment_status":"open","ping_status":"open","sticky":false,"template":"","format":"standard","meta":{"footnotes":""},"categories":[1],"tags":[],"class_list":["post-608","post","type-post","status-publish","format-standard","hentry","category-general"],"_links":{"self":[{"href":"https:\/\/blogs.noticiasdenavarra.com\/emision-imposible\/wp-json\/wp\/v2\/posts\/608","targetHints":{"allow":["GET"]}}],"collection":[{"href":"https:\/\/blogs.noticiasdenavarra.com\/emision-imposible\/wp-json\/wp\/v2\/posts"}],"about":[{"href":"https:\/\/blogs.noticiasdenavarra.com\/emision-imposible\/wp-json\/wp\/v2\/types\/post"}],"author":[{"embeddable":true,"href":"https:\/\/blogs.noticiasdenavarra.com\/emision-imposible\/wp-json\/wp\/v2\/users\/3"}],"replies":[{"embeddable":true,"href":"https:\/\/blogs.noticiasdenavarra.com\/emision-imposible\/wp-json\/wp\/v2\/comments?post=608"}],"version-history":[{"count":2,"href":"https:\/\/blogs.noticiasdenavarra.com\/emision-imposible\/wp-json\/wp\/v2\/posts\/608\/revisions"}],"predecessor-version":[{"id":611,"href":"https:\/\/blogs.noticiasdenavarra.com\/emision-imposible\/wp-json\/wp\/v2\/posts\/608\/revisions\/611"}],"wp:attachment":[{"href":"https:\/\/blogs.noticiasdenavarra.com\/emision-imposible\/wp-json\/wp\/v2\/media?parent=608"}],"wp:term":[{"taxonomy":"category","embeddable":true,"href":"https:\/\/blogs.noticiasdenavarra.com\/emision-imposible\/wp-json\/wp\/v2\/categories?post=608"},{"taxonomy":"post_tag","embeddable":true,"href":"https:\/\/blogs.noticiasdenavarra.com\/emision-imposible\/wp-json\/wp\/v2\/tags?post=608"}],"curies":[{"name":"wp","href":"https:\/\/api.w.org\/{rel}","templated":true}]}}